{"id":120294,"date":"2025-12-23T11:19:27","date_gmt":"2025-12-23T11:19:27","guid":{"rendered":"https:\/\/www.europesays.com\/no\/120294\/"},"modified":"2025-12-23T11:19:27","modified_gmt":"2025-12-23T11:19:27","slug":"vaer-meteorologisk-institutt-slik-blir-vaeret-pa-julaften-kaldt-og-fint-sarpsborg-arbeiderblad","status":"publish","type":"post","link":"https:\/\/www.europesays.com\/no\/120294\/","title":{"rendered":"V\u00e6r, Meteorologisk institutt | Slik blir v\u00e6ret p\u00e5 julaften: \u2013 Kaldt og fint &#8211; Sarpsborg Arbeiderblad"},"content":{"rendered":"<ol>\n<li><a href=\"https:\/\/news.google.com\/rss\/articles\/CBMif0FVX3lxTE5UVkJ3WFduMTVmZXBRaHNoNkMxWGpJcDJzS21SejlhUUJsSDQwbWZpdmlrZmxRb3lVTi1tT1NxOURfRG5Yc1VScFgxYjFwZmNKb29vMUxXZE1hNG5US1VmUTA1amZIUk9zdV9GRmg2a0NtWVE3bjVqc1lKb1NzTEE?oc=5\" target=\"_blank\" rel=\"nofollow noopener\">V\u00e6r, Meteorologisk institutt | Slik blir v\u00e6ret p\u00e5 julaften: \u2013 Kaldt og fint<\/a>&nbsp;&nbsp;Sarpsborg Arbeiderblad<\/li>\n<li><a href=\"https:\/\/news.google.com\/rss\/articles\/CBMilgFBVV95cUxQNnhvNmV4MWQ0LWVxa0RtTGpveURDaWtaazd4T1BJQkJhZ2FKdEVscElzVjRNS2oxWUZuXzVhT3FwYzRpVFNLLWFnTy1NSWItSVF1SXJrbnFlQl9DOGdzT3VCN3FoYWN3RVEwR1FIcU1GVTVhRms3U2hvcGtQWU53TU1raVN4RWpuS1k3dC14YWtqWWJoc3c?oc=5\" target=\"_blank\" rel=\"nofollow noopener\">Ingen hvit jul &#8211; men meteorologen har en annen gladnyhet<\/a>&nbsp;&nbsp;adressa.no<\/li>\n<li><a href=\"https:\/\/news.google.com\/rss\/articles\/CBMiqwFBVV95cUxOR1dWSHJUYS00dUlWX3AzU05HaHl5b2hfb0IzbmtlQU1FMG93RUY3dFczdXFpYVktMk1NVjFoNGF5eU55ZlV0aWNkakY0eEdsOFU0UkdOVUE4LUw4S0xDdXpUdEEtQWlRMXpIaXQzQWJVSlhGanpDV0JwallpODFfd1pXZHdoOElpZDJ5MUp6U0NiNGoyT3NROVNUc1EyRmNPQmdwYzk5bDBLNTQ?oc=5\" target=\"_blank\" rel=\"nofollow noopener\">Slik blir v\u00e6ret p\u00e5 julaften: Har sendt ut oransje farevarsel i nord<\/a>&nbsp;&nbsp;NRK<\/li>\n<li><a href=\"https:\/\/news.google.com\/rss\/articles\/CBMid0FVX3lxTE5IVVBCV2dXbmNlVU4tMUp6bDBUbjFyaThxVkFBMFhSMnQtTEVIX0U5T05rN3ZqOXNKeUM4X1M1T3ByRzBfWkpUeVZ2ZEZ6OXoyS0IzNzFYbzl5TFZYdkZIblg2M1Q2YU5NeFk3UXpDeThPZlByeFk4?oc=5\" target=\"_blank\" rel=\"nofollow noopener\">Julev\u00e6ret: Regn i nord \u2013 sol i s\u00f8r<\/a>&nbsp;&nbsp;VG<\/li>\n<li><a href=\"https:\/\/news.google.com\/rss\/articles\/CBMilAFBVV95cUxNbDhzbHVWcW1qZlNwN3VzSXc1RHg0RGN2VGhVdTkxOFZxbU5fMTEzVTgxaDFQNVkwUFRCenFmc1Njc0ZiWjFaWlBHQTRWUnROcHRqMUd0dDhVSDJPcTU4S1VuTHRSTFZuSHloUzBiNnZsenBnYUpHQTBhMkJvOWliaFJoa1oxN2lwd2FXVG9GamNranlL?oc=5\" target=\"_blank\" rel=\"nofollow noopener\">Blir det hvit julaften? Dette sier meteorologen<\/a>&nbsp;&nbsp;agderposten.no<\/li>\n<\/ol>\n","protected":false},"excerpt":{"rendered":"V\u00e6r, Meteorologisk institutt | Slik blir v\u00e6ret p\u00e5 julaften: \u2013 Kaldt og fint&nbsp;&nbsp;Sarpsborg Arbeiderblad Ingen hvit jul &#8211;&hellip;\n","protected":false},"author":2,"featured_media":120295,"comment_status":"","ping_status":"","sticky":false,"template":"","format":"standard","meta":{"footnotes":""},"categories":[10],"tags":[20,21,24,25,15,22,23,13,30,28,29,14,16,26,27],"class_list":{"0":"post-120294","1":"post","2":"type-post","3":"status-publish","4":"format-standard","5":"has-post-thumbnail","7":"category-norge","8":"tag-breaking-news","9":"tag-breakingnews","10":"tag-featured-news","11":"tag-featurednews","12":"tag-headlines","13":"tag-latest-news","14":"tag-latestnews","15":"tag-news","16":"tag-no","17":"tag-norge","18":"tag-norway","19":"tag-nyheter","20":"tag-overskrifter","21":"tag-top-stories","22":"tag-topstories"},"share_on_mastodon":{"url":"https:\/\/pubeurope.com\/@no\/115768614162395993","error":""},"_links":{"self":[{"href":"https:\/\/www.europesays.com\/no\/wp-json\/wp\/v2\/posts\/120294","targetHints":{"allow":["GET"]}}],"collection":[{"href":"https:\/\/www.europesays.com\/no\/wp-json\/wp\/v2\/posts"}],"about":[{"href":"https:\/\/www.europesays.com\/no\/wp-json\/wp\/v2\/types\/post"}],"author":[{"embeddable":true,"href":"https:\/\/www.europesays.com\/no\/wp-json\/wp\/v2\/users\/2"}],"replies":[{"embeddable":true,"href":"https:\/\/www.europesays.com\/no\/wp-json\/wp\/v2\/comments?post=120294"}],"version-history":[{"count":0,"href":"https:\/\/www.europesays.com\/no\/wp-json\/wp\/v2\/posts\/120294\/revisions"}],"wp:featuredmedia":[{"embeddable":true,"href":"https:\/\/www.europesays.com\/no\/wp-json\/wp\/v2\/media\/120295"}],"wp:attachment":[{"href":"https:\/\/www.europesays.com\/no\/wp-json\/wp\/v2\/media?parent=120294"}],"wp:term":[{"taxonomy":"category","embeddable":true,"href":"https:\/\/www.europesays.com\/no\/wp-json\/wp\/v2\/categories?post=120294"},{"taxonomy":"post_tag","embeddable":true,"href":"https:\/\/www.europesays.com\/no\/wp-json\/wp\/v2\/tags?post=120294"}],"curies":[{"name":"wp","href":"https:\/\/api.w.org\/{rel}","templated":true}]}}