{"id":120297,"date":"2025-12-23T11:27:25","date_gmt":"2025-12-23T11:27:25","guid":{"rendered":"https:\/\/www.europesays.com\/no\/120297\/"},"modified":"2025-12-23T11:27:25","modified_gmt":"2025-12-23T11:27:25","slug":"nedgang-pa-oslo-bors-equinor-faller-videre-dagens-naeringsliv","status":"publish","type":"post","link":"https:\/\/www.europesays.com\/no\/120297\/","title":{"rendered":"Nedgang p\u00e5 Oslo B\u00f8rs \u2013 Equinor faller videre &#8211; Dagens N\u00e6ringsliv"},"content":{"rendered":"<ol>\n<li><a href=\"https:\/\/news.google.com\/rss\/articles\/CBMikAFBVV95cUxPdE9MUGxrOHpMakJRcU0yYjNMTG5TaXhIR3BLM0t1ZzNVYmd4Qm1qMExEaXZTTEhPLXZtaXdEVHlDejd3d2YyTGl1aDVrRGkxWFF5c1E2TzE5cmVRZlZxZVR1OHR3dEpOWGh1SlA1U05JT3RXZHhDQVlCVEtveUhYcmwyY2YwRUE3YXkzczZCMXU?oc=5\" target=\"_blank\" rel=\"nofollow noopener\">Nedgang p\u00e5 Oslo B\u00f8rs \u2013 Equinor faller videre<\/a>&nbsp;&nbsp;Dagens N\u00e6ringsliv<\/li>\n<li><a href=\"https:\/\/news.google.com\/rss\/articles\/CBMijgFBVV95cUxOTUtreTRJTEp3T3Utd0t1V1FDamhVZERrMFhydnZ0SXU0LVc5ZU5NRTNyVGlkUXBRSEY1aTFVbURPb0RqOVNlM0M3bU5raHVCcXZDSVNQRUlrdFlEMDFBY2ZIS3kxVHZuRWszckpUcndleS1Pd0FubGtHUmlMdnFBZDRYUkFteEI5ODVYMUFn?oc=5\" target=\"_blank\" rel=\"nofollow noopener\">Oljeprisen og aksjemarkedene n\u00e5<\/a>&nbsp;&nbsp;Finansavisen<\/li>\n<li><a href=\"https:\/\/news.google.com\/rss\/articles\/CBMijAFBVV95cUxNOVh5SjhaOWRlVHB0R3hLc09aX21FRVVlVlRDTjllZDl1OE1oaFAySDBLcGxZeFlrN05WZzNBNXY1QkFzcVJteGdtU0cwZWN0b1ZCdXJkVVRldklNMXBlUzh1TTZ6SzBtUUdIM3ZzSTFCSXlycDFXeWMtRjFXTVdBUExLRUZnQUI2dkxZdQ?oc=5\" target=\"_blank\" rel=\"nofollow noopener\">Oslo B\u00f8rs tynges av tiltagende oljeprisfall<\/a>&nbsp;&nbsp;E24<\/li>\n<li><a href=\"https:\/\/news.google.com\/rss\/articles\/CBMikwFBVV95cUxPS1lVTTVxMks4ZFlRZGc0dUpDOER3R0pXbFNSYVhuQUxTRm0tQ3Njc0dzYTVGOUxZWTVfSWx0RWZDNEpTZHlqN2ItLVVEZnp0aHRNVkZQcW5nanJ6VHRyOUNNZ3R6amtRRXpEZHhuc2pGdTBhOGFBYU5QazRKei1IMkp5N2VjaGlhVzJ6YWtNLUZOR1E?oc=5\" target=\"_blank\" rel=\"nofollow noopener\">WTI-oljen holder seg over 57 dollar p\u00e5 grunn av geopolitisk st\u00f8tte<\/a>&nbsp;&nbsp;Traders Union<\/li>\n<li><a href=\"https:\/\/news.google.com\/rss\/articles\/CBMihAFBVV95cUxOeUFyaThsT2hOLU5DSFpScWNOVnJ3WkVDZGpSRnM4NkcwbGgzNFBPT1JzLXVoLUZaT2l3N0pDbFNmakRobVo1RWlHSmxBeEJVelNwUkNjWE4wUlozNDdnZ0JyOE9sbjVfZWdvUFVZUGlMZHRBcnYzRmRCT2N1ajl2UmM3WWw?oc=5\" target=\"_blank\" rel=\"nofollow noopener\">Geopolitisk uro driver oljeprisen oppover!<\/a>&nbsp;&nbsp;Investornytt<\/li>\n<\/ol>\n","protected":false},"excerpt":{"rendered":"Nedgang p\u00e5 Oslo B\u00f8rs \u2013 Equinor faller videre&nbsp;&nbsp;Dagens N\u00e6ringsliv Oljeprisen og aksjemarkedene n\u00e5&nbsp;&nbsp;Finansavisen Oslo B\u00f8rs tynges av tiltagende&hellip;\n","protected":false},"author":2,"featured_media":120298,"comment_status":"","ping_status":"","sticky":false,"template":"","format":"standard","meta":{"footnotes":""},"categories":[56],"tags":[60,61,62,30,28,29],"class_list":{"0":"post-120297","1":"post","2":"type-post","3":"status-publish","4":"format-standard","5":"has-post-thumbnail","7":"category-naeringsliv","8":"tag-business","9":"tag-economy","10":"tag-naeringsliv","11":"tag-no","12":"tag-norge","13":"tag-norway"},"share_on_mastodon":{"url":"https:\/\/pubeurope.com\/@no\/115768645746037424","error":""},"_links":{"self":[{"href":"https:\/\/www.europesays.com\/no\/wp-json\/wp\/v2\/posts\/120297","targetHints":{"allow":["GET"]}}],"collection":[{"href":"https:\/\/www.europesays.com\/no\/wp-json\/wp\/v2\/posts"}],"about":[{"href":"https:\/\/www.europesays.com\/no\/wp-json\/wp\/v2\/types\/post"}],"author":[{"embeddable":true,"href":"https:\/\/www.europesays.com\/no\/wp-json\/wp\/v2\/users\/2"}],"replies":[{"embeddable":true,"href":"https:\/\/www.europesays.com\/no\/wp-json\/wp\/v2\/comments?post=120297"}],"version-history":[{"count":0,"href":"https:\/\/www.europesays.com\/no\/wp-json\/wp\/v2\/posts\/120297\/revisions"}],"wp:featuredmedia":[{"embeddable":true,"href":"https:\/\/www.europesays.com\/no\/wp-json\/wp\/v2\/media\/120298"}],"wp:attachment":[{"href":"https:\/\/www.europesays.com\/no\/wp-json\/wp\/v2\/media?parent=120297"}],"wp:term":[{"taxonomy":"category","embeddable":true,"href":"https:\/\/www.europesays.com\/no\/wp-json\/wp\/v2\/categories?post=120297"},{"taxonomy":"post_tag","embeddable":true,"href":"https:\/\/www.europesays.com\/no\/wp-json\/wp\/v2\/tags?post=120297"}],"curies":[{"name":"wp","href":"https:\/\/api.w.org\/{rel}","templated":true}]}}