{"id":120299,"date":"2025-12-23T11:28:19","date_gmt":"2025-12-23T11:28:19","guid":{"rendered":"https:\/\/www.europesays.com\/no\/120299\/"},"modified":"2025-12-23T11:28:19","modified_gmt":"2025-12-23T11:28:19","slug":"dodsulykke-trafikk-mann-i-70-arene-dode-etter-trafikkulykke-i-eidsvoll","status":"publish","type":"post","link":"https:\/\/www.europesays.com\/no\/120299\/","title":{"rendered":"D\u00f8dsulykke, Trafikk | Mann i 70-\u00e5rene d\u00f8de etter trafikkulykke i Eidsvoll"},"content":{"rendered":"\n<p>To biler med til sammen to personer var involvert i ulykken. F\u00f8reren av den andre bilen har det bra etter forholdene, opplyser operasjonsleder \u00d8rjan Hustad i \u00d8st politidistrikt.<\/p>\n<p>Mannen i 70-\u00e5rene d\u00f8de av skadene p\u00e5 sykehus. De p\u00e5r\u00f8rende er varslet.<\/p>\n<p>\u2013 Det er gjennomf\u00f8rt en \u00e5stedsunders\u00f8kelse p\u00e5 stedet, og vi har innhentet forklaring fra et vitne til ulykken. Det er rapportert om at det var glatt p\u00e5 stedet, skriver operasjonsleder Henrik Larsen.<\/p>\n<p>Begge bilene m\u00e5tte berges. Veien er n\u00e5 ryddet, og n\u00f8detatene er ferdige p\u00e5 stedet, opplyser Hustad klokka 11.28.<\/p>\n<p>Politiet meldte om ulykken klokka 10.18.<\/p>\n","protected":false},"excerpt":{"rendered":"To biler med til sammen to personer var involvert i ulykken. F\u00f8reren av den andre bilen har det&hellip;\n","protected":false},"author":2,"featured_media":3844,"comment_status":"","ping_status":"","sticky":false,"template":"","format":"standard","meta":{"footnotes":""},"categories":[12],"tags":[20,21,24,25,15,22,23,13,30,28,29,14,16,26,27,42,43,44,45],"class_list":{"0":"post-120299","1":"post","2":"type-post","3":"status-publish","4":"format-standard","5":"has-post-thumbnail","7":"category-verden","8":"tag-breaking-news","9":"tag-breakingnews","10":"tag-featured-news","11":"tag-featurednews","12":"tag-headlines","13":"tag-latest-news","14":"tag-latestnews","15":"tag-news","16":"tag-no","17":"tag-norge","18":"tag-norway","19":"tag-nyheter","20":"tag-overskrifter","21":"tag-top-stories","22":"tag-topstories","23":"tag-verden","24":"tag-world","25":"tag-world-news","26":"tag-worldnews"},"share_on_mastodon":{"url":"https:\/\/pubeurope.com\/@no\/115768649601548901","error":""},"_links":{"self":[{"href":"https:\/\/www.europesays.com\/no\/wp-json\/wp\/v2\/posts\/120299","targetHints":{"allow":["GET"]}}],"collection":[{"href":"https:\/\/www.europesays.com\/no\/wp-json\/wp\/v2\/posts"}],"about":[{"href":"https:\/\/www.europesays.com\/no\/wp-json\/wp\/v2\/types\/post"}],"author":[{"embeddable":true,"href":"https:\/\/www.europesays.com\/no\/wp-json\/wp\/v2\/users\/2"}],"replies":[{"embeddable":true,"href":"https:\/\/www.europesays.com\/no\/wp-json\/wp\/v2\/comments?post=120299"}],"version-history":[{"count":0,"href":"https:\/\/www.europesays.com\/no\/wp-json\/wp\/v2\/posts\/120299\/revisions"}],"wp:featuredmedia":[{"embeddable":true,"href":"https:\/\/www.europesays.com\/no\/wp-json\/wp\/v2\/media\/3844"}],"wp:attachment":[{"href":"https:\/\/www.europesays.com\/no\/wp-json\/wp\/v2\/media?parent=120299"}],"wp:term":[{"taxonomy":"category","embeddable":true,"href":"https:\/\/www.europesays.com\/no\/wp-json\/wp\/v2\/categories?post=120299"},{"taxonomy":"post_tag","embeddable":true,"href":"https:\/\/www.europesays.com\/no\/wp-json\/wp\/v2\/tags?post=120299"}],"curies":[{"name":"wp","href":"https:\/\/api.w.org\/{rel}","templated":true}]}}