{"id":120304,"date":"2025-12-23T11:38:55","date_gmt":"2025-12-23T11:38:55","guid":{"rendered":"https:\/\/www.europesays.com\/no\/120304\/"},"modified":"2025-12-23T11:38:55","modified_gmt":"2025-12-23T11:38:55","slug":"tek-aksjene-leder-an-opptur-pa-new-york-borsene-dagens-naeringsliv","status":"publish","type":"post","link":"https:\/\/www.europesays.com\/no\/120304\/","title":{"rendered":"Tek-aksjene leder an opptur p\u00e5 New York-b\u00f8rsene &#8211; Dagens N\u00e6ringsliv"},"content":{"rendered":"<ol>\n<li><a href=\"https:\/\/news.google.com\/rss\/articles\/CBMiigFBVV95cUxPaXlfZzBDOGdvYVBBdGY0cEpHd2dWajNMYVp2bklRR0VmSGhMRmo3a0hrYzcxR0YtMGN1aWRqQ25XbzB4aXFLbGlYcHg4bHMtd2tFTjJ4ajRYYWZsOUZ4dlZGOGhwZjZDX05RQWxmME90TExobVJzTTBqMFFYc0RmMWkxMGdnVXh0ZVE?oc=5\" target=\"_blank\" rel=\"nofollow noopener\">Tek-aksjene leder an opptur p\u00e5 New York-b\u00f8rsene<\/a>&nbsp;&nbsp;Dagens N\u00e6ringsliv<\/li>\n<li><a href=\"https:\/\/news.google.com\/rss\/articles\/CBMimAFBVV95cUxOOVItbWdpQkk4czFoSUJ6clpQdUlVMjZEV0NQQkpKX3ZXdjhhT2JTdUgzSERsdmxHdktQQjJWbzVhcmZqMTdxMC1GTnduVjl1aGc2WUR6V29nM21CQ2pqb2dhNkJNaGZmdXFPZElEa1dwT0RyWGh0LUZNTXdwVkliblpwbUY1RXZ1di1acFA1SzAxdjFqbHdWcA?oc=5\" target=\"_blank\" rel=\"nofollow noopener\">Oppgang p\u00e5 Wall Street: Tech drar lasset<\/a>&nbsp;&nbsp;Finansavisen<\/li>\n<li><a href=\"https:\/\/news.google.com\/rss\/articles\/CBMilwFBVV95cUxPVV8zcmFVdzBhenc3d1pOU2x0RzhyZTh2VzNyNFpOaTU1c2IxRjVSR19uMmxza3dtamY4RmZUbXNWaW4yejg0NEo1TUFJcHZmTFdKSFJ0T01Ic1lsQWplNG5DMzBCQ2ZXbzlCWW9jcEFWQ1hTUEgwZTJSMkpCdkRlRzFCdG9iaDFneDZIbGlROFF0dE9HVnFF?oc=5\" target=\"_blank\" rel=\"nofollow noopener\">\u00abM\u00e5nedens viktigste tall\u00bb: Arbeidsledigheten har \u00f8kt i USA<\/a>&nbsp;&nbsp;Nettavisen<\/li>\n<li><a href=\"https:\/\/news.google.com\/rss\/articles\/CBMipgFBVV95cUxNQ04tbnlibHNzTlpQSXFqOGFzcmtIRTNpcTB3a0FmQWhtUXVpUDV0YzRJNjJ2Qll6OGRyRnlJRmRHMVk4TzBOdDBOTGFueWh6cTF1ZDVKdTRUcDFTbnF4ZTFhY1hOc1BnenJOS1dTV0lqTDdhU3FabE4tOE9kUFFPM3Vqb1lvV0xSaWRCMDRHR1FkV0EtMmlzcTVKbkhGX1Y5OWlhdklR?oc=5\" target=\"_blank\" rel=\"nofollow noopener\">Splittet Fed f\u00e5r nye tall: \u2013 H\u00f8yere usikkerhet enn vanlig<\/a>&nbsp;&nbsp;E24<\/li>\n<li><a href=\"https:\/\/news.google.com\/rss\/articles\/CBMikgFBVV95cUxPM2NzTzZEOXNIMEJpTEY5Q21nWng5ZEdLbGQ5OUNoMUFoc05sOGs3X2U4OWtQbG96RGNtWHJXVWlTMUdWWklFVEJGTUZSdW9wYTVNWDFmNUN5bnh4N0xjUEtXaFR0djl5NW5oMmg5b2xSajU1M1pTekRRTW85N25CQjl2UmVpSDRZUG5Nb0pxSGNSZw?oc=5\" target=\"_blank\" rel=\"nofollow noopener\">Nerv\u00f8st i forkant av forsinket tallslipp<\/a>&nbsp;&nbsp;DNB<\/li>\n<\/ol>\n","protected":false},"excerpt":{"rendered":"Tek-aksjene leder an opptur p\u00e5 New York-b\u00f8rsene&nbsp;&nbsp;Dagens N\u00e6ringsliv Oppgang p\u00e5 Wall Street: Tech drar lasset&nbsp;&nbsp;Finansavisen \u00abM\u00e5nedens viktigste tall\u00bb:&hellip;\n","protected":false},"author":2,"featured_media":120305,"comment_status":"","ping_status":"","sticky":false,"template":"","format":"standard","meta":{"footnotes":""},"categories":[56],"tags":[60,61,62,30,28,29],"class_list":{"0":"post-120304","1":"post","2":"type-post","3":"status-publish","4":"format-standard","5":"has-post-thumbnail","7":"category-naeringsliv","8":"tag-business","9":"tag-economy","10":"tag-naeringsliv","11":"tag-no","12":"tag-norge","13":"tag-norway"},"share_on_mastodon":{"url":"https:\/\/pubeurope.com\/@no\/115768692820184188","error":""},"_links":{"self":[{"href":"https:\/\/www.europesays.com\/no\/wp-json\/wp\/v2\/posts\/120304","targetHints":{"allow":["GET"]}}],"collection":[{"href":"https:\/\/www.europesays.com\/no\/wp-json\/wp\/v2\/posts"}],"about":[{"href":"https:\/\/www.europesays.com\/no\/wp-json\/wp\/v2\/types\/post"}],"author":[{"embeddable":true,"href":"https:\/\/www.europesays.com\/no\/wp-json\/wp\/v2\/users\/2"}],"replies":[{"embeddable":true,"href":"https:\/\/www.europesays.com\/no\/wp-json\/wp\/v2\/comments?post=120304"}],"version-history":[{"count":0,"href":"https:\/\/www.europesays.com\/no\/wp-json\/wp\/v2\/posts\/120304\/revisions"}],"wp:featuredmedia":[{"embeddable":true,"href":"https:\/\/www.europesays.com\/no\/wp-json\/wp\/v2\/media\/120305"}],"wp:attachment":[{"href":"https:\/\/www.europesays.com\/no\/wp-json\/wp\/v2\/media?parent=120304"}],"wp:term":[{"taxonomy":"category","embeddable":true,"href":"https:\/\/www.europesays.com\/no\/wp-json\/wp\/v2\/categories?post=120304"},{"taxonomy":"post_tag","embeddable":true,"href":"https:\/\/www.europesays.com\/no\/wp-json\/wp\/v2\/tags?post=120304"}],"curies":[{"name":"wp","href":"https:\/\/api.w.org\/{rel}","templated":true}]}}