{"id":120306,"date":"2025-12-23T11:40:08","date_gmt":"2025-12-23T11:40:08","guid":{"rendered":"https:\/\/www.europesays.com\/no\/120306\/"},"modified":"2025-12-23T11:40:08","modified_gmt":"2025-12-23T11:40:08","slug":"har-sendt-ut-oransje-farevarsel-i-nord-nrk-nordland","status":"publish","type":"post","link":"https:\/\/www.europesays.com\/no\/120306\/","title":{"rendered":"Har sendt ut oransje farevarsel i nord \u2013 NRK Nordland"},"content":{"rendered":"<p>Meteorologisk institutt har sendt ut oransje farevarsel for store nedb\u00f8rsmengder.<\/p>\n<p><strong>\u2013 Dette er en hendelse som vi forventer hver 10. til 20. \u00e5r i snitt. S\u00e5 det er ganske alvorlig, sier vakthavende meteorolog Eirin Ristesund.<\/strong><\/p>\n<p>Det er s\u00e6rlig omr\u00e5det mellom Bod\u00f8 og Narvik, nord i Nordland, som ser ut til \u00e5 f\u00e5 de heftigste nedb\u00f8rsmengdene p\u00e5 julaften.<\/p>\n<p>\u2013 Det meste regnet venter vi i mindre og indre str\u00f8k av Salten og Ofoten i Nordland. Der blir det ganske intenst over 12 timer,<\/p>\n<p><strong>Fra onsdag kveld kommer det mye regn i nord:<\/strong><\/p>\n<ul>\n<li><strong>Oransje farevarsel<\/strong> om sv\u00e6rt mye regn for deler av Nordland med lokalt 60\u201370 mm over 12 timer og totalt opptil 90 mm over 24 timer.<\/li>\n<li><strong>Gult, mulig oransje<\/strong>, farevarsel for deler av Nordland, Troms og Vest-Finnmark med lokalt 40\u201370 mm over 24 timer.<\/li>\n<\/ul>\n<p><img decoding=\"async\"   src=\"data:image\/gif;base64,R0lGODlhAQABAIAAAAAAAP\/\/\/yH5BAEAAAAALAAAAAABAAEAAAIBRAA7\" loading=\"eager\" alt=\"Et kart som viser gult farevarsel for regn i nordlige deler av nordland og s\u00f8rlige deler av troms. i indre salten er varslet for regn oransje. \" title=\"Foto: Meteorologisk institutt\"\/><\/p>\n<p>Foto: Meteorologisk institutt<\/p>\n<p>\u2013 70 millimeter tilsvarer 7 liter vann per kvadratmeter. Har du en tomt p\u00e5 ett m\u00e5l, s\u00e5 blir det 700 melkekartonger vann p\u00e5 tomten din i l\u00f8pet av et halvt d\u00f8gn. Det er noen badekar med vann p\u00e5 hver tomt.<\/p>\n<p>Bakken er stedvis dekket av sn\u00f8 og is, i tillegg til at sn\u00f8grensen er h\u00f8y.<\/p>\n<p>\u2013 Det betyr at sn\u00f8en som ligger i fast form i h\u00f8yden vil smelte og bidra til vannf\u00f8ringen.<\/p>\n<p>P\u00e5 toppen av det hele har det v\u00e6rt v\u00e5tt over tid.<strong> <\/strong><\/p>\n<p><strong>Det gj\u00f8r at bakken allerede er mettet med vann og har d\u00e5rlig oppsugingsevne \u2013 og det er f\u00f8r nedb\u00f8ren skal komme.<\/strong><\/p>\n<p>Vannmassene vil trolig f\u00f8re med seg en rekke problemer, sier meteorologen.<\/p>\n<p>\u2013 V\u00e6r klar over at vannet kommer til \u00e5 hope seg opp, sier Ristesund og ramser opp:<\/p>\n<ul>\n<li>Det kan bli overvann i tettbygde str\u00f8k<\/li>\n<li>vann kan trenge seg inn i hus<\/li>\n<li>det kan bli problemer p\u00e5 veiene<\/li>\n<li>bekker og elver kan finne nye l\u00f8p<\/li>\n<\/ul>\n<p>\u2013 Og finner ikke vannet en vei \u00e5 renne av, s\u00e5 f\u00e5r man virkelig et problem.<\/p>\n<p><strong>\u2013 Jeg vil anbefale \u00e5 sjekke rundt huset, for \u00e5 sikre at eventuelle avl\u00f8p er \u00e5pne og ikke dekket av is.<\/strong><\/p>\n<p>\nDin nettleser st\u00f8tter ikke innbygging av eksternt innhold\n<\/p>\n<p>Stor skred- og flomfare<\/p>\n<p>De kraftige nedb\u00f8rsmengdene har ogs\u00e5 f\u00f8rt til at NVE har sendt ut flere farevarsler i Nord-Norge.<\/p>\n<p><img decoding=\"async\"   src=\"data:image\/gif;base64,R0lGODlhAQABAIAAAAAAAP\/\/\/yH5BAEAAAAALAAAAAABAAEAAAIBRAA7\" loading=\"eager\" alt=\"Skjermbilde av kart som er skravert gult, Nordland \" title=\"Foto: NVE\/skjermdump\"\/><\/p>\n<p class=\"\">NVE har sendt ut farevarsel for en rekke skred, samt farevarsel for flom enkelte steder.<\/p>\n<p>Foto: NVE\/skjermdump<\/p>\n<p>Varslene gjelder for julaften og 1. juledag.<\/p>\n<p>\u2013 Vi ber innbyggere og de beredskapsansvarlige i kommunen v\u00e6re forberedt p\u00e5 det v\u00e6ret og de naturfarene som ventes julaften og 1. juledag, og vurdere behovet for forebyggende tiltak, sier vaktleder for flom- og jordskredvarslingen i NVE Torill Engen Skaugen.<\/p>\n<p>Pent v\u00e6r p\u00e5 S\u00f8r- og \u00d8stlandet<\/p>\n<p>I helt motsatt retning, b\u00e5de p\u00e5 kartet og p\u00e5 v\u00e6rmeldingen, finner man S\u00f8r- og \u00d8stlandet.<\/p>\n<p>\u2013 Her blir det for det meste t\u00f8rt og oppholdsv\u00e6r. Litt skiftende bris, men rolige vindforhold og mye fint v\u00e6r, sier vakthavende meteorolog Hanne Beate Skatt\u00f8r.<\/p>\n<p><img decoding=\"async\"   src=\"data:image\/gif;base64,R0lGODlhAQABAIAAAAAAAP\/\/\/yH5BAEAAAAALAAAAAABAAEAAAIBRAA7\" loading=\"eager\" alt=\"Hanne Beate Skatt\u00f8r\" title=\"\"\/><\/p>\n<p class=\"no-credit\">Vakthavende meteorolog Hanne Beate Skatt\u00f8r sier at S\u00f8r- og \u00d8stlandet fort blir v\u00e6rvinnerne p\u00e5 julaften, med mye oppholdsv\u00e6r og stabilt kaldt.<\/p>\n<p>Det er litt skyer p\u00e5 \u00d8stlandet og i Agder, s\u00e5 det er et lite sn\u00f8dryss i luften.<\/p>\n<p>\u2013 Men det er ikke store mengder. Litt julestemning har vi, men det er lite skyer og pent v\u00e6r.<\/p>\n<p>Det vil si at om det ikke er hvit jul fra f\u00f8r av, er det ikke ventet noe s\u00e6rlig med nedb\u00f8r i form av sn\u00f8.<\/p>\n<p>Det som imidlertid kan forekomme er rim p\u00e5 bakken som f\u00f8lge av det kalde v\u00e6ret.<\/p>\n<p>\u2013 Det kan nevnes at n\u00e6r \u00e5pent vann danner det seg fort frostr\u00f8yk, s\u00e5 lokal t\u00e5ke kan v\u00e6re rundt om p\u00e5 \u00d8stlandet.<\/p>\n<p>I grove trekk blir v\u00e6ret p\u00e5 julaften slik:<\/p>\n<p>\nDin nettleser st\u00f8tter ikke innbygging av eksternt innhold\n<\/p>\n<p>Mildt men fint p\u00e5 Vestlandet og i Tr\u00f8ndelag<\/p>\n<p>\u2013 Det er en front som kommer, s\u00e5 det blir en \u00f8kning fra s\u00f8rvest tirsdag kveld som gir kuling p\u00e5 kysten og regn. N\u00e5r fronten v\u00e6rfronten passerer blir det oppholdsv\u00e6r og perioder med sol, sier vakthavende meteorolog Susana Reuder.<\/p>\n<p>I Nord-Tr\u00f8ndelag, og p\u00e5 s\u00e6rlig i indre str\u00f8k, sier Reuder at det er mulighet for sn\u00f8 eller sludd.<\/p>\n<p><strong>\u2013 Overgangen til mildere v\u00e6r gj\u00f8r at det er lokalt fare for underkj\u00f8lt regn og is. S\u00e5 vi sender ut farevarsel for glatte veier p\u00e5 julaften.<\/strong><\/p>\n<p>P\u00e5 Vestlandet s\u00f8r for Stad er det uttrykk for noen dr\u00e5per p\u00e5 kysten, men ellers er det oppholdsv\u00e6r og perioder med sol.<\/p>\n<p>\u2013 Rogaland er de som kan f\u00e5 mest sol de n\u00e6rmeste dagene.<\/p>\n<p>\u2013 Og det er fortsatt kaldt, legger hun til.<\/p>\n<p><img decoding=\"async\"   src=\"data:image\/gif;base64,R0lGODlhAQABAIAAAAAAAP\/\/\/yH5BAEAAAAALAAAAAABAAEAAAIBRAA7\" loading=\"eager\" alt=\"Susana Reuder\" title=\"Foto: Silje Holte Storesund \/ NRK\"\/><\/p>\n<p class=\"\">Vakthavende meteorolog Susana Reuder melder om relativt pent julev\u00e6r i Tr\u00f8ndelag og p\u00e5 Vestlandet, selv om det kan bli utfordrende kj\u00f8reforhold enkelte steder.<\/p>\n<p>Foto: Silje Holte Storesund \/ NRK<\/p>\n<p>Publisert<\/p>\n<p>23.12.2025, kl. 11.57<\/p>\n<p>Oppdatert<\/p>\n<p>23.12.2025, kl. 12.35<\/p>\n","protected":false},"excerpt":{"rendered":"Meteorologisk institutt har sendt ut oransje farevarsel for store nedb\u00f8rsmengder. \u2013 Dette er en hendelse som vi forventer&hellip;\n","protected":false},"author":2,"featured_media":120307,"comment_status":"","ping_status":"","sticky":false,"template":"","format":"standard","meta":{"footnotes":""},"categories":[10],"tags":[20,21,24,25,15,22,23,13,30,28,29,14,16,26,27],"class_list":{"0":"post-120306","1":"post","2":"type-post","3":"status-publish","4":"format-standard","5":"has-post-thumbnail","7":"category-norge","8":"tag-breaking-news","9":"tag-breakingnews","10":"tag-featured-news","11":"tag-featurednews","12":"tag-headlines","13":"tag-latest-news","14":"tag-latestnews","15":"tag-news","16":"tag-no","17":"tag-norge","18":"tag-norway","19":"tag-nyheter","20":"tag-overskrifter","21":"tag-top-stories","22":"tag-topstories"},"share_on_mastodon":{"url":"https:\/\/pubeurope.com\/@no\/115768696692359337","error":""},"_links":{"self":[{"href":"https:\/\/www.europesays.com\/no\/wp-json\/wp\/v2\/posts\/120306","targetHints":{"allow":["GET"]}}],"collection":[{"href":"https:\/\/www.europesays.com\/no\/wp-json\/wp\/v2\/posts"}],"about":[{"href":"https:\/\/www.europesays.com\/no\/wp-json\/wp\/v2\/types\/post"}],"author":[{"embeddable":true,"href":"https:\/\/www.europesays.com\/no\/wp-json\/wp\/v2\/users\/2"}],"replies":[{"embeddable":true,"href":"https:\/\/www.europesays.com\/no\/wp-json\/wp\/v2\/comments?post=120306"}],"version-history":[{"count":0,"href":"https:\/\/www.europesays.com\/no\/wp-json\/wp\/v2\/posts\/120306\/revisions"}],"wp:featuredmedia":[{"embeddable":true,"href":"https:\/\/www.europesays.com\/no\/wp-json\/wp\/v2\/media\/120307"}],"wp:attachment":[{"href":"https:\/\/www.europesays.com\/no\/wp-json\/wp\/v2\/media?parent=120306"}],"wp:term":[{"taxonomy":"category","embeddable":true,"href":"https:\/\/www.europesays.com\/no\/wp-json\/wp\/v2\/categories?post=120306"},{"taxonomy":"post_tag","embeddable":true,"href":"https:\/\/www.europesays.com\/no\/wp-json\/wp\/v2\/tags?post=120306"}],"curies":[{"name":"wp","href":"https:\/\/api.w.org\/{rel}","templated":true}]}}