{"id":120308,"date":"2025-12-23T11:42:30","date_gmt":"2025-12-23T11:42:30","guid":{"rendered":"https:\/\/www.europesays.com\/no\/120308\/"},"modified":"2025-12-23T11:42:30","modified_gmt":"2025-12-23T11:42:30","slug":"nff-vi-skulle-gjerne-hatt-even-sel-noen-ar-til-sarpsborg-arbeiderblad","status":"publish","type":"post","link":"https:\/\/www.europesays.com\/no\/120308\/","title":{"rendered":"NFF: \u2013 Vi skulle gjerne hatt Even Sel noen \u00e5r til &#8211; Sarpsborg Arbeiderblad"},"content":{"rendered":"<ol>\n<li><a href=\"https:\/\/news.google.com\/rss\/articles\/CBMihgFBVV95cUxONlN4TDI4WXpxMDdiSWxXV0RqcWlCWUZxRnRodWRuZVJYOG5JTkRxc3dRQnhYTUhWeUJJQ3IzcHllWF9KSVJZR3BZWVAyVnlkOUFpVURuRWZJRFhvdkhNa3NtTGN4c09aLUJMaldTYzRZc0l0eU9hYjkxWHZqdGpIbjFsREpDUQ?oc=5\" target=\"_blank\" rel=\"nofollow noopener\">NFF: \u2013 Vi skulle gjerne hatt Even Sel noen \u00e5r til<\/a>&nbsp;&nbsp;Sarpsborg Arbeiderblad<\/li>\n<li><a href=\"https:\/\/news.google.com\/rss\/articles\/CBMigAFBVV95cUxPajY5cHY5YjVFbmQ4RmRLZGoxVkNsdS1MZ3Mta1Zsa3dEYTZ5R3Z3NTZEdEJHdmJIY0o2bEtZQXVBbTNKbTluZmtkWlRORWl0OEJhQXFJeUY5bDFGSWgwZmlEMlN0OUc5UHFkYnJJQUpnamVfQkRxaEEzUmlBSF9zUQ?oc=5\" target=\"_blank\" rel=\"nofollow noopener\">Bekreftet: Dette er Sarpsborgs nye trener<\/a>&nbsp;&nbsp;TV2.no<\/li>\n<li><a href=\"https:\/\/news.google.com\/rss\/articles\/CBMinAFBVV95cUxQS2lFUFpvSUpHMU5WcTJzUXpqV3VBcklSRlpWcXVGVXBOblVJeFNmenVGT1RyQVdiaGRHbUpLMy1EWWZMWTdjNnV3MVZEY1RmX1RScGhVRGl5M2xZelc2dlVSM0ZPZFNDNnZiNzhkU3JVaXFWTDY5WHhyeTNVdS1yRE5rZmJFSno4SDVoSmRUR1pjREhLV3l4cEdhNGw?oc=5\" target=\"_blank\" rel=\"nofollow noopener\">Sport, Sporten | R\u00f8nningene med ny jobb &#8211; dro rett p\u00e5 visning sammen med kj\u00e6resten<\/a>&nbsp;&nbsp;Telemarksavisa<\/li>\n<li><a href=\"https:\/\/news.google.com\/rss\/articles\/CBMikgFBVV95cUxNUDhBVG91OG5rUGNNekQwbEpGU1c3YlN6eDlJZlJ6YjhIT05STUJBd2tfdXYxbGtmNVQzcDVBTkRBai1BYlpXcnlma0w1R3g4TjhnNjJ5Zl85SUtnOXZNclN5eFRfUHRYd25FejVFQVBSVnpvUE9mSk1uaGlWLXRvNzlhUUZGbU9JX1VtbWtVQWpfdw?oc=5\" target=\"_blank\" rel=\"nofollow noopener\">R\u00f8nningene har f\u00e5tt ny jobb i Sarpsborg<\/a>&nbsp;&nbsp;NRK<\/li>\n<li><a href=\"https:\/\/news.google.com\/rss\/articles\/CBMilgFBVV95cUxPa1dfUURTRVBDeGRQQjF3SVFpWjJHaUhYRHdDZUpGazF6LUVWYlJOR2hlYUVubm9SdzNSTUltLXEtbEZBS2paekhEOFB0NzJMRWw1c25FVUtaamdmYU44cGVsSGNXSUdPN3dFdGRVUmVyUU1Qa1NiNXprUnFqelVrdWwzQ1VlZkJxU2t2RlV2M3BaMUd6THc?oc=5\" target=\"_blank\" rel=\"nofollow noopener\">Fotball, Even Sel | Even (36) skifter ut landslagstrenerjobben med eliteserien<\/a>&nbsp;&nbsp;J\u00e6rbladet<\/li>\n<\/ol>\n","protected":false},"excerpt":{"rendered":"NFF: \u2013 Vi skulle gjerne hatt Even Sel noen \u00e5r til&nbsp;&nbsp;Sarpsborg Arbeiderblad Bekreftet: Dette er Sarpsborgs nye trener&nbsp;&nbsp;TV2.no&hellip;\n","protected":false},"author":2,"featured_media":120309,"comment_status":"","ping_status":"","sticky":false,"template":"","format":"standard","meta":{"footnotes":""},"categories":[59],"tags":[30,28,29,83,82],"class_list":{"0":"post-120308","1":"post","2":"type-post","3":"status-publish","4":"format-standard","5":"has-post-thumbnail","7":"category-sport","8":"tag-no","9":"tag-norge","10":"tag-norway","11":"tag-sport","12":"tag-sports"},"share_on_mastodon":{"url":"https:\/\/pubeurope.com\/@no\/115768704564093563","error":""},"_links":{"self":[{"href":"https:\/\/www.europesays.com\/no\/wp-json\/wp\/v2\/posts\/120308","targetHints":{"allow":["GET"]}}],"collection":[{"href":"https:\/\/www.europesays.com\/no\/wp-json\/wp\/v2\/posts"}],"about":[{"href":"https:\/\/www.europesays.com\/no\/wp-json\/wp\/v2\/types\/post"}],"author":[{"embeddable":true,"href":"https:\/\/www.europesays.com\/no\/wp-json\/wp\/v2\/users\/2"}],"replies":[{"embeddable":true,"href":"https:\/\/www.europesays.com\/no\/wp-json\/wp\/v2\/comments?post=120308"}],"version-history":[{"count":0,"href":"https:\/\/www.europesays.com\/no\/wp-json\/wp\/v2\/posts\/120308\/revisions"}],"wp:featuredmedia":[{"embeddable":true,"href":"https:\/\/www.europesays.com\/no\/wp-json\/wp\/v2\/media\/120309"}],"wp:attachment":[{"href":"https:\/\/www.europesays.com\/no\/wp-json\/wp\/v2\/media?parent=120308"}],"wp:term":[{"taxonomy":"category","embeddable":true,"href":"https:\/\/www.europesays.com\/no\/wp-json\/wp\/v2\/categories?post=120308"},{"taxonomy":"post_tag","embeddable":true,"href":"https:\/\/www.europesays.com\/no\/wp-json\/wp\/v2\/tags?post=120308"}],"curies":[{"name":"wp","href":"https:\/\/api.w.org\/{rel}","templated":true}]}}