{"id":120313,"date":"2025-12-23T11:50:30","date_gmt":"2025-12-23T11:50:30","guid":{"rendered":"https:\/\/www.europesays.com\/no\/120313\/"},"modified":"2025-12-23T11:50:30","modified_gmt":"2025-12-23T11:50:30","slug":"denne-ma-du-aldri-bruke-pa-nettsidene-dine","status":"publish","type":"post","link":"https:\/\/www.europesays.com\/no\/120313\/","title":{"rendered":"Denne m\u00e5 du aldri bruke p\u00e5 nettsidene dine"},"content":{"rendered":"<p>    Nettavisen gikk p\u00e5 en smell da de brukte riksv\u00e5penet p\u00e5 nettsiden deres. Den kan ikke brukes kommersielt \u2013 og ble fjernet.\u00a0<\/p>\n<p>\n        Det norske riksv\u00e5penet i Follo tingrett.<br \/>\n        \ud83d\udcf8: Berit Roald \/ NTB\n    <\/p>\n<p>Da skatteopplysningene for 2024 ble offentliggjort publiserte\u00a0Nettavisen, som mange andre medier, inntekten til mange kjente personer.\u00a0<\/p>\n<p class=\"font-weight-bold m-font-weight-bold\" data-lab-font_weight=\"font-weight-bold\">Men i skattelistegrafikken i <a href=\"https:\/\/www.nettavisen.no\/vis\/skattelister?metric=inntekt&amp;group=land&amp;groupcode=NO&amp;taxyear=2024&amp;locale=nb\" rel=\"nofollow noopener\" target=\"_blank\">nettsaken<\/a>, s\u00e5 brukte de Norges riksv\u00e5pen som et visuelt virkemiddel\u00a0\u2013 noe som har skapt tr\u00f8bbel for avisen, melder\u00a0<a href=\"https:\/\/www.vg.no\/nyheter\/i\/7ploqW\/maa-fjerne-riksloeven-i-nettavisen\" style=\"font-size: 1.125rem; background-color: transparent;\" rel=\"nofollow noopener\" target=\"_blank\">VG.<\/a><\/p>\n<p>For \u00e5 kunne bruke riksv\u00e5penet i Norge, s\u00e5 er man n\u00f8dt til \u00e5 s\u00f8ke om lov til Utenriksdepartementet (UD).\u00a0Dette ble if\u00f8lge UD ikke gjort.<\/p>\n<p>M\u00e5 s\u00f8ke om lov<\/p>\n<p>UD har n\u00e5 krevd at Nettavisen fjerner det norske riksv\u00e5penet fra sine skattelister.\u00a0\u00a0<\/p>\n<p class=\"font-weight-bold m-font-weight-bold\" data-lab-font_weight=\"font-weight-bold\">\u2013 Vi forventer at avisen fjerner riksv\u00e5penet fra denne nettsiden, siden riksv\u00e5penet er forbeholdt staten, skriver Mathias Rongved, seniorr\u00e5dgiver i Utenriksdepartementet, til VG.<\/p>\n<p>\u2013\u00a0Hvis vi hadde f\u00e5tt en slik s\u00f8knad, ville den ha blitt avsl\u00e5tt, sier Rongved i UD videre.<\/p>\n<p>                <img decoding=\"async\" src=\"https:\/\/www.europesays.com\/no\/wp-content\/uploads\/2025\/12\/252453.webp\" width=\"480\" height=\"322\" title=\"Utenriksdepartementet bestemmer om man kan bruke riksv\u00e5penet p\u00e5 en nettside.\" alt=\"\" loading=\"lazy\" style=\"\"\/><\/p>\n<p>\n            Utenriksdepartementet bestemmer om man kan bruke riksv\u00e5penet p\u00e5 en nettside.<br \/>\n            \ud83d\udcf8: Jonas Been Henriksen \/ NTB\n        <\/p>\n<p>Var en feil<\/p>\n<p>Produktdirekt\u00f8r i Amedia, som eier Nettavisen, sier de har fikset feilen.<\/p>\n<p>\u2013 Dette er en feil fra v\u00e5r side som vi har rettet opp n\u00e5, svarer Eivor Jerp\u00e5sen, redaksjonell produktdirekt\u00f8r i Amedia i en e-post til VG.<\/p>\n<p>Ogs\u00e5 LO har m\u00e5ttet fjerne riksv\u00e5penet i tidligere sammenheng: Under valgkampen i 2023 brukte de den p\u00e5 valgkampbussen sin.<\/p>\n<p>        <a itemprop=\"url\" class=\"\" href=\"https:\/\/www.kode24.no\/artikkel\/kjopte-fire-folkeregister-domener-mister-alle-sammen\/249249\" data-k5a-url=\"https:\/\/www.kode24.no\/a\/249249\" rel=\"nofollow noopener\" target=\"_blank\"><\/p>\n<p>            Kj\u00f8pte fire luredomener, mister alle sammen<\/p>\n<p itemprop=\"description\" class=\"subtitle \" style=\"\">\n    Skatteetaten mente selskapet gjorde det i ond tro, for \u00e5 lure folk. Domeneklagenemnda er enig.\n<\/p>\n<p>        <\/a><\/p>\n","protected":false},"excerpt":{"rendered":"Nettavisen gikk p\u00e5 en smell da de brukte riksv\u00e5penet p\u00e5 nettsiden deres. Den kan ikke brukes kommersielt \u2013&hellip;\n","protected":false},"author":2,"featured_media":120314,"comment_status":"","ping_status":"","sticky":false,"template":"","format":"standard","meta":{"footnotes":""},"categories":[5],"tags":[20,21,24,25,15,19,22,23,17,18,13,30,28,29,14,16,26,27],"class_list":{"0":"post-120313","1":"post","2":"type-post","3":"status-publish","4":"format-standard","5":"has-post-thumbnail","7":"category-overskrifter","8":"tag-breaking-news","9":"tag-breakingnews","10":"tag-featured-news","11":"tag-featurednews","12":"tag-headlines","13":"tag-hovedoppslag","14":"tag-latest-news","15":"tag-latestnews","16":"tag-main-news","17":"tag-mainnews","18":"tag-news","19":"tag-no","20":"tag-norge","21":"tag-norway","22":"tag-nyheter","23":"tag-overskrifter","24":"tag-top-stories","25":"tag-topstories"},"share_on_mastodon":{"url":"https:\/\/pubeurope.com\/@no\/115768736279457318","error":""},"_links":{"self":[{"href":"https:\/\/www.europesays.com\/no\/wp-json\/wp\/v2\/posts\/120313","targetHints":{"allow":["GET"]}}],"collection":[{"href":"https:\/\/www.europesays.com\/no\/wp-json\/wp\/v2\/posts"}],"about":[{"href":"https:\/\/www.europesays.com\/no\/wp-json\/wp\/v2\/types\/post"}],"author":[{"embeddable":true,"href":"https:\/\/www.europesays.com\/no\/wp-json\/wp\/v2\/users\/2"}],"replies":[{"embeddable":true,"href":"https:\/\/www.europesays.com\/no\/wp-json\/wp\/v2\/comments?post=120313"}],"version-history":[{"count":0,"href":"https:\/\/www.europesays.com\/no\/wp-json\/wp\/v2\/posts\/120313\/revisions"}],"wp:featuredmedia":[{"embeddable":true,"href":"https:\/\/www.europesays.com\/no\/wp-json\/wp\/v2\/media\/120314"}],"wp:attachment":[{"href":"https:\/\/www.europesays.com\/no\/wp-json\/wp\/v2\/media?parent=120313"}],"wp:term":[{"taxonomy":"category","embeddable":true,"href":"https:\/\/www.europesays.com\/no\/wp-json\/wp\/v2\/categories?post=120313"},{"taxonomy":"post_tag","embeddable":true,"href":"https:\/\/www.europesays.com\/no\/wp-json\/wp\/v2\/tags?post=120313"}],"curies":[{"name":"wp","href":"https:\/\/api.w.org\/{rel}","templated":true}]}}