{"id":120321,"date":"2025-12-23T12:11:51","date_gmt":"2025-12-23T12:11:51","guid":{"rendered":"https:\/\/www.europesays.com\/no\/120321\/"},"modified":"2025-12-23T12:11:51","modified_gmt":"2025-12-23T12:11:51","slug":"leteaksjon-nyheter-leter-desperat-etter-lillebroren-sin-noe-av-det-verste-a-oppleve-romerikes-blad","status":"publish","type":"post","link":"https:\/\/www.europesays.com\/no\/120321\/","title":{"rendered":"Leteaksjon, Nyheter | Leter desperat etter lillebroren sin: \u2013 Noe av det verste \u00e5 oppleve &#8211; Romerikes Blad"},"content":{"rendered":"<ol>\n<li><a href=\"https:\/\/news.google.com\/rss\/articles\/CBMingFBVV95cUxQNlJNbC1UUkUxZE1xUXBGcnVLUGktSVMtd3drRUtWamhVdzhQdXRjXzV1aUVaZU10LWx4WkZoTjd2T2tZNkxqMkEzbTU0dWc4ZEI3czVrU1d2UG9lSUdkSTFSX19UQlpQQ2dtaVVjaUNSN3FESmQtYzlhWHdOTWtPR3c1dmJfbVVRYWc2dVlIWEx3VkZIemVpMFYyMk9LQQ?oc=5\" target=\"_blank\" rel=\"nofollow noopener\">Leteaksjon, Nyheter | Leter desperat etter lillebroren sin: \u2013 Noe av det verste \u00e5 oppleve<\/a>&nbsp;&nbsp;Romerikes Blad<\/li>\n<li><a href=\"https:\/\/news.google.com\/rss\/articles\/CBMibkFVX3lxTFBQc0tpZUlycnRnQ3NtbEVkalhLZE9KU0NMRnhxejRXMzdDUjVsTHowdkZ2bmxGZTFTT3gyT1RnMHU1WktTOGlkZWUzcTlqWmZlTjhkN1NqdE1ZR2V4N19tVG9nY2FNa0psaENVNDFR?oc=5\" target=\"_blank\" rel=\"nofollow noopener\">Lillestr\u00f8m, Str\u00f8mmen | Funn av d\u00f8d person i Sagelva<\/a>&nbsp;&nbsp;Romerikes Blad<\/li>\n<li><a href=\"https:\/\/news.google.com\/rss\/articles\/CBMipwFBVV95cUxQUjk5M2dhNm1PWllHQ0EyVDhmd0xoVHd0bnNjbFJFMDRVRy1nUC16RnhwZmp3Z2QxM1Zvd2o5a1hJTmt4QUZDOWg2TElGd2dvU0NaX1EycG5aRGhRQURYUEJBTW5GUXJHanU2dGVaTTVBdWlWdXRhaFpQWEppNmJGWVNVT2dsOUVoaEFXeU8wUFRoX2FtZ2MzXzEwOTRwc2x3YU45UURyRQ?oc=5\" target=\"_blank\" rel=\"nofollow noopener\">Lillestr\u00f8m: Funn av d\u00f8d person i elv<\/a>&nbsp;&nbsp;TV2.no<\/li>\n<li><a href=\"https:\/\/news.google.com\/rss\/articles\/CBMifEFVX3lxTFBtbExqdkd6Q0NPektCNlEySlJzU2tfV0o4N2Q5YktDMVNPMXpxd1NtNWJpQXlDOEhtTzNJdEs0aEJjTmtONkpCcmJBVXdXSlJiakFGcGNIelo4OXM3ekdBSWlhQ2tDc003S080NWlfWUZTTnlobTZZQ1cxZDY?oc=5\" target=\"_blank\" rel=\"nofollow noopener\">Leteaksjonen etter savnet mann avsluttet<\/a>&nbsp;&nbsp;Sol.no samler de viktigste nyhetene for deg!<\/li>\n<li><a href=\"https:\/\/news.google.com\/rss\/articles\/CBMihAFBVV95cUxPalBYRzNpeVdjeFpoVVdPZUppenF4Y0RyUzJUcTdqSEhWZ2dLTURWdVF5c1ZWYjlZTTh2VnY2bDJSTWhka2RheEtvbWUwYTFGc0NGbkRkWWFQNVpLYld1MWtjTE4tdU5LeWtySVdOSXZMUDgyUTBWUWRhbXFCLUZoeW83QXU?oc=5\" target=\"_blank\" rel=\"nofollow noopener\">(+) Leteaksjon etter savnet mann i Lillestr\u00f8m<\/a>&nbsp;&nbsp;altaposten.no<\/li>\n<\/ol>\n","protected":false},"excerpt":{"rendered":"Leteaksjon, Nyheter | Leter desperat etter lillebroren sin: \u2013 Noe av det verste \u00e5 oppleve&nbsp;&nbsp;Romerikes Blad Lillestr\u00f8m, Str\u00f8mmen&hellip;\n","protected":false},"author":2,"featured_media":120322,"comment_status":"","ping_status":"","sticky":false,"template":"","format":"standard","meta":{"footnotes":""},"categories":[5],"tags":[20,21,24,25,15,19,22,23,17,18,13,30,28,29,14,16,26,27],"class_list":{"0":"post-120321","1":"post","2":"type-post","3":"status-publish","4":"format-standard","5":"has-post-thumbnail","7":"category-overskrifter","8":"tag-breaking-news","9":"tag-breakingnews","10":"tag-featured-news","11":"tag-featurednews","12":"tag-headlines","13":"tag-hovedoppslag","14":"tag-latest-news","15":"tag-latestnews","16":"tag-main-news","17":"tag-mainnews","18":"tag-news","19":"tag-no","20":"tag-norge","21":"tag-norway","22":"tag-nyheter","23":"tag-overskrifter","24":"tag-top-stories","25":"tag-topstories"},"share_on_mastodon":{"url":"https:\/\/pubeurope.com\/@no\/115768822512652384","error":""},"_links":{"self":[{"href":"https:\/\/www.europesays.com\/no\/wp-json\/wp\/v2\/posts\/120321","targetHints":{"allow":["GET"]}}],"collection":[{"href":"https:\/\/www.europesays.com\/no\/wp-json\/wp\/v2\/posts"}],"about":[{"href":"https:\/\/www.europesays.com\/no\/wp-json\/wp\/v2\/types\/post"}],"author":[{"embeddable":true,"href":"https:\/\/www.europesays.com\/no\/wp-json\/wp\/v2\/users\/2"}],"replies":[{"embeddable":true,"href":"https:\/\/www.europesays.com\/no\/wp-json\/wp\/v2\/comments?post=120321"}],"version-history":[{"count":0,"href":"https:\/\/www.europesays.com\/no\/wp-json\/wp\/v2\/posts\/120321\/revisions"}],"wp:featuredmedia":[{"embeddable":true,"href":"https:\/\/www.europesays.com\/no\/wp-json\/wp\/v2\/media\/120322"}],"wp:attachment":[{"href":"https:\/\/www.europesays.com\/no\/wp-json\/wp\/v2\/media?parent=120321"}],"wp:term":[{"taxonomy":"category","embeddable":true,"href":"https:\/\/www.europesays.com\/no\/wp-json\/wp\/v2\/categories?post=120321"},{"taxonomy":"post_tag","embeddable":true,"href":"https:\/\/www.europesays.com\/no\/wp-json\/wp\/v2\/tags?post=120321"}],"curies":[{"name":"wp","href":"https:\/\/api.w.org\/{rel}","templated":true}]}}