{"id":120325,"date":"2025-12-23T12:17:11","date_gmt":"2025-12-23T12:17:11","guid":{"rendered":"https:\/\/www.europesays.com\/no\/120325\/"},"modified":"2025-12-23T12:17:11","modified_gmt":"2025-12-23T12:17:11","slug":"fredrik-gulsvik-ber-om-a-bli-varetektsfengslet","status":"publish","type":"post","link":"https:\/\/www.europesays.com\/no\/120325\/","title":{"rendered":"Fredrik Gulsvik ber om \u00e5 bli varetekts\u00adfengslet"},"content":{"rendered":"\n<p class=\"_lead_o9xde_2 _lead_xtcu6_50 layout-component text-serif-m layout-normal text-serif-l layout-component layout-wide layout-padded _wide_17hqh_1 layout-padded\">Den tidligere fotballspilleren har erkjent straffskyld, og \u00f8nsker \u00e5 komme i gang med soningen. <\/p>\n<p><img alt=\"Tidligere fotballspiller Fredrik Gulsvik \u00f8nsker \u00e5 bli varetektsfengslet fra januar av.  Foto: Annemor Larsen \/ VG\" class=\"_image_qp4xg_65 layout-component layout-wide\" data-fullscreen- data-track-element-type=\"Article image fullscreen\" data-track-name=\"ImageFullscreen\" fetchpriority=\"high\" decoding=\"sync\" loading=\"eager\" height=\"3205\" itemprop=\"image\"  src=\"https:\/\/www.europesays.com\/no\/wp-content\/uploads\/2025\/12\/86ab4dd0-e431-4d9d-af33-c9b3bfb2862b\"  style=\"object-position:0% 0%\" width=\"4271\"\/>Tidligere fotballspiller Fredrik Gulsvik \u00f8nsker \u00e5 bli varetektsfengslet fra januar av.  Foto: Annemor Larsen \/ VG<\/p>\n<ul aria-hidden=\"true\" class=\"_images_ntbth_112\">\n<li><a class=\"_link_ntbth_117\" href=\"https:\/\/www.vg.no\/forfatter\/einar-torkelsen\" style=\"z-index:1\" title=\"Einar Torkelsen\" rel=\"nofollow noopener\" target=\"_blank\"><img alt=\"Bilde av Einar Torkelsen\" class=\"_image_ntbth_93\" fetchpriority=\"low\" loading=\"lazy\" decoding=\"async\" itemprop=\"image\"  src=\"https:\/\/www.europesays.com\/no\/wp-content\/uploads\/2025\/12\/1766492228_586_f6016772-ddbc-43d2-b733-41afc7cc9046\"  width=\"480\"\/><\/a><\/li>\n<\/ul>\n<p> Oppdatert tirsdag 23. desember kl. 12:56     <\/p>\n<p class=\"_paragraph_o9xde_4 _paragraph_xtcu6_10 layout-component text-serif-m layout-normal text-serif-m layout-padded\">Tidligere fotballspiller Fredrik Gulsvik (36) er tiltalt for \u00e5 ha smuglet 16 kilo kokain fra Sverige til Oslo i januar i fjor. <\/p>\n<p class=\"_paragraph_o9xde_4 _paragraph_xtcu6_10 layout-component text-serif-m layout-normal text-serif-m layout-padded\">If\u00f8lge tiltalen var kokainet skjult i midtkonsollen p\u00e5 en bil han kj\u00f8rte sammen med en 72 \u00e5r gammel mann. <\/p>\n<p class=\"_paragraph_o9xde_4 _paragraph_xtcu6_10 layout-component text-serif-m layout-normal text-serif-m layout-padded\">Han ble ogs\u00e5 tatt p\u00e5 fersken av nederlandsk politi med en ny narkotransport sommeren 2024, og har tidligere st\u00e5tt frem i VG og <a href=\"https:\/\/www.vg.no\/spesial\/2024\/bomba\/del3\/\" class=\"_link_o9xde_39\" rel=\"nofollow noopener\" target=\"_blank\">fortalt hvordan stor spillegjeld gjorde ham til en narkotikasmugler<\/a>. <\/p>\n<p class=\"_paragraph_o9xde_4 _paragraph_xtcu6_10 layout-component text-serif-m layout-normal text-serif-m layout-padded\">Tirsdag klokken 15 er det planlagt et fengslingsm\u00f8te for Gulsvik i Oslo tingrett.<\/p>\n<p class=\"_paragraph_o9xde_4 _paragraph_xtcu6_10 layout-component text-serif-m layout-normal text-serif-m layout-padded\"><strong class=\"_strong_o9xde_25\">Gulsvik erkjenner straffskyld,<\/strong> <strong class=\"_strong_o9xde_25\">og har selv bedt retten om \u00e5 varetektsfengsle ham, bekrefter hans forsvarer Alexander Greaker til VG. <\/strong><\/p>\n<p class=\"_paragraph_o9xde_4 _paragraph_xtcu6_10 layout-component text-serif-m layout-normal text-serif-m layout-padded\">\u2013 Det er et frivillig valg. Han \u00f8nsker selv \u00e5 bli varetektsfengslet fra 8. januar. \u00c5rsaken er at det er s\u00e5pass lenge til at saken kommer opp. Derfor \u00f8nsker han \u00e5 komme i gang med soningen, sier Greaker. <\/p>\n<p><img decoding=\"async\" alt=\"Bilde av Alexander Greaker\" class=\"_image_ygndg_42\" height=\"30\" itemprop=\"image\" loading=\"lazy\"  src=\"https:\/\/www.europesays.com\/no\/wp-content\/uploads\/2025\/12\/f3364050-27f4-4666-86d3-e1158a817ac0\"  width=\"40\"\/><strong class=\"_name_ygndg_51 title-serif-xs\">Alexander Greaker<\/strong><\/p>\n<p class=\"_paragraph_o9xde_4 text-sans-m _description_ygndg_56\">Gulsviks forsvarer<\/p>\n<p class=\"_paragraph_o9xde_4 _paragraph_xtcu6_10 layout-component text-serif-m layout-normal text-serif-m layout-padded\">Rettssaken begynner ikke f\u00f8r august neste \u00e5r. <\/p>\n<p class=\"_paragraph_o9xde_4 _paragraph_xtcu6_10 layout-component text-serif-m layout-normal text-serif-m layout-padded\">Fengslingsm\u00f8tet g\u00e5r som s\u00e5kalt kontorforretning, og Gulsvik kommer ikke selv til \u00e5 v\u00e6re til stede.<\/p>\n<p class=\"_paragraph_o9xde_4 _paragraph_xtcu6_10 layout-component text-serif-m layout-normal text-serif-m layout-padded\">Politiet mener at Gulsvik tok del i en narkotikaliga som smuglet, lagret og solgte kokain for flere millioner kroner p\u00e5 \u00d8stlandet. Totalt er <a href=\"https:\/\/www.vg.no\/nyheter\/i\/4BnWWV\/tiltale-kokainliga-avsloert-knyttes-til-etterlyst-nordmann\" data-track-element-type=\"Link\" data-track-id=\"link:4BnWWV\" class=\"_link_o9xde_39\" rel=\"nofollow noopener\" target=\"_blank\">\u00e5tte menn tiltalt i saken<\/a>, fra alderen 28 til 72 \u00e5r.<\/p>\n<p class=\"_paragraph_o9xde_4 _paragraph_xtcu6_10 layout-component text-serif-m layout-normal text-serif-m layout-padded\">Politiet mener at den 34 \u00e5r gamle Follo-mannen <a href=\"https:\/\/www.vg.no\/nyheter\/i\/rP015a\/trussel-mot-samfunnet?utm_source=sdrn%3Avg%3Aarticle%3A4BnWWV&amp;utm_medium=Link&amp;utm_content=link%3ArP015a\" data-track-element-type=\"Link\" data-track-id=\"link:rP015a\" class=\"_link_o9xde_39\" rel=\"nofollow noopener\" target=\"_blank\">Yavuz Kasap er lederen for narkonettverket<\/a>. Han har base i Tyrkia, og ha v\u00e6rt etterlyst av Norge siden 2018.<\/p>\n<p class=\"_paragraph_o9xde_4 _paragraph_xtcu6_10 layout-component text-serif-m layout-normal text-serif-m layout-padded\">Den tidligere fotballspilleren er ogs\u00e5 tiltalt for grovt heleri. Politiet mener han har mottatt euro tilsvarende 3,8 millioner kroner fra en av de andre tiltalte i saken.<\/p>\n<p>    <img decoding=\"async\" alt=\"Tips oss illustrasjon\" src=\"https:\/\/www.europesays.com\/no\/wp-content\/uploads\/2025\/10\/pssst-small.webp.webp\"\/>    <\/p>\n<p class=\"title-serif-s\">Har du tips?<\/p>\n<p class=\"text-sans-m\">Send oss informasjon, bilder eller video.<\/p>\n<p>  <a href=\"https:\/\/www.vg.no\/tips-oss\" rel=\"nofollow noopener\" target=\"_blank\"> Tips oss <\/a>      <\/p>\n","protected":false},"excerpt":{"rendered":"Den tidligere fotballspilleren har erkjent straffskyld, og \u00f8nsker \u00e5 komme i gang med soningen. Tidligere fotballspiller Fredrik Gulsvik&hellip;\n","protected":false},"author":2,"featured_media":120326,"comment_status":"","ping_status":"","sticky":false,"template":"","format":"standard","meta":{"footnotes":""},"categories":[10],"tags":[31,20,21,24,25,15,22,23,13,30,28,29,14,16,26,27],"class_list":{"0":"post-120325","1":"post","2":"type-post","3":"status-publish","4":"format-standard","5":"has-post-thumbnail","7":"category-norge","8":"tag-breaking","9":"tag-breaking-news","10":"tag-breakingnews","11":"tag-featured-news","12":"tag-featurednews","13":"tag-headlines","14":"tag-latest-news","15":"tag-latestnews","16":"tag-news","17":"tag-no","18":"tag-norge","19":"tag-norway","20":"tag-nyheter","21":"tag-overskrifter","22":"tag-top-stories","23":"tag-topstories"},"share_on_mastodon":{"url":"https:\/\/pubeurope.com\/@no\/115768842594037183","error":""},"_links":{"self":[{"href":"https:\/\/www.europesays.com\/no\/wp-json\/wp\/v2\/posts\/120325","targetHints":{"allow":["GET"]}}],"collection":[{"href":"https:\/\/www.europesays.com\/no\/wp-json\/wp\/v2\/posts"}],"about":[{"href":"https:\/\/www.europesays.com\/no\/wp-json\/wp\/v2\/types\/post"}],"author":[{"embeddable":true,"href":"https:\/\/www.europesays.com\/no\/wp-json\/wp\/v2\/users\/2"}],"replies":[{"embeddable":true,"href":"https:\/\/www.europesays.com\/no\/wp-json\/wp\/v2\/comments?post=120325"}],"version-history":[{"count":0,"href":"https:\/\/www.europesays.com\/no\/wp-json\/wp\/v2\/posts\/120325\/revisions"}],"wp:featuredmedia":[{"embeddable":true,"href":"https:\/\/www.europesays.com\/no\/wp-json\/wp\/v2\/media\/120326"}],"wp:attachment":[{"href":"https:\/\/www.europesays.com\/no\/wp-json\/wp\/v2\/media?parent=120325"}],"wp:term":[{"taxonomy":"category","embeddable":true,"href":"https:\/\/www.europesays.com\/no\/wp-json\/wp\/v2\/categories?post=120325"},{"taxonomy":"post_tag","embeddable":true,"href":"https:\/\/www.europesays.com\/no\/wp-json\/wp\/v2\/tags?post=120325"}],"curies":[{"name":"wp","href":"https:\/\/api.w.org\/{rel}","templated":true}]}}