{"id":120338,"date":"2025-12-23T12:38:12","date_gmt":"2025-12-23T12:38:12","guid":{"rendered":"https:\/\/www.europesays.com\/no\/120338\/"},"modified":"2025-12-23T12:38:12","modified_gmt":"2025-12-23T12:38:12","slug":"krigsskip-overalt-utenfor-kysten-av-gronland","status":"publish","type":"post","link":"https:\/\/www.europesays.com\/no\/120338\/","title":{"rendered":"Krigsskip \u00aboveralt\u00bb utenfor kysten av Gr\u00f8nland"},"content":{"rendered":"<p class=\"kicker t15 font-weight-bold m-font-weight-bold color_mobile_no_bg_color quaternary color_mobile_quaternary font-Trim text-case-transform-upper mobile-hasTextPadding\" style=\"\">Nyheter<\/p>\n<p>    USA\u00a0trenger Gr\u00f8nland for nasjonal sikkerhet, ikke for mineraler, if\u00f8lge USAs president Donald Trump.<\/p>\n<p>\n        VIL HA GR\u00d8NLAND: I helgen utnevnte den amerikanske presidenten en ny spesialutsending som sa at han vil gj\u00f8re Gr\u00f8nland til en del av USA.<br \/>\n        Foto: Julia Demaree Nikhinson, AP, NTB\n    <\/p>\n<p>President Donald Trump har gjentatt at USA \u00abtrenger Gr\u00f8nland\u00bb. B\u00e5de Danmark og Gr\u00f8nland avviser kravet.<\/p>\n<p>\u2013 Vi trenger Gr\u00f8nland for nasjonal sikkerhet, ikke for mineraler, sa Trump til pressefolk i Palm Beach i Florida mandag.<\/p>\n<p>Han hevdet at det er russiske og kinesiske krigsskip \u00aboveralt\u00bb utenfor kysten av Gr\u00f8nland \u2013 og at USA er n\u00f8dt til \u00e5 ha verdens st\u00f8rste \u00f8y.<\/p>\n<p>\u2013 Vi m\u00e5 ha den, sa den amerikanske presidenten.<\/p>\n<p>Trumps ambisjoner om \u00e5 ta over \u00f8ya, som er en del av det danske riksfellesskapet, ble aktualisert igjen i helgen da den amerikanske presidenten utnevnte en ny spesialutsending som sa at han vil gj\u00f8re Gr\u00f8nland til en del av USA.<\/p>\n<p>\u2013 Det er en \u00e6re \u00e5 tjene deg i denne ul\u00f8nnede stillingen for \u00e5 gj\u00f8re Gr\u00f8nland til en del av USA, skrev Louisiana-guvern\u00f8r Jeff Landry p\u00e5 meldingstjenesten X etter at han var utnevnt.<\/p>\n<p>B\u00e5de Danmark og Gr\u00f8nland gikk raskt ut og gjentok det som hele veien har v\u00e6rt deres standpunkt, nemlig at det er uaktuelt \u00e5 la amerikanerne overta \u00f8ya.<\/p>\n<p>\u2013 Landegrenser og statenes suverenitet er rotfestet i folkeretten. Det er fundamentale prinsipper, het det i en felles uttalelse fra Danmarks statsminister Mette Frederiksen og den gr\u00f8nlandske regjeringssjefen Jens-Frederik Nielsen.<\/p>\n<p>B\u00e5de Norge og EU st\u00f8tter denne linjen.<\/p>\n<p>\u2013 Gr\u00f8nland er en del av Kongeriket Danmark. Vi st\u00f8tter danske myndigheter fullt ut i denne saken, sa utenriksminister Espen Barth Eide (Ap) til NTB mandag formiddag.<\/p>\n","protected":false},"excerpt":{"rendered":"Nyheter USA\u00a0trenger Gr\u00f8nland for nasjonal sikkerhet, ikke for mineraler, if\u00f8lge USAs president Donald Trump. VIL HA GR\u00d8NLAND: I&hellip;\n","protected":false},"author":2,"featured_media":120339,"comment_status":"","ping_status":"","sticky":false,"template":"","format":"standard","meta":{"footnotes":""},"categories":[12],"tags":[20,21,24,25,15,22,23,13,30,28,29,14,16,26,27,42,43,44,45],"class_list":{"0":"post-120338","1":"post","2":"type-post","3":"status-publish","4":"format-standard","5":"has-post-thumbnail","7":"category-verden","8":"tag-breaking-news","9":"tag-breakingnews","10":"tag-featured-news","11":"tag-featurednews","12":"tag-headlines","13":"tag-latest-news","14":"tag-latestnews","15":"tag-news","16":"tag-no","17":"tag-norge","18":"tag-norway","19":"tag-nyheter","20":"tag-overskrifter","21":"tag-top-stories","22":"tag-topstories","23":"tag-verden","24":"tag-world","25":"tag-world-news","26":"tag-worldnews"},"share_on_mastodon":{"url":"https:\/\/pubeurope.com\/@no\/115768925005582224","error":""},"_links":{"self":[{"href":"https:\/\/www.europesays.com\/no\/wp-json\/wp\/v2\/posts\/120338","targetHints":{"allow":["GET"]}}],"collection":[{"href":"https:\/\/www.europesays.com\/no\/wp-json\/wp\/v2\/posts"}],"about":[{"href":"https:\/\/www.europesays.com\/no\/wp-json\/wp\/v2\/types\/post"}],"author":[{"embeddable":true,"href":"https:\/\/www.europesays.com\/no\/wp-json\/wp\/v2\/users\/2"}],"replies":[{"embeddable":true,"href":"https:\/\/www.europesays.com\/no\/wp-json\/wp\/v2\/comments?post=120338"}],"version-history":[{"count":0,"href":"https:\/\/www.europesays.com\/no\/wp-json\/wp\/v2\/posts\/120338\/revisions"}],"wp:featuredmedia":[{"embeddable":true,"href":"https:\/\/www.europesays.com\/no\/wp-json\/wp\/v2\/media\/120339"}],"wp:attachment":[{"href":"https:\/\/www.europesays.com\/no\/wp-json\/wp\/v2\/media?parent=120338"}],"wp:term":[{"taxonomy":"category","embeddable":true,"href":"https:\/\/www.europesays.com\/no\/wp-json\/wp\/v2\/categories?post=120338"},{"taxonomy":"post_tag","embeddable":true,"href":"https:\/\/www.europesays.com\/no\/wp-json\/wp\/v2\/tags?post=120338"}],"curies":[{"name":"wp","href":"https:\/\/api.w.org\/{rel}","templated":true}]}}