{"id":120340,"date":"2025-12-23T12:39:11","date_gmt":"2025-12-23T12:39:11","guid":{"rendered":"https:\/\/www.europesays.com\/no\/120340\/"},"modified":"2025-12-23T12:39:11","modified_gmt":"2025-12-23T12:39:11","slug":"meteorologisk-institutt-og-varsom-sender-ut-flere-farevarsler-for-jula","status":"publish","type":"post","link":"https:\/\/www.europesays.com\/no\/120340\/","title":{"rendered":"Meteorologisk institutt og Varsom sender ut flere farevarsler f\u00f8r jula"},"content":{"rendered":"\n<p class=\"_lead_o9xde_2 _lead_xtcu6_50 layout-component text-serif-m layout-normal text-serif-l layout-component layout-wide layout-padded _wide_17hqh_1 layout-padded\">Meteorologisk institutt og Varsom har sendt ut flere farevarsler f\u00f8r juledagene.<\/p>\n<p><img alt=\"E6 i Alta er i omr\u00e5det hvor det kan bli glatte veier p\u00e5 julaften. Foto: Statens vegvesen\" class=\"_image_qp4xg_65 layout-component layout-wide\" data-fullscreen- data-track-element-type=\"Article image fullscreen\" data-track-name=\"ImageFullscreen\" fetchpriority=\"high\" decoding=\"sync\" loading=\"eager\" height=\"339\" itemprop=\"image\"  src=\"https:\/\/www.europesays.com\/no\/wp-content\/uploads\/2025\/12\/0f6c6a0c-4c62-42e5-9f70-10fd87ef7022\"  style=\"object-position:0% 0%\" width=\"502\"\/>E6 i Alta er i omr\u00e5det hvor det kan bli glatte veier p\u00e5 julaften. Foto: Statens vegvesen<\/p>\n<ul aria-hidden=\"true\" class=\"_images_ntbth_112\">\n<li><a class=\"_link_ntbth_117\" href=\"https:\/\/www.vg.no\/forfatter\/bendik-hansen\" style=\"z-index:1\" title=\"Bendik Hansen\" rel=\"nofollow noopener\" target=\"_blank\"><img alt=\"Bilde av Bendik Hansen\" class=\"_image_ntbth_93\" fetchpriority=\"low\" loading=\"lazy\" decoding=\"async\" itemprop=\"image\"  src=\"https:\/\/www.europesays.com\/no\/wp-content\/uploads\/2025\/12\/1766493549_458_236bc5a3-2236-4046-b957-81f29d024aa6\"  width=\"480\"\/><\/a><\/li>\n<\/ul>\n<p> Oppdatert tirsdag 23. desember kl. 13:11    <\/p>\n<ul class=\"_list_o9xde_3 _list_64s2r_85 _unordered_o9xde_106 text-sans-m\">\n<li class=\"_item_o9xde_30\">Meteorologisk institutt og Varsom har sendt ut flere farevarsler for Midt-Norge og Nord-Norge f\u00f8r juledagene.<\/li>\n<li class=\"_item_o9xde_30\">Varslene inkluderer fare for is, mye regn og sn\u00f8skred.<\/li>\n<li class=\"_item_o9xde_30\">Mange steder risikerer glatt f\u00f8re og vanskelig kj\u00f8reforhold grunnet underkj\u00f8lt regn.<\/li>\n<li class=\"_item_o9xde_30\">Kraftig regn kan f\u00f8re til oversv\u00f8mmelser i hus.<\/li>\n<\/ul>\n<p>Vis mer <\/p>\n<p class=\"_paragraph_o9xde_4 _paragraph_xtcu6_10 layout-component text-serif-m layout-normal text-serif-m layout-padded\">Tirsdag formiddag, lille julaften, har meteorologisk sendt ut <a href=\"https:\/\/www.yr.no\/nb\/meteorologene\" class=\"_link_o9xde_39\" rel=\"nofollow noopener\" target=\"_blank\">flere farevarsler<\/a> for Midt-Norge og Nord-Norge. Ogs\u00e5 <a href=\"https:\/\/www.varsom.no\/nyheter\/nyheter-flom-og-jordskred\/nve-varsler-flom-og-skredfare-julaften-og-1-juledag-i-nord\/\" class=\"_link_o9xde_39\" rel=\"nofollow noopener\" target=\"_blank\">Varsom har sendt ut flere varsler<\/a>. <\/p>\n<ul class=\"_list_o9xde_3 _list_xtcu6_9 _unordered_o9xde_106 layout-component text-serif-m layout-normal text-serif-m layout-padded\">\n<li class=\"_item_o9xde_30\">Gult farevarsel om is for \u00d8st-Finnmark, deler av Finnmarksvidda, i deler av Tr\u00f8ndelag og s\u00f8r i Nordland. <\/li>\n<li class=\"_item_o9xde_30\">Oransje farevarsel om mye regn for deler av Nordland. <\/li>\n<li class=\"_item_o9xde_30\">Gult, mulig oransje farevarsel om regn for deler av Nordland, Troms og Vest-Finnmark.<\/li>\n<li class=\"_item_o9xde_30\">Stor sn\u00f8skredfare og fare for flom-, jord- og s\u00f8rpeskred i nord. <\/li>\n<\/ul>\n<p class=\"_paragraph_o9xde_4 _paragraph_xtcu6_10 layout-component text-serif-m layout-normal text-serif-m layout-padded\"><strong class=\"_strong_o9xde_25\">\u2013 Det blir veldig v\u00e5tt. Det blir mye nedb\u00f8r og veldig mildt. S\u00e5 dette er et alvorlig varsel, sier vakthavende meteorolog, Anne Solveig Andersen, til VG.<\/strong><\/p>\n<p class=\"_paragraph_o9xde_4 _paragraph_xtcu6_10 layout-component text-serif-m layout-normal layout-padded\"><strong class=\"_strong_o9xde_25\">Les ogs\u00e5:<\/strong> <a href=\"https:\/\/www.vg.no\/i\/oEp3JR\" data-track-element-type=\"Link\" data-track-id=\"link:oEp3JR\" class=\"_link_o9xde_39\" rel=\"nofollow noopener\" target=\"_blank\">N\u00e5 kommer trafikktoppen: \u2013 Planlegg ekstra tid<\/a><\/p>\n<p><img alt=\"Det er meldt glatt p\u00e5 veiene nord for Trondheim.  Foto: Meteorologisk institutt\" class=\"_image_qp4xg_65 layout-component layout-normal\" data-fullscreen- data-track-element-type=\"Article image fullscreen\" data-track-name=\"ImageFullscreen\" decoding=\"async\" loading=\"lazy\" height=\"1668\" itemprop=\"image\"  src=\"https:\/\/www.europesays.com\/no\/wp-content\/uploads\/2025\/12\/07675d1e-24f5-4964-b796-3abe8e968156\"  style=\"object-position:0% 0%\" width=\"2500\"\/>Det er meldt glatt p\u00e5 veiene nord for Trondheim.  Foto: Meteorologisk instituttPass p\u00e5 \u2013 her blitt det glatt<\/p>\n<p class=\"_paragraph_o9xde_4 _paragraph_xtcu6_10 layout-component text-serif-m layout-normal text-serif-m layout-padded\">\u2013 P\u00e5 grunn av overgang til mildv\u00e6r har vi sendt ut gult farevarsel om is i deler av Tr\u00f8ndelag og s\u00f8r i <a href=\"https:\/\/www.vg.no\/tag\/nordland?utm_source=vg-article&amp;utm_medium=auto-tagger&amp;utm_campaign=5p0bE6\" class=\"_link_o9xde_39\" rel=\"nofollow noopener\" target=\"_blank\">Nordland<\/a>, skriver Meteorologene p\u00e5 Yr.no. <\/p>\n<p class=\"_paragraph_o9xde_4 _paragraph_xtcu6_10 layout-component text-serif-m layout-normal text-serif-m layout-padded\">P\u00e5 grunn av fare for regn som fryser p\u00e5 kald bakke eller underkj\u00f8lt regn er det sendt ut farevarsel for is fra natt til onsdag. Det er fare for h\u00e5lkef\u00f8reh\u00e5lkef\u00f8reGlatt, isete f\u00f8re. , og isen kan v\u00e6re vanskelig \u00e5 se.<\/p>\n<p class=\"_paragraph_o9xde_4 _paragraph_xtcu6_10 layout-component text-serif-m layout-normal text-serif-m layout-padded\">Ogs\u00e5 i \u00d8st-Finnmark og deler av Finnmarksvidda blir det glatt. <\/p>\n<p class=\"_paragraph_o9xde_4 _paragraph_xtcu6_10 layout-component text-serif-m layout-normal text-serif-m layout-padded\">F\u00f8rst p\u00e5 dagen p\u00e5 julaften er det fare for is p\u00e5 grunn av underkj\u00f8lt regn. Regnet kan fryse til is p\u00e5 veibanen, p\u00e5 kj\u00f8ret\u00f8y og p\u00e5 andre gjenstander, advarer meteorologen. <\/p>\n<p class=\"_paragraph_o9xde_4 _paragraph_xtcu6_10 layout-component text-serif-m layout-normal text-serif-m layout-padded\">B\u00e5de Vegtrafikksentralen, Utrykningspolitiet og meteorologene <a href=\"https:\/\/www.vg.no\/nyheter\/i\/oEp3JR\/juletrafikken-advarsel-om-glatte-veier\" data-track-element-type=\"Link\" data-track-id=\"link:oEp3JR\" class=\"_link_o9xde_39\" rel=\"nofollow noopener\" target=\"_blank\">advarer om at det kan bli glatte veier<\/a> i juleuken. Mandag kom de med samme budskap: <\/p>\n<p class=\"_paragraph_o9xde_4 _paragraph_xtcu6_10 layout-component text-serif-m layout-normal text-serif-m layout-padded\"><strong class=\"_strong_o9xde_25\">\u2013 Beregn god tid! <\/strong><\/p>\n<p>   <img decoding=\"async\" alt=\"Tips oss illustrasjon\" src=\"https:\/\/www.europesays.com\/no\/wp-content\/uploads\/2025\/10\/pssst-small.webp.webp\"\/>    <\/p>\n<p class=\"title-serif-s\">Har du tips?<\/p>\n<p class=\"text-sans-m\">Send oss informasjon, bilder eller video.<\/p>\n<p>  <a href=\"https:\/\/www.vg.no\/tips-oss\" rel=\"nofollow noopener\" target=\"_blank\"> Tips oss <\/a>   Fram med paraplyen \u2013 her blitt det v\u00e5tt<\/p>\n<p class=\"_paragraph_o9xde_4 _paragraph_xtcu6_10 layout-component text-serif-m layout-normal text-serif-m layout-padded\">Ikke nok med glatte veier \u2013 flere steder i Nordland, Troms og Vest-Finnmark skal det b\u00f8tte ned. <\/p>\n<p class=\"_paragraph_o9xde_4 _paragraph_xtcu6_10 layout-component text-serif-m layout-normal text-serif-m layout-padded\">I deler av Nordland er det sendt ut oransje farevarsel om sv\u00e6rt mye regn. Her kan det komme fra mellom 60 og 70 mm nedb\u00f8r p\u00e5 12 timer, og opp mot 90 mm nedb\u00f8r p\u00e5 24 timer. <\/p>\n<p class=\"_paragraph_o9xde_4 _paragraph_xtcu6_10 layout-component text-serif-m layout-normal text-serif-m layout-padded\"><strong class=\"_strong_o9xde_25\">For Nordland, Troms og Vest-Finnmark er det sendt det sendt ut gult farevarsel for regn, men meteorologene skriver at det kan bli oppjustert til oransje. <\/strong><\/p>\n<p class=\"_paragraph_o9xde_4 _paragraph_xtcu6_10 layout-component text-serif-m layout-normal text-serif-m layout-padded\">Her kan det komme mellom 40 og 70 mm nedb\u00f8r p\u00e5 24 timer. <\/p>\n<p><img alt=\"I store deler av landet kan man sl\u00e5 fra seg dr\u00f8mmen om en hvit jul. Dr\u00f8mmer du derimot om masse regn? Da kan dine b\u00f8nner v\u00e6re h\u00f8rt.   Foto: Meteorologisk institutt\" class=\"_image_qp4xg_65 layout-component layout-normal\" data-fullscreen- data-track-element-type=\"Article image fullscreen\" data-track-name=\"ImageFullscreen\" decoding=\"async\" loading=\"lazy\" height=\"1668\" itemprop=\"image\"  src=\"https:\/\/www.europesays.com\/no\/wp-content\/uploads\/2025\/12\/335bdef4-111a-4e42-b65c-05c9878b05d5\"  style=\"object-position:0% 0%\" width=\"2500\"\/>I store deler av landet kan man sl\u00e5 fra seg dr\u00f8mmen om en hvit jul. Dr\u00f8mmer du derimot om masse regn? Da kan dine b\u00f8nner v\u00e6re h\u00f8rt.   Foto: Meteorologisk instituttAdvarer: \u2013 Kan trenge inn i hus<\/p>\n<p class=\"_paragraph_o9xde_4 _paragraph_xtcu6_10 layout-component text-serif-m layout-normal text-serif-m layout-padded\">Med kombinasjonen veldig mye nedb\u00f8r og is, kan det bli en del overvann, sier meteorologen.<\/p>\n<p class=\"_paragraph_o9xde_4 _paragraph_xtcu6_10 layout-component text-serif-m layout-normal text-serif-m layout-padded\">\u2013 Da kan det trenge inn i hus, og det kan bli veldig vanskelige kj\u00f8reforhold, sier Andersen. <\/p>\n<p class=\"_paragraph_o9xde_4 _paragraph_xtcu6_10 layout-component text-serif-m layout-normal text-serif-m layout-padded\">Hun sier at det ikke er s\u00e5 ofte at meteorologene sender ut oransje farevarsler, og at det er et \u00abalvorlig varsel som er viktig \u00e5 ta innover seg\u00bb. <\/p>\n<p class=\"_paragraph_o9xde_4 _paragraph_xtcu6_10 layout-component text-serif-m layout-normal text-serif-m layout-padded\">Dette varselet sendes ut n\u00e5r meteorologene venter at konsekvensene av v\u00e6ret \u00abblir omfattende for mange mennesker eller for et stort omr\u00e5de\u00bb, st\u00e5r det p\u00e5 deres <a href=\"https:\/\/www.met.no\/vaer-og-klima\/ekstremvaervarsler-og-andre-farevarsler\/faregradering-i-farger\" class=\"_link_o9xde_39\" rel=\"nofollow noopener\" target=\"_blank\">nettsider<\/a>: <\/p>\n<p class=\"_paragraph_o9xde_4 _paragraph_xtcu6_10 layout-component text-serif-m layout-normal text-serif-m layout-padded\"><strong class=\"_strong_o9xde_25\">\u00abDet vil v\u00e6re en reell fare for at liv og verdier kan g\u00e5 tapt, at veier kan bli stengt og at avganger med b\u00e5t, fly og annen transport kan bli kansellert.\u00bb<\/strong><\/p>\n<p class=\"_paragraph_o9xde_4 _paragraph_xtcu6_10 layout-component text-serif-m layout-normal layout-padded\"><strong class=\"_strong_o9xde_25\">Les ogs\u00e5:<\/strong> <a href=\"https:\/\/www.vg.no\/i\/M7RAo0\" data-track-element-type=\"Link\" data-track-id=\"link:M7RAo0\" class=\"_link_o9xde_39\" rel=\"nofollow noopener\" target=\"_blank\">Julev\u00e6ret: Regn i nord \u2013 sol i s\u00f8r<\/a><\/p>\n<p>Dette betyr farevarslene<\/p>\n<p class=\"_paragraph_o9xde_4 _paragraph_xtcu6_10 _paragraph_16v91_10 layout-component text-serif-m layout-normal text-sans-m layout-padded\"><strong class=\"_strong_o9xde_25\">Gult farevarsel<\/strong><\/p>\n<p class=\"_paragraph_o9xde_4 _paragraph_xtcu6_10 _paragraph_16v91_10 layout-component text-serif-m layout-normal text-sans-m layout-padded\">Gult farevarsel kan sendes for mange ulike v\u00e6rsituasjoner, n\u00e5r vi forventer at konsekvensene er forholdsvis sm\u00e5. De fleste vil kunne fortsette med sine daglige gj\u00f8rem\u00e5l, men de som planlegger \u00e5 ferdes i ber\u00f8rte omr\u00e5der, b\u00f8r v\u00e6re oppmerksomme og vurdere aktiviteten en ekstra gang. For eksempel kan det bli lokale str\u00f8mbrudd, forsinkelser i trafikken, og vind kan gj\u00f8re det farlig \u00e5 ferdes i fjellet. <\/p>\n<p class=\"_paragraph_o9xde_4 _paragraph_xtcu6_10 _paragraph_16v91_10 layout-component text-serif-m layout-normal text-sans-m layout-padded\"><strong class=\"_strong_o9xde_25\">Oransje farevarsel<\/strong><\/p>\n<p class=\"_paragraph_o9xde_4 _paragraph_xtcu6_10 _paragraph_16v91_10 layout-component text-serif-m layout-normal text-sans-m layout-padded\">Vi utsteder oransje farevarsel n\u00e5r vi venter at konsekvensene blir omfattende for mange mennesker eller for et stort omr\u00e5de. Det vil v\u00e6re en reell fare for at liv og verdier kan g\u00e5 tapt, at veier kan bli stengt og at avganger med b\u00e5t, fly og annen transport kan bli kansellert. Du m\u00e5 v\u00e6re forberedt p\u00e5 alvorlige konsekvenser, og b\u00f8r vurdere om det er forsvarlig \u00e5 utf\u00f8re planlagt aktivitet i omr\u00e5dene som er ber\u00f8rt av oransje farevarsel. <\/p>\n<p class=\"_paragraph_o9xde_4 _paragraph_xtcu6_10 _paragraph_16v91_10 layout-component text-serif-m layout-normal text-sans-m layout-padded\"><strong class=\"_strong_o9xde_25\">R\u00f8dt farevarsel<\/strong><\/p>\n<p class=\"_paragraph_o9xde_4 _paragraph_xtcu6_10 _paragraph_16v91_10 layout-component text-serif-m layout-normal text-sans-m layout-padded\">Vi utsteder r\u00f8dt farevarsel n\u00e5r vi forventer ekstreme konsekvenser som f\u00f8lge av v\u00e6ret. Det vil v\u00e6re stor fare for at liv g\u00e5r tapt, og det kan bli store \u00f8deleggelser p\u00e5 eiendom og infrastruktur. Myndigheter og sivile i ber\u00f8rte omr\u00e5der b\u00f8r utf\u00f8re tiltak som sikrer liv og begrense skadeomfanget. Folk flest b\u00f8r minimere ferdsel i ber\u00f8rte omr\u00e5der. <\/p>\n<p class=\"_paragraph_o9xde_4 _paragraph_xtcu6_10 _paragraph_16v91_10 layout-component text-serif-m layout-normal text-sans-m layout-padded\">Kilde: <a href=\"https:\/\/www.met.no\/vaer-og-klima\/ekstremvaervarsler-og-andre-farevarsler\/faregradering-i-farger\" class=\"_link_o9xde_39\" rel=\"nofollow noopener\" target=\"_blank\">Meteorologisk institutt<\/a><\/p>\n<p>Vis mer    <\/p>\n","protected":false},"excerpt":{"rendered":"Meteorologisk institutt og Varsom har sendt ut flere farevarsler f\u00f8r juledagene. E6 i Alta er i omr\u00e5det hvor&hellip;\n","protected":false},"author":2,"featured_media":120341,"comment_status":"","ping_status":"","sticky":false,"template":"","format":"standard","meta":{"footnotes":""},"categories":[10],"tags":[20,21,24,25,9149,15,22,23,1202,13,30,687,28,29,14,16,26,27,2409],"class_list":{"0":"post-120340","1":"post","2":"type-post","3":"status-publish","4":"format-standard","5":"has-post-thumbnail","7":"category-norge","8":"tag-breaking-news","9":"tag-breakingnews","10":"tag-featured-news","11":"tag-featurednews","12":"tag-glatt","13":"tag-headlines","14":"tag-latest-news","15":"tag-latestnews","16":"tag-meteorologisk-institutt","17":"tag-news","18":"tag-no","19":"tag-nordland","20":"tag-norge","21":"tag-norway","22":"tag-nyheter","23":"tag-overskrifter","24":"tag-top-stories","25":"tag-topstories","26":"tag-troms"},"share_on_mastodon":{"url":"https:\/\/pubeurope.com\/@no\/115768928975573809","error":""},"_links":{"self":[{"href":"https:\/\/www.europesays.com\/no\/wp-json\/wp\/v2\/posts\/120340","targetHints":{"allow":["GET"]}}],"collection":[{"href":"https:\/\/www.europesays.com\/no\/wp-json\/wp\/v2\/posts"}],"about":[{"href":"https:\/\/www.europesays.com\/no\/wp-json\/wp\/v2\/types\/post"}],"author":[{"embeddable":true,"href":"https:\/\/www.europesays.com\/no\/wp-json\/wp\/v2\/users\/2"}],"replies":[{"embeddable":true,"href":"https:\/\/www.europesays.com\/no\/wp-json\/wp\/v2\/comments?post=120340"}],"version-history":[{"count":0,"href":"https:\/\/www.europesays.com\/no\/wp-json\/wp\/v2\/posts\/120340\/revisions"}],"wp:featuredmedia":[{"embeddable":true,"href":"https:\/\/www.europesays.com\/no\/wp-json\/wp\/v2\/media\/120341"}],"wp:attachment":[{"href":"https:\/\/www.europesays.com\/no\/wp-json\/wp\/v2\/media?parent=120340"}],"wp:term":[{"taxonomy":"category","embeddable":true,"href":"https:\/\/www.europesays.com\/no\/wp-json\/wp\/v2\/categories?post=120340"},{"taxonomy":"post_tag","embeddable":true,"href":"https:\/\/www.europesays.com\/no\/wp-json\/wp\/v2\/tags?post=120340"}],"curies":[{"name":"wp","href":"https:\/\/api.w.org\/{rel}","templated":true}]}}