{"id":120347,"date":"2025-12-23T12:47:10","date_gmt":"2025-12-23T12:47:10","guid":{"rendered":"https:\/\/www.europesays.com\/no\/120347\/"},"modified":"2025-12-23T12:47:10","modified_gmt":"2025-12-23T12:47:10","slug":"hjertet-vart-er-knust","status":"publish","type":"post","link":"https:\/\/www.europesays.com\/no\/120347\/","title":{"rendered":"\u2013 Hjertet v\u00e5rt er knust"},"content":{"rendered":"\n<p class=\"_lead_o9xde_2 _lead_xtcu6_50 layout-component text-serif-m layout-normal text-serif-l layout-component layout-wide layout-padded _wide_17hqh_1 layout-padded\">Luciadagen ble hun funnet drept utend\u00f8rs. Lille julaften tok familie og venner farvel med Marita L\u00f8fshus Haugen (35) fra L\u00f8kken kirke i Orkland.<\/p>\n<p><img alt=\"DREPT: Marita L\u00f8fshus Haugen.  Foto: Privat\" class=\"_image_qp4xg_65 layout-component layout-wide\" data-fullscreen- data-track-element-type=\"Article image fullscreen\" data-track-name=\"ImageFullscreen\" fetchpriority=\"high\" decoding=\"sync\" loading=\"eager\" height=\"1605\" itemprop=\"image\"  src=\"https:\/\/www.europesays.com\/no\/wp-content\/uploads\/2025\/12\/946f9ac2-938a-4398-9772-795807d94b11\"  style=\"object-position:0% 0%\" width=\"1242\"\/>DREPT: Marita L\u00f8fshus Haugen.  Foto: Privat<\/p>\n<ul aria-hidden=\"true\" class=\"_images_ntbth_112\">\n<li><a class=\"_link_ntbth_117\" href=\"https:\/\/www.vg.no\/forfatter\/silje-kathrine-sviggum\" style=\"z-index:2\" title=\"Silje Kathrine Sviggum\" rel=\"nofollow noopener\" target=\"_blank\"><img alt=\"Bilde av Silje Kathrine Sviggum\" class=\"_image_ntbth_93\" fetchpriority=\"low\" loading=\"lazy\" decoding=\"async\" itemprop=\"image\"  src=\"https:\/\/www.europesays.com\/no\/wp-content\/uploads\/2025\/12\/1766494028_456_e676a608-6bb3-4134-98e2-0f7e4dee1ab7\"  width=\"480\"\/><\/a><\/li>\n<li><a class=\"_link_ntbth_117\" href=\"https:\/\/www.vg.no\/forfatter\/einar-torkelsen\" style=\"z-index:1\" title=\"Einar Torkelsen\" rel=\"nofollow noopener\" target=\"_blank\"><img alt=\"Bilde av Einar Torkelsen\" class=\"_image_ntbth_93\" fetchpriority=\"low\" loading=\"lazy\" decoding=\"async\" itemprop=\"image\"  src=\"https:\/\/www.europesays.com\/no\/wp-content\/uploads\/2025\/12\/1766494029_194_f6016772-ddbc-43d2-b733-41afc7cc9046\"  width=\"480\"\/><\/a><\/li>\n<\/ul>\n<p> Oppdatert tirsdag 23. desember kl. 13:24    <\/p>\n<ul class=\"_list_o9xde_3 _list_64s2r_85 _unordered_o9xde_106 text-sans-m\">\n<li class=\"_item_o9xde_30\">Marita L\u00f8fshus Haugen (35) ble drept l\u00f8rdag 13. desember 2025.<\/li>\n<li class=\"_item_o9xde_30\">P\u00e5 lille julaften tok familie og venner farvel i L\u00f8kken kirke.<\/li>\n<li class=\"_item_o9xde_30\"> Maritas kollega J\u00f8rn Andersen (54) er siktet for drapet og sitter varetektsfengslet. han er tidligere d\u00f8mt for et annet drap.<\/li>\n<li class=\"_item_o9xde_30\">Avd\u00f8des familie og lokalsamfunnet er dypt preget av tragedien.<\/li>\n<\/ul>\n<p>Vis mer <\/p>\n<p class=\"_paragraph_o9xde_4 _paragraph_xtcu6_10 layout-component text-serif-m layout-normal text-serif-m layout-padded\">Begravelsen var ikke \u00e5pen for mediene, men Maritas n\u00e6rmeste p\u00e5r\u00f8rende har valgt \u00e5 gi f\u00f8lgende uttalelse til VG:<\/p>\n<p class=\"_paragraph_o9xde_4 _paragraph_xtcu6_10 layout-component text-serif-m layout-normal text-serif-m layout-padded\">\u2013 Vi i familien er dypt r\u00f8rt over all omsorg og omtanke vi har f\u00e5tt denne uken som har g\u00e5tt. Hjertene v\u00e5re er knust og det kommer til \u00e5 v\u00e6re vondt i lang tid. Men som den gledessprederen Marita var s\u00e5 hadde hun \u00f8nsket at vi skal g\u00e5 videre n\u00e5r tiden er inne. Alltid i v\u00e5re hjerter.<\/p>\n<p class=\"_paragraph_o9xde_4 _paragraph_xtcu6_10 layout-component text-serif-m layout-normal text-serif-m layout-padded\">Uttalelsen er videreformidlet p\u00e5 e-post fra de etterlattes bistandsadvokat Laila Afelad. Familien ber utover dette om ro til \u00e5 s\u00f8rge i fred.<\/p>\n<ul class=\"_gallery_1qa3s_23\" tabindex=\"0\">\n<li class=\"_item_1qa3s_37\" data-index=\"0\"><img decoding=\"async\" class=\"_image_foru8_23 _articleGallery_foru8_39\" data-fullscreen- width=\"8256\" height=\"5504\" itemprop=\"image\" loading=\"lazy\"  src=\"https:\/\/www.europesays.com\/no\/wp-content\/uploads\/2025\/12\/dfd35205-aff4-4399-9e12-561924db6f42\"  style=\"object-position:50% 50%;aspect-ratio:var(--gallery-aspect-ratio, 16 \/ 9)\"\/>\u00c5STEDET: Politiet rykket ut til \u00e5stedet l\u00f8rdag 13. desember 2025. Foto: Joakim Halvorsen \/ NTB<\/li>\n<li class=\"_item_1qa3s_37\" data-index=\"1\"><img decoding=\"async\" class=\"_image_foru8_23 _articleGallery_foru8_39\" data-fullscreen- width=\"5184\" height=\"3456\" itemprop=\"image\" loading=\"lazy\"  src=\"https:\/\/www.europesays.com\/no\/wp-content\/uploads\/2025\/12\/184a74e4-256c-4fad-91d8-6c80346836ae\"  style=\"object-position:50% 50%;aspect-ratio:var(--gallery-aspect-ratio, 16 \/ 9)\"\/>Foto: Jonas Nilsson \/ VG<\/li>\n<\/ul>\n<p>\u00c5STEDET: Politiet rykket ut til \u00e5stedet l\u00f8rdag 13. desember 2025. Foto: Joakim Halvorsen \/ NTB<\/p>\n<p>Funnet n\u00e6r jobb<\/p>\n<p class=\"_paragraph_o9xde_4 _paragraph_xtcu6_10 layout-component text-serif-m layout-normal text-serif-m layout-padded\">L\u00f8rdag 13. desember skulle Marita L\u00f8fshus Haugen starte p\u00e5 jobb klokken 20 ved Bj\u00f8rnlihiet pub i tettstedet L\u00f8kken Verk i Orkland kommune.<\/p>\n<p class=\"_paragraph_o9xde_4 _paragraph_xtcu6_10 layout-component text-serif-m layout-normal text-serif-m layout-padded\">I stedet fikk politiet en oppringing klokken 21.41 fra en som hadde funnet henne d\u00f8d, om lag hundre meter fra arbeidsplassen.<\/p>\n<p class=\"_paragraph_o9xde_4 _paragraph_xtcu6_10 layout-component text-serif-m layout-normal text-serif-m layout-padded\">Rundt en time senere ble 35-\u00e5ringens kollega <a href=\"https:\/\/www.vg.no\/tag\/joern-andersen?utm_source=vg-article&amp;utm_medium=auto-tagger&amp;utm_campaign=GxGrAB\" class=\"_link_o9xde_39\" rel=\"nofollow noopener\" target=\"_blank\">J\u00f8rn Andersen<\/a> (54) p\u00e5grepet og siktet for drapet.<\/p>\n<p class=\"_paragraph_o9xde_4 _paragraph_xtcu6_10 layout-component text-serif-m layout-normal text-serif-m layout-padded\">Han er\u00a0<a href=\"https:\/\/www.vg.no\/nyheter\/i\/q6ngEz\/opplysninger-til-vg-joern-andersen-siktet-for-drap-i-orkland\" data-track-element-type=\"Link\" data-track-id=\"link:q6ngEz\" class=\"_link_o9xde_39\" rel=\"nofollow noopener\" target=\"_blank\">tidligere d\u00f8mt for drap og vold.<\/a><\/p>\n<p class=\"_paragraph_o9xde_4 _paragraph_xtcu6_10 layout-component text-serif-m layout-normal text-serif-m layout-padded\">Siktede sitter varetektsfengslet i fire uker med brev- og bes\u00f8ksforbud.<\/p>\n<p class=\"_paragraph_o9xde_4 _paragraph_xtcu6_10 layout-component text-serif-m layout-normal text-serif-m layout-padded\">F\u00e5 dager f\u00f8r drapet hadde Andersen\u00a0<a href=\"https:\/\/www.vg.no\/nyheter\/i\/bOKA45\/kvinnen-i-30-aarene-sa-til-vennene-sine-at-den-drapssiktede-skulle-holde-seg-unna\" data-track-element-type=\"Link\" data-track-id=\"link:bOKA45\" class=\"_link_o9xde_39\" rel=\"nofollow noopener\" target=\"_blank\">f\u00e5tt beskjed om \u00e5 holde seg unna Marita<\/a>. VG er kjent med at han skal ha hatt tilhold ved Bj\u00f8rnlihiet pub siden i sommer.<\/p>\n<p class=\"_paragraph_o9xde_4 _paragraph_xtcu6_10 layout-component text-serif-m layout-normal text-serif-m layout-padded\">B\u00e5de i 2000 og 2010 fikk han diagnosene\u00a0dyssosial\u00a0og\u00a0emosjonelt ustabil personlighetsforstyrrelse\u00a0emosjonelt ustabil personlighetsforstyrrelseEmosjonelt ustabil personlighetsforstyrrelse er en psykisk lidelse som inneb\u00e6rer ustabile f\u00f8lelser, relasjoner og selvbilde..<\/p>\n<p><img alt=\"Sambygdingene tente lys for Marita p\u00e5 \u00e5stedet.  Foto: Hedda Kurseth \/ VG\" class=\"_image_qp4xg_65 layout-component layout-normal\" data-fullscreen- data-track-element-type=\"Article image fullscreen\" data-track-name=\"ImageFullscreen\" decoding=\"async\" loading=\"lazy\" height=\"4480\" itemprop=\"image\"  src=\"https:\/\/www.europesays.com\/no\/wp-content\/uploads\/2025\/12\/1766494030_649_cf050da0-1c63-4399-b603-9d7fa3f1632c\"  style=\"object-position:0% 0%\" width=\"6720\"\/>Sambygdingene tente lys for Marita p\u00e5 \u00e5stedet.  Foto: Hedda Kurseth \/ VG\u2013 Verdig farvel<\/p>\n<p class=\"_paragraph_o9xde_4 _paragraph_xtcu6_10 layout-component text-serif-m layout-normal text-serif-m layout-padded\">Prost Dagfinn Thomassen sier til VG at det ble en sterk begravelse.<\/p>\n<p class=\"_paragraph_o9xde_4 _paragraph_xtcu6_10 layout-component text-serif-m layout-normal text-serif-m layout-padded\">\u2013 Det ble et verdig farvel og en verdig begravelse for Marita. Det var fine minneord fra familien, fra mor, fra kj\u00e6reste og s\u00f8sken. Det ble veldig sterkt. Veldig verdig og veldig gripende.<\/p>\n<p class=\"_paragraph_o9xde_4 _paragraph_xtcu6_10 layout-component text-serif-m layout-normal text-serif-m layout-padded\">Han forteller videre at lokalsamfunnet er dypt preget av drapet p\u00e5 Marita. Thomassen viser blant annet til at hun var aktiv som frivillighet. <\/p>\n<p class=\"_paragraph_o9xde_4 _paragraph_xtcu6_10 layout-component text-serif-m layout-normal text-serif-m layout-padded\">\u2013 Det har v\u00e6rt m\u00f8rkt i lokalsamfunnet. Dette er jo en fryktelig dag. Da trenger vi hverandres hender og m\u00e5 sende alle gode tanker til familien, sier Thomassen. <\/p>\n<p class=\"_paragraph_o9xde_4 _paragraph_xtcu6_10 layout-component text-serif-m layout-normal text-serif-m layout-padded\">Avd\u00f8des venner har overfor VG beskrevet avd\u00f8de som en sprudlende og fornuftig person som var \u00absykt omsorgsfull\u00bb.<\/p>\n<p class=\"_paragraph_o9xde_4 _paragraph_xtcu6_10 layout-component text-serif-m layout-normal text-serif-m layout-padded\">\u2013 Hun var bare en fantastisk person og mor.<\/p>\n<p class=\"_paragraph_o9xde_4 _paragraph_xtcu6_10 layout-component text-serif-m layout-normal text-serif-m layout-padded\">Maritas arbeidsgiver Tom Ketil Krogstad har omtalt henne som \u00abet bedre menneske enn de aller fleste\u00bb.<\/p>\n","protected":false},"excerpt":{"rendered":"Luciadagen ble hun funnet drept utend\u00f8rs. Lille julaften tok familie og venner farvel med Marita L\u00f8fshus Haugen (35)&hellip;\n","protected":false},"author":2,"featured_media":120348,"comment_status":"","ping_status":"","sticky":false,"template":"","format":"standard","meta":{"footnotes":""},"categories":[10],"tags":[294,20,21,377,24,25,15,4795,22,23,13,30,28,29,14,13375,16,26,27],"class_list":{"0":"post-120347","1":"post","2":"type-post","3":"status-publish","4":"format-standard","5":"has-post-thumbnail","7":"category-norge","8":"tag-begravelse","9":"tag-breaking-news","10":"tag-breakingnews","11":"tag-drap","12":"tag-featured-news","13":"tag-featurednews","14":"tag-headlines","15":"tag-jorn-andersen","16":"tag-latest-news","17":"tag-latestnews","18":"tag-news","19":"tag-no","20":"tag-norge","21":"tag-norway","22":"tag-nyheter","23":"tag-orkland-kommune","24":"tag-overskrifter","25":"tag-top-stories","26":"tag-topstories"},"share_on_mastodon":{"url":"","error":""},"_links":{"self":[{"href":"https:\/\/www.europesays.com\/no\/wp-json\/wp\/v2\/posts\/120347","targetHints":{"allow":["GET"]}}],"collection":[{"href":"https:\/\/www.europesays.com\/no\/wp-json\/wp\/v2\/posts"}],"about":[{"href":"https:\/\/www.europesays.com\/no\/wp-json\/wp\/v2\/types\/post"}],"author":[{"embeddable":true,"href":"https:\/\/www.europesays.com\/no\/wp-json\/wp\/v2\/users\/2"}],"replies":[{"embeddable":true,"href":"https:\/\/www.europesays.com\/no\/wp-json\/wp\/v2\/comments?post=120347"}],"version-history":[{"count":0,"href":"https:\/\/www.europesays.com\/no\/wp-json\/wp\/v2\/posts\/120347\/revisions"}],"wp:featuredmedia":[{"embeddable":true,"href":"https:\/\/www.europesays.com\/no\/wp-json\/wp\/v2\/media\/120348"}],"wp:attachment":[{"href":"https:\/\/www.europesays.com\/no\/wp-json\/wp\/v2\/media?parent=120347"}],"wp:term":[{"taxonomy":"category","embeddable":true,"href":"https:\/\/www.europesays.com\/no\/wp-json\/wp\/v2\/categories?post=120347"},{"taxonomy":"post_tag","embeddable":true,"href":"https:\/\/www.europesays.com\/no\/wp-json\/wp\/v2\/tags?post=120347"}],"curies":[{"name":"wp","href":"https:\/\/api.w.org\/{rel}","templated":true}]}}