{"id":120351,"date":"2025-12-23T12:55:08","date_gmt":"2025-12-23T12:55:08","guid":{"rendered":"https:\/\/www.europesays.com\/no\/120351\/"},"modified":"2025-12-23T12:55:08","modified_gmt":"2025-12-23T12:55:08","slug":"funn-av-dod-person-i-sagelva-i-lillestrom-stor-oslo","status":"publish","type":"post","link":"https:\/\/www.europesays.com\/no\/120351\/","title":{"rendered":"Funn av d\u00f8d person i Sagelva i Lillestr\u00f8m \u2013 Stor-Oslo"},"content":{"rendered":"<p>En mann som ble meldt savnet i Lillestr\u00f8m l\u00f8rdag, ble tirsdag funnet d\u00f8d i vannet.<\/p>\n<p>Mannen ble funnet klokken 11.10 tirsdag formiddag i Skj\u00e6rvagapet av frivillige knyttet til mannens familie.<\/p>\n<p>\u2013 Det er bekreftet at avd\u00f8de er savnede. B\u00e5de brann- og politiressurser er p\u00e5 stedet og har bist\u00e5tt familien etter funn. De p\u00e5r\u00f8rende er p\u00e5 stedet og i s\u00e5 m\u00e5te varslet, skriver politiets operasjonsleder Henrik Larsen i en melding til pressen.<\/p>\n<p>Saken er under etterforskning, og avd\u00f8de vil bli obdusert, legger Larsen til.<\/p>\n<p>Helikopter og frivillige deltok i leteaksjonen etter mannen i helgen.<\/p>\n","protected":false},"excerpt":{"rendered":"En mann som ble meldt savnet i Lillestr\u00f8m l\u00f8rdag, ble tirsdag funnet d\u00f8d i vannet. Mannen ble funnet&hellip;\n","protected":false},"author":2,"featured_media":62464,"comment_status":"","ping_status":"","sticky":false,"template":"","format":"standard","meta":{"footnotes":""},"categories":[10],"tags":[20,21,24,25,15,22,23,13,30,28,29,14,16,26,27],"class_list":{"0":"post-120351","1":"post","2":"type-post","3":"status-publish","4":"format-standard","5":"has-post-thumbnail","7":"category-norge","8":"tag-breaking-news","9":"tag-breakingnews","10":"tag-featured-news","11":"tag-featurednews","12":"tag-headlines","13":"tag-latest-news","14":"tag-latestnews","15":"tag-news","16":"tag-no","17":"tag-norge","18":"tag-norway","19":"tag-nyheter","20":"tag-overskrifter","21":"tag-top-stories","22":"tag-topstories"},"share_on_mastodon":{"url":"https:\/\/pubeurope.com\/@no\/115768991651056197","error":""},"_links":{"self":[{"href":"https:\/\/www.europesays.com\/no\/wp-json\/wp\/v2\/posts\/120351","targetHints":{"allow":["GET"]}}],"collection":[{"href":"https:\/\/www.europesays.com\/no\/wp-json\/wp\/v2\/posts"}],"about":[{"href":"https:\/\/www.europesays.com\/no\/wp-json\/wp\/v2\/types\/post"}],"author":[{"embeddable":true,"href":"https:\/\/www.europesays.com\/no\/wp-json\/wp\/v2\/users\/2"}],"replies":[{"embeddable":true,"href":"https:\/\/www.europesays.com\/no\/wp-json\/wp\/v2\/comments?post=120351"}],"version-history":[{"count":0,"href":"https:\/\/www.europesays.com\/no\/wp-json\/wp\/v2\/posts\/120351\/revisions"}],"wp:featuredmedia":[{"embeddable":true,"href":"https:\/\/www.europesays.com\/no\/wp-json\/wp\/v2\/media\/62464"}],"wp:attachment":[{"href":"https:\/\/www.europesays.com\/no\/wp-json\/wp\/v2\/media?parent=120351"}],"wp:term":[{"taxonomy":"category","embeddable":true,"href":"https:\/\/www.europesays.com\/no\/wp-json\/wp\/v2\/categories?post=120351"},{"taxonomy":"post_tag","embeddable":true,"href":"https:\/\/www.europesays.com\/no\/wp-json\/wp\/v2\/tags?post=120351"}],"curies":[{"name":"wp","href":"https:\/\/api.w.org\/{rel}","templated":true}]}}