{"id":120356,"date":"2025-12-23T13:09:13","date_gmt":"2025-12-23T13:09:13","guid":{"rendered":"https:\/\/www.europesays.com\/no\/120356\/"},"modified":"2025-12-23T13:09:13","modified_gmt":"2025-12-23T13:09:13","slug":"avslorer-ukjent-drama-mye-angst","status":"publish","type":"post","link":"https:\/\/www.europesays.com\/no\/120356\/","title":{"rendered":"Avsl\u00f8rer ukjent drama: &#8211; Mye angst"},"content":{"rendered":"<p>En dag uten fotball er en forferdelig dag, mener Arsenal-spissen Gabriel Jesus. S\u00e5 da han r\u00f8k korsb\u00e5ndet, hadde han 300 d\u00e5rlige dager p\u00e5 rad.<\/p>\n<p>Det skriver han i et innlegg p\u00e5 <a href=\"https:\/\/www.theplayerstribune.com\/gabriel-jesus-premier-league-arsenal-brazil\" rel=\"nofollow noopener\" target=\"_blank\">The Players Tribune<\/a>, der han ogs\u00e5 forteller om hvordan skademarerittet har v\u00e6rt med p\u00e5 \u00e5 \u00e5pne \u00f8ynene hans p\u00e5 hjemmebane.\u00a0<\/p>\n<p>Brasilianeren, som n\u00e5 er tilbake etter marerittet og har kommet inn i serielederens to siste seriekamper, takker Gud for kona Raiane Lima.<\/p>\n<p>\u2013 Fordi p\u00e5 de t\u00f8ffeste dagene viste hun seg \u00e5 v\u00e6re en ekte f\u00f8lgesvenn. N\u00e5r jeg ikke engang kom meg opp fra sofaen, l\u00f8p Raiane opp og ned i huset og hentet is til kneet mitt. I mine m\u00f8rkeste dager var hun en mor, en sykepleier og min kompanjong n\u00e5r vi s\u00e5 fotball, skriver 28-\u00e5ringen.<\/p>\n<p>        <img class=\"image__img lazyload\" itemprop=\"image\" title=\"Foto: Instagram, @dejesusoficial\" alt=\"TAKKER KONA: Gabriel Jesus fikk god hjelp til \u00e5 komme seg gjennom skademarerittet. Foto: Instagram, @dejesusoficial\" width=\"675\" height=\"385\" bad-src=\"https:\/\/www.europesays.com\/no\/wp-content\/uploads\/2025\/12\/18409154.webp\" fetchpriority=\"auto\" \/><\/p>\n<p>      TAKKER KONA: Gabriel Jesus fikk god hjelp til \u00e5 komme seg gjennom skademarerittet.<br \/>\n         Foto: Instagram, @dejesusoficial<\/p>\n<p>Opplevelsene under skadeperioden, har rett og slett gitt ham et nytt perspektiv p\u00e5 livet.\u00a0<\/p>\n<p>\u2013 Jeg tror at som fotballspillere, kan vi ofte neglisjere det virkelige livet. F\u00f8r skaden neglisjerte jeg definitivt mitt. Jeg var ikke den ektemannen eller faren jeg burde v\u00e6re. Det er bare sannheten, er Arsenal-stjernens n\u00e5del\u00f8se dom.<\/p>\n<p>Traumatisk opplevelse<\/p>\n<p>\u00c9n f\u00f8lgesvenn har han alltid har hatt. Brasilianeren har helt siden oppveksten i favelaen S\u00e3o Paulo trodd at Gud har hatt en plan for ham.\u00a0<\/p>\n<p>\u2013 Jeg tror dette gjaldt for skaden min ogs\u00e5. P\u00e5 den tiden var kona mi gravid med s\u00f8nnen v\u00e5r, og vi kjente p\u00e5 mye angst rundt det, forteller Gabriel Jesus.\u00a0<\/p>\n<p>Heldigvis kom s\u00f8nnen Daniel til verden uten dramatikk, men bakgrunnen for angsten var dramatisk.\u00a0<\/p>\n<p>Da hans stores\u00f8ster Helena kom til verden, var historien nemlig en helt annen.\u00a0<\/p>\n<p>\u2013\u00a0Jeg har aldri snakket om dette f\u00f8r, men Helenas f\u00f8dsel var veldig traumatisk for oss, avsl\u00f8rer han.\u00a0<\/p>\n<p>        <img class=\"image__img lazyload\" itemprop=\"image\" title=\"Foto: Instagram, @dejesusoficial\" alt=\"TAKKER ARSENAL: Da datteren Helena ble f\u00f8dt, var opplevelsen traumatisk. Da s\u00f8nnen Daniel kom til verden, la klubben til rette for en god opplevelse for Raiane og Gabriel Jesus. Foto: Instagram, @dejesusoficial\" width=\"675\" height=\"554\" bad-src=\"https:\/\/www.europesays.com\/no\/wp-content\/uploads\/2025\/12\/18409148.webp\" fetchpriority=\"auto\" \/><\/p>\n<p>      TAKKER ARSENAL: Da datteren Helena ble f\u00f8dt, var opplevelsen traumatisk. Da s\u00f8nnen Daniel kom til verden, la klubben til rette for en god opplevelse for Raiane og Gabriel Jesus.<br \/>\n         Foto: Instagram, @dejesusoficial<\/p>\n<p>Og spesielt var det utfordrende for Raiane, som var n\u00e6rmest alene i England mens han levde livet som fotballspiller.\u00a0<\/p>\n<p>\u2013 Jeg var rett og slett ikke s\u00e5 mye der for kona mi. Hun m\u00e5tte f\u00f8de her i England, 6000 mil unna familien sin, og uten \u00e5 snakke spr\u00e5ket. Under f\u00f8dselen oppsto det en alvorlig komplikasjon, og hun mistet mye blod. N\u00e5r du har et medisinsk problem som dette, er begrepene sykepleierne bruker skumle, selv om det er p\u00e5 ditt eget spr\u00e5k. Alt skjer s\u00e5 fort. Du er hjelpel\u00f8s. Men n\u00e5r du akkurat l\u00e6rer deg spr\u00e5ket, og noe slikt skjer, er det enda mer skremmende.<\/p>\n<p>Heldigvis klarte legene \u00e5 stoppe bl\u00f8dningen og Helena s\u00e5 dagens lys.<\/p>\n<p>\u2013 Men vi var traumatisert av opplevelsen. Jeg holdt datteren min bare \u00e9n dag. Dagen etter pakket jeg bagene mine igjen. Jeg hadde et fly \u00e5 rekke for landslaget. Fotballen stopper aldri, beskriver 28-\u00e5ringen.<\/p>\n<p>Da han ble skadet, lot Arsenal spissen reise til Brasil slik at kona kunne f\u00f8de i hjemlandet.\u00a0<\/p>\n<p>Det ble heldigvis en god opplevelse for mor, far og stores\u00f8ster.\u00a0<\/p>\n<p>\u2013 Ja, dr\u00f8mmen i yrkeslivet var alltid \u00e5 bli fotballspiller. Men dr\u00f8mmen min i privatlivet var \u00e5 bli far, skriver Gabriel Jesus.\u00a0<\/p>\n<p>        <img class=\"image__img lazyload\" itemprop=\"image\" title=\"Foto: Instagram, @dejesusoficial\" alt=\"DR\u00d8M I OPPFYLLELSE: Gabriel Jesus, kona Raiane og barna Helena og Daniel. Foto: Instagram, @dejesusoficial\" width=\"675\" height=\"426\" bad-src=\"https:\/\/www.europesays.com\/no\/wp-content\/uploads\/2025\/12\/18409145.webp\" fetchpriority=\"auto\" \/><\/p>\n<p>      DR\u00d8M I OPPFYLLELSE: Gabriel Jesus, kona Raiane og barna Helena og Daniel.<br \/>\n         Foto: Instagram, @dejesusoficial<\/p>\n<p>\u2013 Vekket giganten<\/p>\n<p>N\u00e5 som han er tilbake, har han ogs\u00e5 et klart sportslig m\u00e5l. Som 18-\u00e5ring hjalp han Palmeiras med \u00e5 vinne den brasilianske ligaen for f\u00f8rste gang p\u00e5 22 \u00e5r.\u00a0<\/p>\n<p>\u2013 Vi vekket den sovende giganten og vant tittelen, og n\u00e5 kan de ikke slutte \u00e5 vinne, beskriver han.<\/p>\n<p>        <img class=\"image__img lazyload\" itemprop=\"image\" title=\"Foto: PAULO WHITAKER \/ Reuters \/ NTB\" alt=\"VEKKET KJEMPEN: Gabriel Jesus l\u00f8ftet trofeet med Palmeiras som 18-\u00e5ring. Foto: PAULO WHITAKER \/ Reuters \/ NTB\" width=\"675\" height=\"473\" bad-src=\"https:\/\/www.europesays.com\/no\/wp-content\/uploads\/2025\/12\/18409181.webp\" fetchpriority=\"auto\" \/><\/p>\n<p>      VEKKET KJEMPEN: Gabriel Jesus l\u00f8ftet trofeet med Palmeiras som 18-\u00e5ring.<br \/>\n         Foto: PAULO WHITAKER \/ Reuters \/ NTB<\/p>\n<p>N\u00e5 er det Arsenals tur til \u00e5 vekkes.\u00a0<\/p>\n<p>\u2013 Med denne manageren og denne troppen kan vi klare det. Jeg stoler p\u00e5 fotballen min. Jeg stoler p\u00e5 Guds plan. Og jeg vet at hvis jeg f\u00e5r en sjanse, kan jeg hjelpe laget med \u00e5 vinne ligaen, fastsl\u00e5r brasilianeren.\u00a0<\/p>\n<p>Og til sommeren er det tilfeldigvis slik at det er\u00a022 \u00e5r siden Arsenal sist vant Premier League-tittelen \u2026<\/p>\n<p>        <img class=\"image__img lazyload\" itemprop=\"image\" title=\"Foto: DAVID KLEIN \/ Reuters \/ NTB\" alt=\"TROF\u00c9-TID? Gabriel Jesus vil gj\u00f8re alt for \u00e5 hjelpe Martin \u00d8degaard og Arsenal med \u00e5 l\u00f8fte Premier League-trofeet. Foto: DAVID KLEIN \/ Reuters \/ NTB\" width=\"675\" height=\"379\" bad-src=\"https:\/\/www.europesays.com\/no\/wp-content\/uploads\/2025\/12\/18409150.webp\" fetchpriority=\"auto\" \/><\/p>\n<p>      TROF\u00c9-TID? Gabriel Jesus vil gj\u00f8re alt for \u00e5 hjelpe Martin \u00d8degaard og Arsenal med \u00e5 l\u00f8fte Premier League-trofeet.<br \/>\n         Foto: DAVID KLEIN \/ Reuters \/ NTB<\/p>\n","protected":false},"excerpt":{"rendered":"En dag uten fotball er en forferdelig dag, mener Arsenal-spissen Gabriel Jesus. S\u00e5 da han r\u00f8k korsb\u00e5ndet, hadde&hellip;\n","protected":false},"author":2,"featured_media":120357,"comment_status":"","ping_status":"","sticky":false,"template":"","format":"standard","meta":{"footnotes":""},"categories":[59],"tags":[30,28,29,83,82],"class_list":{"0":"post-120356","1":"post","2":"type-post","3":"status-publish","4":"format-standard","5":"has-post-thumbnail","7":"category-sport","8":"tag-no","9":"tag-norge","10":"tag-norway","11":"tag-sport","12":"tag-sports"},"share_on_mastodon":{"url":"https:\/\/pubeurope.com\/@no\/115769046661557819","error":""},"_links":{"self":[{"href":"https:\/\/www.europesays.com\/no\/wp-json\/wp\/v2\/posts\/120356","targetHints":{"allow":["GET"]}}],"collection":[{"href":"https:\/\/www.europesays.com\/no\/wp-json\/wp\/v2\/posts"}],"about":[{"href":"https:\/\/www.europesays.com\/no\/wp-json\/wp\/v2\/types\/post"}],"author":[{"embeddable":true,"href":"https:\/\/www.europesays.com\/no\/wp-json\/wp\/v2\/users\/2"}],"replies":[{"embeddable":true,"href":"https:\/\/www.europesays.com\/no\/wp-json\/wp\/v2\/comments?post=120356"}],"version-history":[{"count":0,"href":"https:\/\/www.europesays.com\/no\/wp-json\/wp\/v2\/posts\/120356\/revisions"}],"wp:featuredmedia":[{"embeddable":true,"href":"https:\/\/www.europesays.com\/no\/wp-json\/wp\/v2\/media\/120357"}],"wp:attachment":[{"href":"https:\/\/www.europesays.com\/no\/wp-json\/wp\/v2\/media?parent=120356"}],"wp:term":[{"taxonomy":"category","embeddable":true,"href":"https:\/\/www.europesays.com\/no\/wp-json\/wp\/v2\/categories?post=120356"},{"taxonomy":"post_tag","embeddable":true,"href":"https:\/\/www.europesays.com\/no\/wp-json\/wp\/v2\/tags?post=120356"}],"curies":[{"name":"wp","href":"https:\/\/api.w.org\/{rel}","templated":true}]}}