{"id":12036,"date":"2025-08-19T09:20:07","date_gmt":"2025-08-19T09:20:07","guid":{"rendered":"https:\/\/www.europesays.com\/no\/12036\/"},"modified":"2025-08-19T09:20:07","modified_gmt":"2025-08-19T09:20:07","slug":"trondheim-vant-kommune-karing-mn24-no","status":"publish","type":"post","link":"https:\/\/www.europesays.com\/no\/12036\/","title":{"rendered":"Trondheim vant kommune-k\u00e5ring &#8211; mn24.no"},"content":{"rendered":"<p>&#8211; Dette er en gledelig bekreftelse p\u00e5 det solide og systematiske arbeidet ledere og ansatte i kommunen legger ned hver eneste dag, sier byr\u00e5dsleder Kristian Dahlberg Hauge (H) til <a href=\"https:\/\/www.trondheim.kommune.no\/aktuelt\/nyhetssaker\/2025\/trondheim-pa-topp-blant-357-kommuner\/\" rel=\"noopener nofollow\" target=\"_blank\">kommunens nettside.<\/a><\/p>\n<p>Trondheim har aldri tidligere toppet Kommunebarometeret, som hvert \u00e5r presenteres av Kommunal Rapport. Kartleggingen m\u00e5ler kvaliteten p\u00e5 kommunale tjenester i alle landets 357 kommuner, og er basert p\u00e5 over 150 n\u00f8kkeltall. Analysen dekker blant annet skole og barnehage, pleie og omsorg, helse, barnevern og \u00f8konomi. Viktige omr\u00e5der vektes h\u00f8yere enn andre.<\/p>\n<p>&#8211; Vi har dedikerte og motiverte ansatte som legger hele seg i \u00e5 produsere gode tjenester. Det ligger hardt arbeid og kloke prioriteringer bak disse resultatene, sier Dahlberg Hauge videre.<\/p>\n<p>I 8 av 12 sektorer havner Trondheim kommune p\u00e5 en plassering blant de hundre beste kommunene. I sektorene grunnskole og barnevern er Trondheim henholdsvis nummer 17 og 24. \u201cDette tyder p\u00e5 m\u00e5lrettet, hardt arbeid over tid\u201d, heter det i Kommunal Rapports kommentar til Kommunebarometeret 2025.<\/p>\n<p>Trondheim har klatret h\u00f8yere p\u00e5 Kommunebarometeret de siste \u00e5rene, og er \u00f8verst p\u00e5 pallen til tross for bare 311. plass innen helse. P\u00e5 pallen ellers finne rman Hamar og Grimstad.<\/p>\n<p>Trondheim er den st\u00f8rste storbyen som topper Kommunebarometeret, siden Kommunal Rapport begynte \u00e5 kartlegge kommunene gjennom \u00e5 analysere offentlige databaser, blant annet fra Statistisk sentralbyr\u00e5.<\/p>\n<p><strong>Slik havner de tr\u00f8nderske kommunene p\u00e5 listen (utarbeidet av Opp):<\/strong><\/p>\n<tr>\n<td>1. Trondheim <\/td>\n<td> <\/td>\n<td> <\/td>\n<\/tr>\n<tr>\n<td>24.Malvik <\/td>\n<td> <\/td>\n<td> <\/td>\n<\/tr>\n<tr>\n<td>27. Stj\u00f8rdal <\/td>\n<td> <\/td>\n<td> <\/td>\n<\/tr>\n<tr>30. Oppdal   <\/tr>\n<tr>\n<td>72. Selbu <\/td>\n<td> <\/td>\n<td> <\/td>\n<\/tr>\n<tr>\n<td>89. Midtre Gauldal <\/td>\n<td> <\/td>\n<td> <\/td>\n<\/tr>\n<tr>\n<td>95. Indre Fosen <\/td>\n<td> <\/td>\n<td> <\/td>\n<\/tr>\n<tr>\n<td>97. Skaun <\/td>\n<td> <\/td>\n<td> <\/td>\n<\/tr>\n<tr>\n<td>107. Verdal <\/td>\n<td> <\/td>\n<td> <\/td>\n<\/tr>\n<tr>\n<td>119. Frosta <\/td>\n<td> <\/td>\n<td> <\/td>\n<\/tr>\n<tr>\n<td>122. Levanger <\/td>\n<td> <\/td>\n<td> <\/td>\n<\/tr>\n<tr>\n<td>126. Orkland <\/td>\n<td> <\/td>\n<td> <\/td>\n<\/tr>\n<tr>\n<td>131. Steinkjer <\/td>\n<td> <\/td>\n<td> <\/td>\n<\/tr>\n<tr>\n<td>137. Inder\u00f8y <\/td>\n<td> <\/td>\n<td> <\/td>\n<\/tr>\n<tr>\n<td>145. \u00d8rland <\/td>\n<td> <\/td>\n<td> <\/td>\n<\/tr>\n<tr>\n<td>152. Melhus <\/td>\n<td> <\/td>\n<td> <\/td>\n<\/tr>\n<tr>\n<td>180. Overhalla <\/td>\n<td> <\/td>\n<td> <\/td>\n<\/tr>\n<tr>\n<td>194. Heim <\/td>\n<td> <\/td>\n<td> <\/td>\n<\/tr>\n<tr>\n<td>197. Mer\u00e5ker <\/td>\n<td> <\/td>\n<td> <\/td>\n<\/tr>\n<tr>\n<td>200. Namsos <\/td>\n<td> <\/td>\n<td> <\/td>\n<\/tr>\n<tr>\n<td>207. Rindal <\/td>\n<td> <\/td>\n<td> <\/td>\n<\/tr>\n<tr>\n<td>218. Grong <\/td>\n<td> <\/td>\n<td> <\/td>\n<\/tr>\n<tr>\n<td>226. R\u00f8ros <\/td>\n<td> <\/td>\n<td> <\/td>\n<\/tr>\n<tr>\n<td>233. Sn\u00e5sa <\/td>\n<td> <\/td>\n<td> <\/td>\n<\/tr>\n<tr>\n<td>244. N\u00e6r\u00f8ysund <\/td>\n<td> <\/td>\n<td> <\/td>\n<\/tr>\n<tr>248. Rennebu   <\/tr>\n<tr>\n<td>251. Fr\u00f8ya <\/td>\n<td> <\/td>\n<td> <\/td>\n<\/tr>\n<tr>\n<td>252. Osen <\/td>\n<td> <\/td>\n<td> <\/td>\n<\/tr>\n<tr>\n<td>270. \u00c5fjord <\/td>\n<td> <\/td>\n<td> <\/td>\n<\/tr>\n<tr>\n<td>286. H\u00f8ylandet <\/td>\n<td> <\/td>\n<td> <\/td>\n<\/tr>\n<tr>\n<td>292. Holt\u00e5len <\/td>\n<td> <\/td>\n<td> <\/td>\n<\/tr>\n<tr>\n<td>295. Namskogan <\/td>\n<td> <\/td>\n<td> <\/td>\n<\/tr>\n<tr>\n<td>303. Hitra <\/td>\n<td> <\/td>\n<td> <\/td>\n<\/tr>\n<tr>\n<td>311. Flatanger <\/td>\n<td> <\/td>\n<td> <\/td>\n<\/tr>\n<tr>\n<td>314. Lierne <\/td>\n<td> <\/td>\n<td> <\/td>\n<\/tr>\n<tr>\n<td>318.Tydal <\/td>\n<td> <\/td>\n<td> <\/td>\n<\/tr>\n<tr>\n<td>346. R\u00f8yrvik <\/td>\n<td> <\/td>\n<td> <\/td>\n<\/tr>\n<tr>\n<td>352. Leka <\/td>\n<td> <\/td>\n<td> <\/td>\n<\/tr>\n<p><a href=\"https:\/\/www.mn24.no\/opp\/i\/0V221E\/sjekk-plasseringen-etter-fire-seire-faller-kraftig-i-kommune-nm\" rel=\"nofollow noopener\" target=\"_blank\"> <img decoding=\"async\" src=\"data:image\/gif;base64,R0lGODlhEAAJAIAAAP\/\/\/wAAACH5BAEAAAAALAAAAAAQAAkAAAIKhI+py+0Po5yUFQA7\" alt=\"\"\/>   Sjekk plasseringen etter fire seire: Faller kraftig i \u00abkommune-NM\u00bb  <\/a> <\/p>\n","protected":false},"excerpt":{"rendered":"&#8211; Dette er en gledelig bekreftelse p\u00e5 det solide og systematiske arbeidet ledere og ansatte i kommunen legger&hellip;\n","protected":false},"author":2,"featured_media":12037,"comment_status":"","ping_status":"","sticky":false,"template":"","format":"standard","meta":{"footnotes":""},"categories":[10],"tags":[20,21,24,25,15,2411,22,23,13,30,28,29,14,16,26,27,596,641],"class_list":{"0":"post-12036","1":"post","2":"type-post","3":"status-publish","4":"format-standard","5":"has-post-thumbnail","7":"category-norge","8":"tag-breaking-news","9":"tag-breakingnews","10":"tag-featured-news","11":"tag-featurednews","12":"tag-headlines","13":"tag-kommunebarometeret","14":"tag-latest-news","15":"tag-latestnews","16":"tag-news","17":"tag-no","18":"tag-norge","19":"tag-norway","20":"tag-nyheter","21":"tag-overskrifter","22":"tag-top-stories","23":"tag-topstories","24":"tag-trondheim","25":"tag-trondheim-kommune"},"share_on_mastodon":{"url":"","error":""},"_links":{"self":[{"href":"https:\/\/www.europesays.com\/no\/wp-json\/wp\/v2\/posts\/12036","targetHints":{"allow":["GET"]}}],"collection":[{"href":"https:\/\/www.europesays.com\/no\/wp-json\/wp\/v2\/posts"}],"about":[{"href":"https:\/\/www.europesays.com\/no\/wp-json\/wp\/v2\/types\/post"}],"author":[{"embeddable":true,"href":"https:\/\/www.europesays.com\/no\/wp-json\/wp\/v2\/users\/2"}],"replies":[{"embeddable":true,"href":"https:\/\/www.europesays.com\/no\/wp-json\/wp\/v2\/comments?post=12036"}],"version-history":[{"count":0,"href":"https:\/\/www.europesays.com\/no\/wp-json\/wp\/v2\/posts\/12036\/revisions"}],"wp:featuredmedia":[{"embeddable":true,"href":"https:\/\/www.europesays.com\/no\/wp-json\/wp\/v2\/media\/12037"}],"wp:attachment":[{"href":"https:\/\/www.europesays.com\/no\/wp-json\/wp\/v2\/media?parent=12036"}],"wp:term":[{"taxonomy":"category","embeddable":true,"href":"https:\/\/www.europesays.com\/no\/wp-json\/wp\/v2\/categories?post=12036"},{"taxonomy":"post_tag","embeddable":true,"href":"https:\/\/www.europesays.com\/no\/wp-json\/wp\/v2\/tags?post=12036"}],"curies":[{"name":"wp","href":"https:\/\/api.w.org\/{rel}","templated":true}]}}