{"id":120370,"date":"2025-12-23T13:25:10","date_gmt":"2025-12-23T13:25:10","guid":{"rendered":"https:\/\/www.europesays.com\/no\/120370\/"},"modified":"2025-12-23T13:25:10","modified_gmt":"2025-12-23T13:25:10","slug":"elena-sadiku-sk-brann-elena-sadiku-var-onsket-som-trener-i-brann-men-valgte-hacken","status":"publish","type":"post","link":"https:\/\/www.europesays.com\/no\/120370\/","title":{"rendered":"Elena Sadiku, SK Brann | Elena Sadiku var \u00f8nsket som trener i Brann, men valgte H\u00e4cken"},"content":{"rendered":"\n<p>Branns jakt etter en erstatter for Leif Gunnar Smerud som trener for klubbens damelag f\u00e5r ingen avklaring f\u00f8r jul. Fra flere kilder f\u00e5 BA bekreftet at en av favorittene som sto h\u00f8yt p\u00e5 \u00f8nskelisten p\u00e5 Stadion til \u00e5 overta jobben n\u00e5 er uaktuell.<\/p>\n<p>Mandag 22. desember ble nemlig Elena Sadiku presentert som H\u00e4cken-damenes nye hovedtrener.<\/p>\n<p>Det svenske laget vant serien i \u00e5r, og er i kvartfinalen i Europacupen. Sist sesong ble laget trent av Mak Lind, men han takket for seg etter sesongen og er p\u00e5 vei til en trenerjobb i USA.<\/p>\n<p>Samme rekrutteringsfirma<\/p>\n<p>B\u00e5de H\u00e4cken og Brann har brukt og bruker rekrutteringsselskapet Onenexus i jakten p\u00e5 en ny trener, og Sadiku skal etter det BA kjenner til ha v\u00e6rt i samtaler med Brann og tett p\u00e5 \u00e5 signere for Brann da klubben fra hjemlandet dukket opp i \u00abtolvte time\u00bb.<\/p>\n<p>  <a href=\"https:\/\/www.ba.no\/5-8-3252607\" class=\"related-teaser has-image default-story-teaser article--c-eRUmMG article--c-eRUmMG-jKCPdD-design-default\" rel=\"nofollow noopener\" target=\"_blank\"><\/p>\n<p>    <img decoding=\"async\" loading=\"lazy\"  src=\"https:\/\/www.europesays.com\/no\/wp-content\/uploads\/2025\/12\/SE1_9236_kopi.jpg\" alt=\"\" class=\"brick-c-cFOWSL\" style=\"\"\/><\/p>\n<p>\n            Les ogs\u00e5<\/p>\n<p>              Brann hyrer inn ekstern hjelp i trenerjakten\n        <\/p>\n<p>  <\/a><\/p>\n<p>32-\u00e5ringen er ogs\u00e5 kjent for \u00e5 v\u00e6re fotballekspert for den svenske TV-kanalen SVT.<\/p>\n<p><b>\u2013 Vi kommenterer ingen enkeltnavn i denne prosessen, er Brann-damenes sportssjef, Lars Johan Myklebust, sitt korte svar n\u00e5r BA konfronterer ham med v\u00e5re opplysninger.<\/b><\/p>\n<p>Elena Sadiku m\u00e5tte legge opp som spiller allerede som 23-\u00e5ring p\u00e5 grunn av en skade. Hun startet trenerkarrieren i damefotballen som assistenttrener i kinesiske Beijing BG Phoenix, f\u00f8r hun dro videre til svenske Roseng\u00e5rd og danske Fortuna Hj\u00f8rring.<\/p>\n<p>P\u00e5 plass over nytt\u00e5r?<\/p>\n<p>Den f\u00f8rste jobben som hovedtrener kom i Eskilstuna United, s\u00e5 Evertons U21-lag. De to siste \u00e5rene har hun v\u00e6rt hovedtrener for Celtic-damene. Hun har i flere \u00e5r v\u00e6rt ansett som en av de mest spennende trenertalentene p\u00e5 damesiden internasjonalt.<\/p>\n<p>  <a href=\"https:\/\/www.ba.no\/5-8-3259729\" class=\"related-teaser has-image default-story-teaser article--c-eRUmMG article--c-eRUmMG-jKCPdD-design-default\" rel=\"nofollow noopener\" target=\"_blank\"><\/p>\n<p>    <img decoding=\"async\" loading=\"lazy\"  src=\"https:\/\/www.europesays.com\/no\/wp-content\/uploads\/2025\/12\/brann-71.jpg\" alt=\"\" class=\"brick-c-cFOWSL\" style=\"\"\/><\/p>\n<p>\n            Les ogs\u00e5<\/p>\n<p>              Slutter i Brann: \u2013 En mulighet jeg ikke kunne si nei til\n        <\/p>\n<p>  <\/a><\/p>\n<p>Brann m\u00e5 dermed se til en annen kandidat i jakten p\u00e5 Leif Gunnar Smeruds erstatter, men h\u00e5pet er fortsatt at en ny sjef skal v\u00e6re p\u00e5 plass til sesongoppkj\u00f8ringen starter i midten av januar.<\/p>\n<p>\u2013 Det er fortsatt m\u00e5let at en ny hovedtrener skal v\u00e6re p\u00e5 plass til da, sier sportssjef Myklebust til BA.<\/p>\n<p>Det har ikke lyktes BA \u00e5 komme i kontakt med Sadiku.<\/p>\n","protected":false},"excerpt":{"rendered":"Branns jakt etter en erstatter for Leif Gunnar Smerud som trener for klubbens damelag f\u00e5r ingen avklaring f\u00f8r&hellip;\n","protected":false},"author":2,"featured_media":120371,"comment_status":"","ping_status":"","sticky":false,"template":"","format":"standard","meta":{"footnotes":""},"categories":[59],"tags":[36,14343,30,28,29,418,83,82,1510,895],"class_list":{"0":"post-120370","1":"post","2":"type-post","3":"status-publish","4":"format-standard","5":"has-post-thumbnail","7":"category-sport","8":"tag-art","9":"tag-elena-sadiku","10":"tag-no","11":"tag-norge","12":"tag-norway","13":"tag-sk-brann","14":"tag-sport","15":"tag-sports","16":"tag-story","17":"tag-toppserien"},"share_on_mastodon":{"url":"https:\/\/pubeurope.com\/@no\/115769109800921315","error":""},"_links":{"self":[{"href":"https:\/\/www.europesays.com\/no\/wp-json\/wp\/v2\/posts\/120370","targetHints":{"allow":["GET"]}}],"collection":[{"href":"https:\/\/www.europesays.com\/no\/wp-json\/wp\/v2\/posts"}],"about":[{"href":"https:\/\/www.europesays.com\/no\/wp-json\/wp\/v2\/types\/post"}],"author":[{"embeddable":true,"href":"https:\/\/www.europesays.com\/no\/wp-json\/wp\/v2\/users\/2"}],"replies":[{"embeddable":true,"href":"https:\/\/www.europesays.com\/no\/wp-json\/wp\/v2\/comments?post=120370"}],"version-history":[{"count":0,"href":"https:\/\/www.europesays.com\/no\/wp-json\/wp\/v2\/posts\/120370\/revisions"}],"wp:featuredmedia":[{"embeddable":true,"href":"https:\/\/www.europesays.com\/no\/wp-json\/wp\/v2\/media\/120371"}],"wp:attachment":[{"href":"https:\/\/www.europesays.com\/no\/wp-json\/wp\/v2\/media?parent=120370"}],"wp:term":[{"taxonomy":"category","embeddable":true,"href":"https:\/\/www.europesays.com\/no\/wp-json\/wp\/v2\/categories?post=120370"},{"taxonomy":"post_tag","embeddable":true,"href":"https:\/\/www.europesays.com\/no\/wp-json\/wp\/v2\/tags?post=120370"}],"curies":[{"name":"wp","href":"https:\/\/api.w.org\/{rel}","templated":true}]}}