{"id":120372,"date":"2025-12-23T13:34:08","date_gmt":"2025-12-23T13:34:08","guid":{"rendered":"https:\/\/www.europesays.com\/no\/120372\/"},"modified":"2025-12-23T13:34:08","modified_gmt":"2025-12-23T13:34:08","slug":"trump-fjerner-29-ambassadorer","status":"publish","type":"post","link":"https:\/\/www.europesays.com\/no\/120372\/","title":{"rendered":"Trump fjerner 29 ambassad\u00f8rer"},"content":{"rendered":"<p>  USAs president Donald Trump gj\u00f8r endringer p\u00e5 kort varsel.\u00a0<\/p>\n<p>\n    FJERNES: Nesten 30 amerikanske ambassad\u00f8rer har f\u00e5tt beskjed om at de m\u00e5 returnere til Washington &#8211; og det allerede i januar. Foto: Alex Brandon \/ AP \/ NTB\n  <\/p>\n<p>Forrige uke ga Trump-administrasjonen beskjed til 29 av landets ambassad\u00f8rer: Tjenesten deres avsluttes &#8211; og det allerede i januar.<\/p>\n<p>Det skriver <a href=\"https:\/\/apnews.com\/article\/diplomacy-ambassadors-state-department-1a10058998c86e799ce4e5132a99da18\" rel=\"nofollow noopener\" target=\"_blank\">nyhetsbyr\u00e5et AP<\/a>, som viser til kilder i det amerikanske utenriksdepartementet.<\/p>\n<p>M\u00e5let er \u00e5 omforme USAs diplomatiske tilstedev\u00e6relse i utlandet med personell som fullt ut st\u00f8tter president Donald Trumps \u00abAmerica First\u00bb-politikk, if\u00f8lge nyhetsbyr\u00e5et.\u00a0<\/p>\n<p>        -FRYKTELIG: President Donald Trump svarer p\u00e5 sp\u00f8rsm\u00e5l om de nylig offentliggjorte Epstein-dokumentene, som blant annet inneholder bilder av tidligere president Bill Clinton.<\/p>\n<p>Alle begynte i stillingene sine under Biden-administrasjonen.\u00a0<\/p>\n<p>Ambassad\u00f8rer tjener etter presidentens \u00f8nske, selv om de vanligvis blir i sine stillinger i tre til fire \u00e5r. De som er ber\u00f8rt av omorganiseringen mister ikke jobbene sine i utenrikstjenesten &#8211; og vil returnere til Washington for andre oppdrag dersom de \u00f8nsker det, if\u00f8lge amerikanske medier.<\/p>\n<p>Utenriksdepartementet \u00f8nsker ikke \u00e5 svare p\u00e5 hvor mange ambassad\u00f8rer som rammes. I en uttalelse har de imidlertid bekreftet at de gj\u00f8r endringer:<\/p>\n<p>&#8211; Dette er en standard prosess i enhver administrasjon. En ambassad\u00f8r er en personlig representant for presidenten, og det er presidentens rett \u00e5 sikre at han har personer i disse landene som fremmer America First-agendaen.<\/p>\n<p>Land som Filippinene, Vietnam, Egypt, Nigeria og Guatemala mister n\u00e5 sine amerikanske ambassad\u00f8rer.<\/p>\n","protected":false},"excerpt":{"rendered":"USAs president Donald Trump gj\u00f8r endringer p\u00e5 kort varsel.\u00a0 FJERNES: Nesten 30 amerikanske ambassad\u00f8rer har f\u00e5tt beskjed om&hellip;\n","protected":false},"author":2,"featured_media":120373,"comment_status":"","ping_status":"","sticky":false,"template":"","format":"standard","meta":{"footnotes":""},"categories":[12],"tags":[20,21,24,25,15,22,23,13,30,28,29,14,16,26,27,42,43,44,45],"class_list":{"0":"post-120372","1":"post","2":"type-post","3":"status-publish","4":"format-standard","5":"has-post-thumbnail","7":"category-verden","8":"tag-breaking-news","9":"tag-breakingnews","10":"tag-featured-news","11":"tag-featurednews","12":"tag-headlines","13":"tag-latest-news","14":"tag-latestnews","15":"tag-news","16":"tag-no","17":"tag-norge","18":"tag-norway","19":"tag-nyheter","20":"tag-overskrifter","21":"tag-top-stories","22":"tag-topstories","23":"tag-verden","24":"tag-world","25":"tag-world-news","26":"tag-worldnews"},"share_on_mastodon":{"url":"https:\/\/pubeurope.com\/@no\/115769145229957601","error":""},"_links":{"self":[{"href":"https:\/\/www.europesays.com\/no\/wp-json\/wp\/v2\/posts\/120372","targetHints":{"allow":["GET"]}}],"collection":[{"href":"https:\/\/www.europesays.com\/no\/wp-json\/wp\/v2\/posts"}],"about":[{"href":"https:\/\/www.europesays.com\/no\/wp-json\/wp\/v2\/types\/post"}],"author":[{"embeddable":true,"href":"https:\/\/www.europesays.com\/no\/wp-json\/wp\/v2\/users\/2"}],"replies":[{"embeddable":true,"href":"https:\/\/www.europesays.com\/no\/wp-json\/wp\/v2\/comments?post=120372"}],"version-history":[{"count":0,"href":"https:\/\/www.europesays.com\/no\/wp-json\/wp\/v2\/posts\/120372\/revisions"}],"wp:featuredmedia":[{"embeddable":true,"href":"https:\/\/www.europesays.com\/no\/wp-json\/wp\/v2\/media\/120373"}],"wp:attachment":[{"href":"https:\/\/www.europesays.com\/no\/wp-json\/wp\/v2\/media?parent=120372"}],"wp:term":[{"taxonomy":"category","embeddable":true,"href":"https:\/\/www.europesays.com\/no\/wp-json\/wp\/v2\/categories?post=120372"},{"taxonomy":"post_tag","embeddable":true,"href":"https:\/\/www.europesays.com\/no\/wp-json\/wp\/v2\/tags?post=120372"}],"curies":[{"name":"wp","href":"https:\/\/api.w.org\/{rel}","templated":true}]}}