{"id":120380,"date":"2025-12-23T13:41:19","date_gmt":"2025-12-23T13:41:19","guid":{"rendered":"https:\/\/www.europesays.com\/no\/120380\/"},"modified":"2025-12-23T13:41:19","modified_gmt":"2025-12-23T13:41:19","slug":"saab-har-levert-rekylfrie-kanoner-til-litauen","status":"publish","type":"post","link":"https:\/\/www.europesays.com\/no\/120380\/","title":{"rendered":"Saab har levert rekylfrie kanoner til Litauen"},"content":{"rendered":"<p class=\"kicker t15 font-weight-bold m-font-weight-bold color_mobile_no_bg_color quaternary color_mobile_quaternary font-Trim text-case-transform-upper mobile-hasTextPadding\" style=\"\">Nyheter<\/p>\n<p>    Det baltiske landet har mottatt den nyeste generasjonen Carl-Gustaf-rekylfrie kanoner etter kontraktsignering i 2024.<\/p>\n<p>\n        \u00d8VELSE: Bildet er av en norsk soldat som \u00f8ver med Carl-Gustaf-systemet under en \u00f8velse i 2015.<br \/>\n        Foto: Kristian Kapelrud, Forsvaret\n    <\/p>\n<p>Mot slutten av 2024 skrev Litauen under en kontrakt med verdi p\u00e5 over 14 millioner euro og dekker anskaffelsen av\u00a0den nyeste generasjonen Carl-Gustaf M4 RD-systemer. N\u00e5 er de rekylfrie kanonene klare til bruk,\u00a0skriver <a href=\"https:\/\/thedefensepost.com\/2025\/12\/17\/lithuania-carl-gustaf\/\" rel=\"nofollow noopener\" target=\"_blank\">The Defense Post<\/a>.\u00a0<\/p>\n<p>Den\u00a0litauiske\u00a0regjeringen bekrefter at leveringen vil fortsette ut i 2026, men at leveransene allerede har fylt opp lagrene til de v\u00e6pnede styrkene.\u00a0<\/p>\n<p>Siden signeringen av kontrakten i 2024 har ikke Litauen opplyst eksakt antall.\u00a0<\/p>\n<p>Carl-Gustaf M4 RD-systemet er levert av den svenske produsenten Saab. Varianten som er levert har en vekt p\u00e5 omtrent syv kilo og er nesten \u00e9n meter lang.\u00a0<\/p>\n<p>Den rekylfrie kanonen, som ble lansert i 2014,\u00a0har en kompakt struktur for \u00e5 forbedre mobilitet og brukervennlighet. Systemet kan betjenes av en soldat alene eller i par.\u00a0<\/p>\n<p>Avhengig av typen ammunisjon som brukes har systemet en rekkevidde p\u00e5 350 meter til 2500 meter og kan avfyre opp til seks granater i minuttet.<\/p>\n<p>Carl-Gustaf-systemet brukes av mer enn 40 land.\u00a0<\/p>\n<p class=\"italic m-italic\" data-lab-italic=\"italic\">I en tidligere versjon av denne saken ble\u00a0Carl-Gustaf M4 RD-systemet omtalt som granatkastere. Det riktige er at det er rekylfrie kanoner. Feilen ble rettet 23.12.2025, klokka 11:10.\u00a0<\/p>\n","protected":false},"excerpt":{"rendered":"Nyheter Det baltiske landet har mottatt den nyeste generasjonen Carl-Gustaf-rekylfrie kanoner etter kontraktsignering i 2024. \u00d8VELSE: Bildet er&hellip;\n","protected":false},"author":2,"featured_media":120381,"comment_status":"","ping_status":"","sticky":false,"template":"","format":"standard","meta":{"footnotes":""},"categories":[12],"tags":[20,21,24,25,15,22,23,13,30,28,29,14,16,26,27,42,43,44,45],"class_list":{"0":"post-120380","1":"post","2":"type-post","3":"status-publish","4":"format-standard","5":"has-post-thumbnail","7":"category-verden","8":"tag-breaking-news","9":"tag-breakingnews","10":"tag-featured-news","11":"tag-featurednews","12":"tag-headlines","13":"tag-latest-news","14":"tag-latestnews","15":"tag-news","16":"tag-no","17":"tag-norge","18":"tag-norway","19":"tag-nyheter","20":"tag-overskrifter","21":"tag-top-stories","22":"tag-topstories","23":"tag-verden","24":"tag-world","25":"tag-world-news","26":"tag-worldnews"},"share_on_mastodon":{"url":"https:\/\/pubeurope.com\/@no\/115769172656925331","error":""},"_links":{"self":[{"href":"https:\/\/www.europesays.com\/no\/wp-json\/wp\/v2\/posts\/120380","targetHints":{"allow":["GET"]}}],"collection":[{"href":"https:\/\/www.europesays.com\/no\/wp-json\/wp\/v2\/posts"}],"about":[{"href":"https:\/\/www.europesays.com\/no\/wp-json\/wp\/v2\/types\/post"}],"author":[{"embeddable":true,"href":"https:\/\/www.europesays.com\/no\/wp-json\/wp\/v2\/users\/2"}],"replies":[{"embeddable":true,"href":"https:\/\/www.europesays.com\/no\/wp-json\/wp\/v2\/comments?post=120380"}],"version-history":[{"count":0,"href":"https:\/\/www.europesays.com\/no\/wp-json\/wp\/v2\/posts\/120380\/revisions"}],"wp:featuredmedia":[{"embeddable":true,"href":"https:\/\/www.europesays.com\/no\/wp-json\/wp\/v2\/media\/120381"}],"wp:attachment":[{"href":"https:\/\/www.europesays.com\/no\/wp-json\/wp\/v2\/media?parent=120380"}],"wp:term":[{"taxonomy":"category","embeddable":true,"href":"https:\/\/www.europesays.com\/no\/wp-json\/wp\/v2\/categories?post=120380"},{"taxonomy":"post_tag","embeddable":true,"href":"https:\/\/www.europesays.com\/no\/wp-json\/wp\/v2\/tags?post=120380"}],"curies":[{"name":"wp","href":"https:\/\/api.w.org\/{rel}","templated":true}]}}