{"id":120384,"date":"2025-12-23T13:43:09","date_gmt":"2025-12-23T13:43:09","guid":{"rendered":"https:\/\/www.europesays.com\/no\/120384\/"},"modified":"2025-12-23T13:43:09","modified_gmt":"2025-12-23T13:43:09","slug":"mann-domt-til-elleve-ar-i-fengsel-for-drap-pa-broren","status":"publish","type":"post","link":"https:\/\/www.europesays.com\/no\/120384\/","title":{"rendered":"Mann d\u00f8mt til elleve \u00e5r i fengsel for drap p\u00e5 broren"},"content":{"rendered":"\n<p class=\"_lead_o9xde_2 _lead_xtcu6_50 layout-component text-serif-m layout-normal text-serif-l layout-component layout-wide layout-padded _wide_17hqh_1 layout-padded\">Retten trodde ikke p\u00e5 forklaringen om at drapet var et uhell.<\/p>\n<p><img alt=\"En mann er d\u00f8mt til elleve \u00e5r og seks m\u00e5neder i fengsel for \u00e5 ha drept broren sin i en leilighet p\u00e5 L\u00f8renskog.  Foto: H\u00e5kon Mosvold Larsen \/ NTB\" class=\"_image_qp4xg_65 layout-component layout-wide\" data-fullscreen- data-track-element-type=\"Article image fullscreen\" data-track-name=\"ImageFullscreen\" fetchpriority=\"high\" decoding=\"sync\" loading=\"eager\" height=\"3707\" itemprop=\"image\"  src=\"https:\/\/www.europesays.com\/no\/wp-content\/uploads\/2025\/12\/af63a597-0a17-410f-965c-ce5435bfa782\"  style=\"object-position:0% 0%\" width=\"5561\"\/>En mann er d\u00f8mt til elleve \u00e5r og seks m\u00e5neder i fengsel for \u00e5 ha drept broren sin i en leilighet p\u00e5 L\u00f8renskog.  Foto: H\u00e5kon Mosvold Larsen \/ NTB<\/p>\n<ul aria-hidden=\"true\" class=\"_images_ntbth_112\">\n<li><a class=\"_link_ntbth_117\" href=\"https:\/\/www.vg.no\/forfatter\/ntb\" style=\"z-index:1\" title=\"NTB\" rel=\"nofollow noopener\" target=\"_blank\"><img alt=\"Bilde av NTB\" class=\"_image_ntbth_93\" fetchpriority=\"low\" loading=\"lazy\" decoding=\"async\" itemprop=\"image\"  src=\"https:\/\/www.europesays.com\/no\/wp-content\/uploads\/2025\/12\/1766497388_858_c33980b0-5d07-4027-84a1-813f90a7c8d6\"  width=\"480\"\/><\/a><\/li>\n<\/ul>\n<p> Oppdatert tirsdag 23. desember kl. 13:56     <\/p>\n<p class=\"_paragraph_o9xde_4 _paragraph_xtcu6_10 layout-component text-serif-m layout-normal text-serif-m layout-padded\">En 29 \u00e5r gammel <a href=\"https:\/\/www.vg.no\/tag\/loerenskog?utm_source=vg-article&amp;utm_medium=auto-tagger&amp;utm_campaign=L4A6q1\" class=\"_link_o9xde_39\" rel=\"nofollow noopener\" target=\"_blank\">L\u00f8renskog<\/a>-mann er d\u00f8mt til elleve \u00e5r og seks m\u00e5neder i fengsel for \u00e5 ha drept broren sin.<\/p>\n<p class=\"_paragraph_o9xde_4 _paragraph_xtcu6_10 layout-component text-serif-m layout-normal text-serif-m layout-padded\">Dommen falt i Romerike og Gl\u00e5mdal tingrett mandag. <\/p>\n<p class=\"_paragraph_o9xde_4 _paragraph_xtcu6_10 layout-component text-serif-m layout-normal text-serif-m layout-padded\">Selve drapet skjedde i mars 2024.<\/p>\n<p class=\"_paragraph_o9xde_4 _paragraph_xtcu6_10 layout-component text-serif-m layout-normal text-serif-m layout-padded\">Mannen forklarte i retten at han og lillebroren hadde kranglet om husarbeid den aktuelle dagen. Krangelen f\u00f8rte til en sl\u00e5sskamp, skriver <a href=\"https:\/\/www.rb.no\/tror-ikke-pa-uhell-29-aring-domt-for-drap-pa-sin-egen-bror-i-lorenskog\/s\/5-43-2640951\" class=\"_link_o9xde_39\" rel=\"nofollow noopener\" target=\"_blank\">Romerikes Blad<\/a>.<\/p>\n<p><img alt=\"Krimteknikere p\u00e5 \u00e5stedet etter drapet.   Foto: Hallgeir V\u00e5genes \/ VG\" class=\"_image_qp4xg_65 layout-component layout-normal\" data-fullscreen- data-track-element-type=\"Article image fullscreen\" data-track-name=\"ImageFullscreen\" decoding=\"async\" loading=\"lazy\" height=\"2492\" itemprop=\"image\"  src=\"https:\/\/www.europesays.com\/no\/wp-content\/uploads\/2025\/12\/2ffa98cd-61a9-4fa2-aa15-cffc8705e73c\"  style=\"object-position:0% 0%\" width=\"3323\"\/>Krimteknikere p\u00e5 \u00e5stedet etter drapet.   Foto: Hallgeir V\u00e5genes \/ VG<\/p>\n<p class=\"_paragraph_o9xde_4 _paragraph_xtcu6_10 layout-component text-serif-m layout-normal text-serif-m layout-padded\">Han forklarte videre at han var frustrert fordi han tapte sl\u00e5sskampen og gikk for \u00e5 hente en pistol. <\/p>\n<p class=\"_paragraph_o9xde_4 _paragraph_xtcu6_10 layout-component text-serif-m layout-normal text-serif-m layout-padded\">S\u00e5 l\u00f8ftet han pistolen mot broren, som hadde g\u00e5tt inn p\u00e5 badet, og et skudd gikk av og traff lillebroren i hodet.<\/p>\n<p class=\"_paragraph_o9xde_4 _paragraph_xtcu6_10 layout-component text-serif-m layout-normal text-serif-m layout-padded\">\u2013 Det var et smell. Jeg pr\u00f8ve \u00e5 snakke til ham, men han svarte ikke. Plutselig falt han om. Jeg pr\u00f8vde \u00e5 ta ham imot, sa han i retten.<\/p>\n<p><img alt=\"Avd\u00f8de blir b\u00e5ret ut av leiligheten etter drapet.   Foto: Hallgeir V\u00e5genes \/ VG\" class=\"_image_qp4xg_65 layout-component layout-normal\" data-fullscreen- data-track-element-type=\"Article image fullscreen\" data-track-name=\"ImageFullscreen\" decoding=\"async\" loading=\"lazy\" height=\"2656\" itemprop=\"image\"  src=\"https:\/\/www.europesays.com\/no\/wp-content\/uploads\/2025\/12\/36fb1a01-2564-4ede-99a0-e51a6f3741cc\"  style=\"object-position:0% 0%\" width=\"3984\"\/>Avd\u00f8de blir b\u00e5ret ut av leiligheten etter drapet.   Foto: Hallgeir V\u00e5genes \/ VG<\/p>\n<p class=\"_paragraph_o9xde_4 _paragraph_xtcu6_10 layout-component text-serif-m layout-normal text-serif-m layout-padded\">Tingretten har imidlertid ikke festet lit til forklaringen om at det hele var et uhell. Dommen sl\u00e5r fast at drapet var forsettlig. <\/p>\n<p class=\"_paragraph_o9xde_4 _paragraph_xtcu6_10 layout-component text-serif-m layout-normal text-serif-m layout-padded\">Mannen erkjente straffskyld for uaktsomt drap, men nektet straffskyld for forsettlig drap. Familien \u00f8nsket ikke straff for den tiltalte.<\/p>\n<p class=\"_paragraph_o9xde_4 _paragraph_xtcu6_10 layout-component text-serif-m layout-normal text-serif-m layout-padded\">\u2013 De opplever dette som en dypt tragisk ulykke, ikke en villet handling, sa bistandsadvokat Farooq Ansari i sitt innledningsforedrag.<\/p>\n<p class=\"_paragraph_o9xde_4 _paragraph_xtcu6_10 layout-component text-serif-m layout-normal text-serif-m layout-padded\">Dommen er ikke rettskraftig.<\/p>\n","protected":false},"excerpt":{"rendered":"Retten trodde ikke p\u00e5 forklaringen om at drapet var et uhell. En mann er d\u00f8mt til elleve \u00e5r&hellip;\n","protected":false},"author":2,"featured_media":120385,"comment_status":"","ping_status":"","sticky":false,"template":"","format":"standard","meta":{"footnotes":""},"categories":[5],"tags":[20,21,377,24,25,15,19,22,23,2692,17,18,13,30,28,29,14,16,26,27],"class_list":{"0":"post-120384","1":"post","2":"type-post","3":"status-publish","4":"format-standard","5":"has-post-thumbnail","7":"category-overskrifter","8":"tag-breaking-news","9":"tag-breakingnews","10":"tag-drap","11":"tag-featured-news","12":"tag-featurednews","13":"tag-headlines","14":"tag-hovedoppslag","15":"tag-latest-news","16":"tag-latestnews","17":"tag-lorenskog","18":"tag-main-news","19":"tag-mainnews","20":"tag-news","21":"tag-no","22":"tag-norge","23":"tag-norway","24":"tag-nyheter","25":"tag-overskrifter","26":"tag-top-stories","27":"tag-topstories"},"share_on_mastodon":{"url":"https:\/\/pubeurope.com\/@no\/115769180646967543","error":""},"_links":{"self":[{"href":"https:\/\/www.europesays.com\/no\/wp-json\/wp\/v2\/posts\/120384","targetHints":{"allow":["GET"]}}],"collection":[{"href":"https:\/\/www.europesays.com\/no\/wp-json\/wp\/v2\/posts"}],"about":[{"href":"https:\/\/www.europesays.com\/no\/wp-json\/wp\/v2\/types\/post"}],"author":[{"embeddable":true,"href":"https:\/\/www.europesays.com\/no\/wp-json\/wp\/v2\/users\/2"}],"replies":[{"embeddable":true,"href":"https:\/\/www.europesays.com\/no\/wp-json\/wp\/v2\/comments?post=120384"}],"version-history":[{"count":0,"href":"https:\/\/www.europesays.com\/no\/wp-json\/wp\/v2\/posts\/120384\/revisions"}],"wp:featuredmedia":[{"embeddable":true,"href":"https:\/\/www.europesays.com\/no\/wp-json\/wp\/v2\/media\/120385"}],"wp:attachment":[{"href":"https:\/\/www.europesays.com\/no\/wp-json\/wp\/v2\/media?parent=120384"}],"wp:term":[{"taxonomy":"category","embeddable":true,"href":"https:\/\/www.europesays.com\/no\/wp-json\/wp\/v2\/categories?post=120384"},{"taxonomy":"post_tag","embeddable":true,"href":"https:\/\/www.europesays.com\/no\/wp-json\/wp\/v2\/tags?post=120384"}],"curies":[{"name":"wp","href":"https:\/\/api.w.org\/{rel}","templated":true}]}}