{"id":120386,"date":"2025-12-23T13:44:09","date_gmt":"2025-12-23T13:44:09","guid":{"rendered":"https:\/\/www.europesays.com\/no\/120386\/"},"modified":"2025-12-23T13:44:09","modified_gmt":"2025-12-23T13:44:09","slug":"liverpool-antoine-semenyo-ryktene-herjer-velger-liverpool","status":"publish","type":"post","link":"https:\/\/www.europesays.com\/no\/120386\/","title":{"rendered":"Liverpool, Antoine Semenyo | Ryktene herjer: \u2013 Velger Liverpool"},"content":{"rendered":"\n<p>Overgangsvinduet i Premier League n\u00e6rmer seg med stormskritt og selv om januar vanligvis er en rolig m\u00e5ned for de st\u00f8rste klubbene, er det mange spekulasjoner og rykter som herjer inn mot det kommende vinduet.<\/p>\n<p>Det som kanskje er det st\u00f8rste sp\u00f8rsm\u00e5let er: Kommer Antoine Semenyo til \u00e5 flytte p\u00e5 seg?<\/p>\n<p>Bournemouth-stjernen har lagt bak seg en lysende h\u00f8st i Premier League og if\u00f8lge rapporter i England skal angrepsspilleren ha en utkj\u00f8psklausul p\u00e5 rundt 65 millioner pund \u2013 noe som tilsvarer rundt 885 millioner norske kroner.<\/p>\n<p>Klubber som Liverpool, Manchester United og Manchester City blir nevnt i forbindelse med 25-\u00e5ringen.<\/p>\n<p>If\u00f8lge Fabrizio Romano har ogs\u00e5 Chelsea ringt fredag for \u00e5 forh\u00f8re seg om en potensiell avtale.<\/p>\n<p><b>Overganger: <a href=\"https:\/\/www.nettavisen.no\/sport\/overgangsrykter\" rel=\"Follow nofollow noopener\" target=\"_blank\">Nettavisen f\u00f8lger overgangsvinduet hver dag her <\/a><\/b><\/p>\n<p>Tror Semenyo vil velge Liverpool<\/p>\n<p>Liverpool fikk nylig en skade p\u00e5 stjernespiss Alexander Isak, noe som kan gj\u00f8re at de r\u00f8de sonderer markedet etter ytterligere forsterkninger i angrepet. Skal vi tro Sky Sports, ligger de r\u00f8de godt an i l\u00f8ypa, om det g\u00e5r for ghaneseren.<\/p>\n<p><b>Les ogs\u00e5: <a href=\"https:\/\/www.nettavisen.no\/sport\/i-strupen-pa-alexander-isak-utspillet-motes-med-forakt\/s\/5-95-2794521\" rel=\"Follow nofollow noopener\" target=\"_blank\">Langer ut mot Isak: Kommentar vekker avsky <\/a><\/b><\/p>\n<p>\u2013 Om Liverpool g\u00e5r for ham, velger han Liverpool, sier Sky Sports-reporter Kaveh Solhekol i en podkast p\u00e5 kanalen.<\/p>\n<p>\u2013 Liverpool er for bra til \u00e5 si nei til. De har beundret ham en stund og vurdert \u00e5 signere ham tidligere. Liverpool er ogs\u00e5 en klubb med en historie for \u00e5 gj\u00f8re signeringer i januar, sier Sky Sports-profilen videre.<\/p>\n<p>   <img decoding=\"async\" width=\"2760\" height=\"2040\" fetchpriority=\"low\"  loading=\"lazy\"  src=\"https:\/\/www.europesays.com\/no\/wp-content\/uploads\/2025\/12\/kaveh.jpg\" alt=\"Sky Sports Chief Reporter Kaveh Solhekol leaving the Premier League shareholders meeting at The Churchill, London. Picture date: Friday November 21, 2025.\" class=\"brick-c-cFOWSL\" style=\"--brick-image-ratio: 2760 \/ 2040;\"\/><\/p>\n<p>      SKY SPORTS-PROFIL: Kaveh Solhekol har rollen som sjefsreporter i mediegiganten.<br \/>\n      Foto: Ben Whitley (Pa Photos)\n    <\/p>\n<p>Han peker p\u00e5 at Liverpool hentet b\u00e5de Luis Diaz og Cody Gakpo i januarvinduet, da de ble koblet med andre klubber.<\/p>\n<p>\u2013 Liverpool involverer seg aldri i budkriger. De venter til tolvte time, n\u00e5r det n\u00e6rmer seg at andre klubber skal f\u00e5 i stand en avtale for spilleren, og s\u00e5 plukker de opp telefonen og kupper avtalen, mener Solhekol.<\/p>\n<p>\u2013 Det er ventet at det blir en rolig januar for Liverpool, men de har penger \u00e5 bruke. Noen ganger agerer de raskt for \u00e5 sikre seg en spiller de i utgangspunktet ville ha til sommeren, om de tror de er en sjanse for at noen andre er p\u00e5 banen.<\/p>\n<p>Slot om Isak: Ute i et par m\u00e5neder<\/p>\n<p>Han tror Liverpool i disse dager diskuterer internt om de skal g\u00e5 for en ny spiller i vinter.<\/p>\n<p><b>Les ogs\u00e5: <a href=\"https:\/\/www.nettavisen.no\/sport\/tv-2-tabbe-fikk-seere-til-a-rase-na-kan-det-bli-tilsynssak\/s\/5-95-2794736\" rel=\"Follow nofollow noopener\" target=\"_blank\">Sinne etter TV 2-tabbe: Kan bli tilsynssak <\/a><\/b><\/p>\n<p>\u2013 Spesielt med tanke p\u00e5 Isaks skade, kommer det til \u00e5 bli diskusjoner om et framst\u00f8t mot Semenyo, tror Sky Sports-reporteren.<\/p>\n<p>Liverpools hovedtrener Arne Slot uttalte seg tirsdag om skadesituasjonen til Alexander Isak.<\/p>\n<p>P\u00e5 en pressekonferanse sa nederlenderen at han venter at spissen er ute i rundt to m\u00e5neder.<\/p>\n<p>Isak fikk konstatert et brudd i beinet etter en takling i m\u00f8tet med Tottenham nylig og har blitt operert for bruddet.<\/p>\n<p>\u2013 Det blir en lang skadeperiode, et par m\u00e5neder. En stor skuffelse for ham og for oss, sier Slot.<\/p>\n","protected":false},"excerpt":{"rendered":"Overgangsvinduet i Premier League n\u00e6rmer seg med stormskritt og selv om januar vanligvis er en rolig m\u00e5ned for&hellip;\n","protected":false},"author":2,"featured_media":120387,"comment_status":"","ping_status":"","sticky":false,"template":"","format":"standard","meta":{"footnotes":""},"categories":[59],"tags":[30,28,29,83,82],"class_list":{"0":"post-120386","1":"post","2":"type-post","3":"status-publish","4":"format-standard","5":"has-post-thumbnail","7":"category-sport","8":"tag-no","9":"tag-norge","10":"tag-norway","11":"tag-sport","12":"tag-sports"},"share_on_mastodon":{"url":"https:\/\/pubeurope.com\/@no\/115769184644947946","error":""},"_links":{"self":[{"href":"https:\/\/www.europesays.com\/no\/wp-json\/wp\/v2\/posts\/120386","targetHints":{"allow":["GET"]}}],"collection":[{"href":"https:\/\/www.europesays.com\/no\/wp-json\/wp\/v2\/posts"}],"about":[{"href":"https:\/\/www.europesays.com\/no\/wp-json\/wp\/v2\/types\/post"}],"author":[{"embeddable":true,"href":"https:\/\/www.europesays.com\/no\/wp-json\/wp\/v2\/users\/2"}],"replies":[{"embeddable":true,"href":"https:\/\/www.europesays.com\/no\/wp-json\/wp\/v2\/comments?post=120386"}],"version-history":[{"count":0,"href":"https:\/\/www.europesays.com\/no\/wp-json\/wp\/v2\/posts\/120386\/revisions"}],"wp:featuredmedia":[{"embeddable":true,"href":"https:\/\/www.europesays.com\/no\/wp-json\/wp\/v2\/media\/120387"}],"wp:attachment":[{"href":"https:\/\/www.europesays.com\/no\/wp-json\/wp\/v2\/media?parent=120386"}],"wp:term":[{"taxonomy":"category","embeddable":true,"href":"https:\/\/www.europesays.com\/no\/wp-json\/wp\/v2\/categories?post=120386"},{"taxonomy":"post_tag","embeddable":true,"href":"https:\/\/www.europesays.com\/no\/wp-json\/wp\/v2\/tags?post=120386"}],"curies":[{"name":"wp","href":"https:\/\/api.w.org\/{rel}","templated":true}]}}