{"id":120400,"date":"2025-12-23T13:57:14","date_gmt":"2025-12-23T13:57:14","guid":{"rendered":"https:\/\/www.europesays.com\/no\/120400\/"},"modified":"2025-12-23T13:57:14","modified_gmt":"2025-12-23T13:57:14","slug":"porsgrunn-pakjorsel-mann-dode-etter-pakjorsel","status":"publish","type":"post","link":"https:\/\/www.europesays.com\/no\/120400\/","title":{"rendered":"Porsgrunn, P\u00e5kj\u00f8rsel | Mann d\u00f8de etter p\u00e5kj\u00f8rsel"},"content":{"rendered":"\n<p>Det opplyser jourhavende jurist, politifullmektig B\u00e5rd Tangen Nilsson, til TA tirsdag formiddag.<\/p>\n<p>\u2013 Vi fikk melding fra sykehuset ved 16-tida i g\u00e5r (mandag) om at personen er d\u00f8d, sier Nilsson.<\/p>\n<p>Det var klokka 14.38 s\u00f8ndag ettermiddag at n\u00f8detatene fikk melding om ei trafikkulykke i Tollbugata i Porsgrunn, like ved Down Town. Ulykka ble raskt omtalt som ei alvorlig ulykke, der en fotgjenger var blitt p\u00e5kj\u00f8rt av en bil. Anestesilegebilen startet behandling p\u00e5 stedet, og deretter kj\u00f8rte den luftambulansen i m\u00f8te. S\u00e5 ble pasienten fl\u00f8yet til Oslo. <\/p>\n<p>Men mannen overlevde ikke skadene og d\u00f8de p\u00e5 sykehuset mandag. De p\u00e5r\u00f8rende er varslet. <\/p>\n<p>Politifullmektig Andreas Nyhaug opplyste til TA mandag at bilf\u00f8reren er siktet for brudd p\u00e5 vegtrafikkloven, og at det ogs\u00e5 er gjort noe etterforskning for \u00e5 kartlegge hendelsesforl\u00f8pet.<\/p>\n","protected":false},"excerpt":{"rendered":"Det opplyser jourhavende jurist, politifullmektig B\u00e5rd Tangen Nilsson, til TA tirsdag formiddag. \u2013 Vi fikk melding fra sykehuset&hellip;\n","protected":false},"author":2,"featured_media":118916,"comment_status":"","ping_status":"","sticky":false,"template":"","format":"standard","meta":{"footnotes":""},"categories":[5],"tags":[36,20,21,753,24,25,15,19,22,23,17,18,13,30,28,29,14,16,4723,1370,1510,26,27],"class_list":{"0":"post-120400","1":"post","2":"type-post","3":"status-publish","4":"format-standard","5":"has-post-thumbnail","7":"category-overskrifter","8":"tag-art","9":"tag-breaking-news","10":"tag-breakingnews","11":"tag-dodsulykke","12":"tag-featured-news","13":"tag-featurednews","14":"tag-headlines","15":"tag-hovedoppslag","16":"tag-latest-news","17":"tag-latestnews","18":"tag-main-news","19":"tag-mainnews","20":"tag-news","21":"tag-no","22":"tag-norge","23":"tag-norway","24":"tag-nyheter","25":"tag-overskrifter","26":"tag-pakjorsel","27":"tag-porsgrunn","28":"tag-story","29":"tag-top-stories","30":"tag-topstories"},"share_on_mastodon":{"url":"https:\/\/pubeurope.com\/@no\/115769235512401221","error":""},"_links":{"self":[{"href":"https:\/\/www.europesays.com\/no\/wp-json\/wp\/v2\/posts\/120400","targetHints":{"allow":["GET"]}}],"collection":[{"href":"https:\/\/www.europesays.com\/no\/wp-json\/wp\/v2\/posts"}],"about":[{"href":"https:\/\/www.europesays.com\/no\/wp-json\/wp\/v2\/types\/post"}],"author":[{"embeddable":true,"href":"https:\/\/www.europesays.com\/no\/wp-json\/wp\/v2\/users\/2"}],"replies":[{"embeddable":true,"href":"https:\/\/www.europesays.com\/no\/wp-json\/wp\/v2\/comments?post=120400"}],"version-history":[{"count":0,"href":"https:\/\/www.europesays.com\/no\/wp-json\/wp\/v2\/posts\/120400\/revisions"}],"wp:featuredmedia":[{"embeddable":true,"href":"https:\/\/www.europesays.com\/no\/wp-json\/wp\/v2\/media\/118916"}],"wp:attachment":[{"href":"https:\/\/www.europesays.com\/no\/wp-json\/wp\/v2\/media?parent=120400"}],"wp:term":[{"taxonomy":"category","embeddable":true,"href":"https:\/\/www.europesays.com\/no\/wp-json\/wp\/v2\/categories?post=120400"},{"taxonomy":"post_tag","embeddable":true,"href":"https:\/\/www.europesays.com\/no\/wp-json\/wp\/v2\/tags?post=120400"}],"curies":[{"name":"wp","href":"https:\/\/api.w.org\/{rel}","templated":true}]}}