{"id":120405,"date":"2025-12-23T14:03:25","date_gmt":"2025-12-23T14:03:25","guid":{"rendered":"https:\/\/www.europesays.com\/no\/120405\/"},"modified":"2025-12-23T14:03:25","modified_gmt":"2025-12-23T14:03:25","slug":"uvaer-vestvagoy-gult-farevarsel-det-blir-sterk-kuling-og-veldig-mye-regn","status":"publish","type":"post","link":"https:\/\/www.europesays.com\/no\/120405\/","title":{"rendered":"Uv\u00e6r, Vestv\u00e5g\u00f8y | Gult farevarsel: \u2013 Det blir sterk kuling og veldig mye regn"},"content":{"rendered":"\n<p>\u2013 Det blir alt annet en hvit jul, kommer det kontant fra vakthavende meteorolog Marit Kollstuen n\u00e5r vi med h\u00e5p i stemmen sp\u00f8r om det er sjanse for hvit jul i \u00e5r.<\/p>\n<p>Gult farevarsel<\/p>\n<p>Kollstuen sier at det blir mye v\u00e6r i Lofoten julaften og 1. juledag. <\/p>\n<p>\u2013 Lillejulaften blir det laber bris og opphold, men p\u00e5 kvelden blir det mer vind. Natt til julaften s\u00e5 kommer det en lavtrykksfront som har med seg mye nedb\u00f8r vind fra vest. Vinden kan komme opp i stiv til sterk kuling. P\u00e5 formiddagen vil vinden spakne og dreie \u00f8stlig. Det vil ogs\u00e5 bli oppholdsv\u00e6r, sier Kollstuen.<\/p>\n<p>Julaften ettermiddag blir det en ny runde med vind og regn.<\/p>\n<p>&#8216;- Om ettermiddagen julaften kommer det nok en lavtrykksfront med vind denne gang fra s\u00f8rvest som kommer opp i stiv til sterk kuling. Det blir ogs\u00e5 veldig mye nedb\u00f8r, spesielt i \u00f8stre av Lofoten. Det er sendt ut gult farevarsel for mye nedb\u00f8r gjeldende for deler av Nordland, inkludert Lofoten julaften kveld og 1. juledag. Det er ogs\u00e5 sendt ut gult farevarsel for sterk vind, sier Kollstuen. <\/p>\n<p>\u2013 Slik det ser ut n\u00e5 s\u00e5 blir det mindre nedb\u00f8r i ytre del av Lofoten, legger hun til. <\/p>\n<p>Usikre prognoser<\/p>\n<p>1. juledag blir ogs\u00e5 preget av mye vind og mye regn.<\/p>\n<p>\u2013 Det blir vind opp i sterk kuling og regn. Det vil roe seg utover ettermiddagen, sier meteorologen.<\/p>\n<p>Kollstuen sier prognosene fra resten av jula er usikre.<\/p>\n<p>\u2013 Det kan se ut som flere uv\u00e6rsfronter er p\u00e5 vei, men det er for tidlig \u00e5 si noe sikkert. Det som er sikkert er at det blir mye v\u00e6r julaften og 1. julaften, sl\u00e5r meteorologen fast. <\/p>\n<p>Det er sendt ut oransje farevarsel for sn\u00f8skredfare i Lofoten og Vester\u00e5len. <\/p>\n","protected":false},"excerpt":{"rendered":"\u2013 Det blir alt annet en hvit jul, kommer det kontant fra vakthavende meteorolog Marit Kollstuen n\u00e5r vi&hellip;\n","protected":false},"author":2,"featured_media":9634,"comment_status":"","ping_status":"","sticky":false,"template":"","format":"standard","meta":{"footnotes":""},"categories":[10],"tags":[36,20,21,24,25,1186,15,22,23,1461,13,30,28,29,14,16,1463,1510,26,27,3230,1459,1462,1460],"class_list":{"0":"post-120405","1":"post","2":"type-post","3":"status-publish","4":"format-standard","5":"has-post-thumbnail","7":"category-norge","8":"tag-art","9":"tag-breaking-news","10":"tag-breakingnews","11":"tag-featured-news","12":"tag-featurednews","13":"tag-flakstad","14":"tag-headlines","15":"tag-latest-news","16":"tag-latestnews","17":"tag-moskenes","18":"tag-news","19":"tag-no","20":"tag-norge","21":"tag-norway","22":"tag-nyheter","23":"tag-overskrifter","24":"tag-rost","25":"tag-story","26":"tag-top-stories","27":"tag-topstories","28":"tag-uvaer","29":"tag-vagan","30":"tag-vaeroy","31":"tag-vestvagoy"},"share_on_mastodon":{"url":"https:\/\/pubeurope.com\/@no\/115769259189313354","error":""},"_links":{"self":[{"href":"https:\/\/www.europesays.com\/no\/wp-json\/wp\/v2\/posts\/120405","targetHints":{"allow":["GET"]}}],"collection":[{"href":"https:\/\/www.europesays.com\/no\/wp-json\/wp\/v2\/posts"}],"about":[{"href":"https:\/\/www.europesays.com\/no\/wp-json\/wp\/v2\/types\/post"}],"author":[{"embeddable":true,"href":"https:\/\/www.europesays.com\/no\/wp-json\/wp\/v2\/users\/2"}],"replies":[{"embeddable":true,"href":"https:\/\/www.europesays.com\/no\/wp-json\/wp\/v2\/comments?post=120405"}],"version-history":[{"count":0,"href":"https:\/\/www.europesays.com\/no\/wp-json\/wp\/v2\/posts\/120405\/revisions"}],"wp:featuredmedia":[{"embeddable":true,"href":"https:\/\/www.europesays.com\/no\/wp-json\/wp\/v2\/media\/9634"}],"wp:attachment":[{"href":"https:\/\/www.europesays.com\/no\/wp-json\/wp\/v2\/media?parent=120405"}],"wp:term":[{"taxonomy":"category","embeddable":true,"href":"https:\/\/www.europesays.com\/no\/wp-json\/wp\/v2\/categories?post=120405"},{"taxonomy":"post_tag","embeddable":true,"href":"https:\/\/www.europesays.com\/no\/wp-json\/wp\/v2\/tags?post=120405"}],"curies":[{"name":"wp","href":"https:\/\/api.w.org\/{rel}","templated":true}]}}