{"id":120408,"date":"2025-12-23T14:05:29","date_gmt":"2025-12-23T14:05:29","guid":{"rendered":"https:\/\/www.europesays.com\/no\/120408\/"},"modified":"2025-12-23T14:05:29","modified_gmt":"2025-12-23T14:05:29","slug":"neymar-operasjon-neymar-opererte-kneet","status":"publish","type":"post","link":"https:\/\/www.europesays.com\/no\/120408\/","title":{"rendered":"Neymar, Operasjon | Neymar opererte kneet"},"content":{"rendered":"\n<p>Det skriver <a rel=\"noopener nofollow\" href=\"https:\/\/www.bbc.com\/sport\/football\/articles\/c3r70vpjd3wo\" target=\"_blank\">BBC<\/a>.<\/p>\n<p>33-\u00e5ringen m\u00e5tte gjennom en operasjon i venstre kne grunnet en skadet menisk.<\/p>\n<p>Neymar har spilt med skaden gjennom en tr\u00f8blete sesong for Santos. Klubben unngikk nedrykk fra den \u00f8verste divisjonen i Brasil.<\/p>\n<p>Neymar har slitt med skader de siste \u00e5rene. Han r\u00f8k korsb\u00e5ndet i 2023 da han spilte for Al-Hilal i Saudi-Arabia.<\/p>\n<p>Den tidligere Barcelona- og PSG-stjernen har et h\u00e5p om \u00e5 komme med i Brasil-troppen til fotball-VM neste \u00e5r. Neymar st\u00e5r med 79 m\u00e5l p\u00e5 128 kamper for Brasil, men har ikke spilt en landskamp p\u00e5 over to \u00e5r.<\/p>\n<p>Neymars returnerte til Santos i starten av \u00e5ret. Kontrakt med barndomsklubben utl\u00f8per ved \u00e5rsskifte, men partene er i samtaler om en forlengelse.<\/p>\n<p>(\u00a9NTB)<\/p>\n","protected":false},"excerpt":{"rendered":"Det skriver BBC. 33-\u00e5ringen m\u00e5tte gjennom en operasjon i venstre kne grunnet en skadet menisk. Neymar har spilt&hellip;\n","protected":false},"author":2,"featured_media":120409,"comment_status":"","ping_status":"","sticky":false,"template":"","format":"standard","meta":{"footnotes":""},"categories":[59],"tags":[30,28,29,83,82],"class_list":{"0":"post-120408","1":"post","2":"type-post","3":"status-publish","4":"format-standard","5":"has-post-thumbnail","7":"category-sport","8":"tag-no","9":"tag-norge","10":"tag-norway","11":"tag-sport","12":"tag-sports"},"share_on_mastodon":{"url":"https:\/\/pubeurope.com\/@no\/115769266858594417","error":""},"_links":{"self":[{"href":"https:\/\/www.europesays.com\/no\/wp-json\/wp\/v2\/posts\/120408","targetHints":{"allow":["GET"]}}],"collection":[{"href":"https:\/\/www.europesays.com\/no\/wp-json\/wp\/v2\/posts"}],"about":[{"href":"https:\/\/www.europesays.com\/no\/wp-json\/wp\/v2\/types\/post"}],"author":[{"embeddable":true,"href":"https:\/\/www.europesays.com\/no\/wp-json\/wp\/v2\/users\/2"}],"replies":[{"embeddable":true,"href":"https:\/\/www.europesays.com\/no\/wp-json\/wp\/v2\/comments?post=120408"}],"version-history":[{"count":0,"href":"https:\/\/www.europesays.com\/no\/wp-json\/wp\/v2\/posts\/120408\/revisions"}],"wp:featuredmedia":[{"embeddable":true,"href":"https:\/\/www.europesays.com\/no\/wp-json\/wp\/v2\/media\/120409"}],"wp:attachment":[{"href":"https:\/\/www.europesays.com\/no\/wp-json\/wp\/v2\/media?parent=120408"}],"wp:term":[{"taxonomy":"category","embeddable":true,"href":"https:\/\/www.europesays.com\/no\/wp-json\/wp\/v2\/categories?post=120408"},{"taxonomy":"post_tag","embeddable":true,"href":"https:\/\/www.europesays.com\/no\/wp-json\/wp\/v2\/tags?post=120408"}],"curies":[{"name":"wp","href":"https:\/\/api.w.org\/{rel}","templated":true}]}}