{"id":120412,"date":"2025-12-23T14:09:42","date_gmt":"2025-12-23T14:09:42","guid":{"rendered":"https:\/\/www.europesays.com\/no\/120412\/"},"modified":"2025-12-23T14:09:42","modified_gmt":"2025-12-23T14:09:42","slug":"firma-med-62-ansatte-konkurs-har-snudd-hver-stein-vol-no","status":"publish","type":"post","link":"https:\/\/www.europesays.com\/no\/120412\/","title":{"rendered":"(+) Firma med 62 ansatte konkurs: \u2013 Har snudd hver stein &#8211; vol.no"},"content":{"rendered":"<ol>\n<li><a href=\"https:\/\/news.google.com\/rss\/articles\/CBMidEFVX3lxTE1ZR0xNRl9DM1NYblRYc1VaSmlWbTkyNVgycHBIR0o3LWhNdjEydDVpSjZBODdDWGZOcVVfMG9yZjlWaXJLWjYxcHltbVd1TDBlYm1kc2RJTEMzMXoyR21zYW1GcGhPd3ZmYnMybkx5NWNOeGVo?oc=5\" target=\"_blank\" rel=\"nofollow noopener\">(+) Firma med 62 ansatte konkurs: \u2013 Har snudd hver stein<\/a>&nbsp;&nbsp;vol.no<\/li>\n<li><a href=\"https:\/\/news.google.com\/rss\/articles\/CBMiqgFBVV95cUxPUUV5WlpFYVdwendJYVdIVDdjbVNtNVc5aXZ1dlk5ZF9fX09yOWJPQnh4WWNhSWphTHhwa2ZZTXhyUTRNaGJuRlRoOXQ3VkcxY0ZWM1JGc2lyU2QxcHM1SE5aaHg4ZEVrMDBrQmEwUW5CZ2laV05yOTl1dHcxOFNseExDT0VWXzM1N0dFWVJDdGZOS3NidEhTUDV6T183ejZVN3lMWEt2OENIZw?oc=5\" target=\"_blank\" rel=\"nofollow noopener\">Arbeidsliv, Trafikk | Hjerteskj\u00e6rende nyhet til de ansatte rett f\u00f8r jul: Begj\u00e6rer K Simonsen Transport konkurs<\/a>&nbsp;&nbsp;iHarstad<\/li>\n<li><a href=\"https:\/\/news.google.com\/rss\/articles\/CBMijgFBVV95cUxPWU1ndjl1cFdsRTJuak53ZTZ6RDg5SThELUZPcUNTLWF4VnhiUTk4V1V1a3NCV3h6ZEQybjk1LXhYc0JEdHdYNDZrYjUwWU5fNjdzZTBaZXhpanI0UmZGb01yZ2ZhRzl1eVJaWVNrTlVqYTVQRGdaMFBYby1FRW1laDNWcW9tb0diVFc2RXV3?oc=5\" target=\"_blank\" rel=\"nofollow noopener\">Transportselskap konkurs \u2013 62 ansatte mister jobben<\/a>&nbsp;&nbsp;E24<\/li>\n<li><a href=\"https:\/\/news.google.com\/rss\/articles\/CBMiqAFBVV95cUxNZTFJUjRKejAza051WERzZnEzNFB6ZnpKMEpyZWRuXzFzZmxxeHo1a0dNcW1xT1k4N2lkeGEySWxudWhLcVhEVU9NemxwNWZFUGl3OXVVS3gzMktNcF9zcTFqTm1yejNra2ZxRkt2c20yXzhXSGpYQmk3aXdvN3ZNc2dWalhRWTZCZ09VclktTENYTkZrNjl5SG1WWEprV1NWcUotSjhselI?oc=5\" target=\"_blank\" rel=\"nofollow noopener\">(+) Julesjokk i innboksen: 62 fikk beskjed om oppbud to dager f\u00f8r julaften<\/a>&nbsp;&nbsp;at.no<\/li>\n<li><a href=\"https:\/\/news.google.com\/rss\/articles\/CBMiswFBVV95cUxQZGxNZko4NGdrdVJySFdKVDc2Z1BUckhBWFJadXdZQnVLX19LTkpnbjBtOVhMb1RqRkVELWxWYnlZN2NVTVNRb0thRG9hRXhtSWdqRVltaC1tMGxrdU4wX3RrQ3dXS2stZWowVnlrQkt6MnBFZFFDN0FyMGxmYXAxSlBsaGt3eWhIMUlIYlY0ZWhuZU9zY2FXa1hRNWRPTjU0ZGRETnhrcWphNWR3aXo5RnhRYw?oc=5\" target=\"_blank\" rel=\"nofollow noopener\">Arbeidsliv, N\u00e6ringsliv | Kurt jobbet til siste slutt med \u00e5 redde bedriften: \u2013 62 ansatte mister jobben<\/a>&nbsp;&nbsp;iHarstad<\/li>\n<\/ol>\n","protected":false},"excerpt":{"rendered":"(+) Firma med 62 ansatte konkurs: \u2013 Har snudd hver stein&nbsp;&nbsp;vol.no Arbeidsliv, Trafikk | Hjerteskj\u00e6rende nyhet til de&hellip;\n","protected":false},"author":2,"featured_media":120413,"comment_status":"","ping_status":"","sticky":false,"template":"","format":"standard","meta":{"footnotes":""},"categories":[56],"tags":[60,61,370,14344,62,30,28,29,2401,14345],"class_list":{"0":"post-120412","1":"post","2":"type-post","3":"status-publish","4":"format-standard","5":"has-post-thumbnail","7":"category-naeringsliv","8":"tag-business","9":"tag-economy","10":"tag-harstad","11":"tag-midtre-halogaland-tingrett","12":"tag-naeringsliv","13":"tag-no","14":"tag-norge","15":"tag-norway","16":"tag-risoyhamn","17":"tag-samskap"},"share_on_mastodon":{"url":"https:\/\/pubeurope.com\/@no\/115769282573081682","error":""},"_links":{"self":[{"href":"https:\/\/www.europesays.com\/no\/wp-json\/wp\/v2\/posts\/120412","targetHints":{"allow":["GET"]}}],"collection":[{"href":"https:\/\/www.europesays.com\/no\/wp-json\/wp\/v2\/posts"}],"about":[{"href":"https:\/\/www.europesays.com\/no\/wp-json\/wp\/v2\/types\/post"}],"author":[{"embeddable":true,"href":"https:\/\/www.europesays.com\/no\/wp-json\/wp\/v2\/users\/2"}],"replies":[{"embeddable":true,"href":"https:\/\/www.europesays.com\/no\/wp-json\/wp\/v2\/comments?post=120412"}],"version-history":[{"count":0,"href":"https:\/\/www.europesays.com\/no\/wp-json\/wp\/v2\/posts\/120412\/revisions"}],"wp:featuredmedia":[{"embeddable":true,"href":"https:\/\/www.europesays.com\/no\/wp-json\/wp\/v2\/media\/120413"}],"wp:attachment":[{"href":"https:\/\/www.europesays.com\/no\/wp-json\/wp\/v2\/media?parent=120412"}],"wp:term":[{"taxonomy":"category","embeddable":true,"href":"https:\/\/www.europesays.com\/no\/wp-json\/wp\/v2\/categories?post=120412"},{"taxonomy":"post_tag","embeddable":true,"href":"https:\/\/www.europesays.com\/no\/wp-json\/wp\/v2\/tags?post=120412"}],"curies":[{"name":"wp","href":"https:\/\/api.w.org\/{rel}","templated":true}]}}