{"id":120420,"date":"2025-12-23T14:22:28","date_gmt":"2025-12-23T14:22:28","guid":{"rendered":"https:\/\/www.europesays.com\/no\/120420\/"},"modified":"2025-12-23T14:22:28","modified_gmt":"2025-12-23T14:22:28","slug":"karmoy-sor-vest-politidistrikt-mann-ble-anmeldt-for-trusler-og-havnet-i-arresten","status":"publish","type":"post","link":"https:\/\/www.europesays.com\/no\/120420\/","title":{"rendered":"Karm\u00f8y, S\u00f8r-Vest politidistrikt | Mann ble anmeldt for trusler og havnet i arresten"},"content":{"rendered":"\n<p><b>KARM\u00d8Y: <\/b>I 23-tiden mandag fikk politiet melding om en person som banket p\u00e5 d\u00f8rer og oppf\u00f8rte sge skremmende for de som var p\u00e5 stedet.<\/p>\n<p>Det skjedde i utkanten av Kopervik. <\/p>\n<p>Da politiet til stedet, hisset mannen seg opp, og oppf\u00f8rte seg truende for politiet.<\/p>\n<p><b>&#8211; Mannen er kj\u00f8rt til arrest i Haugesund og blir anmeldt av politiet for trusler, opplyser operasjonsleder John Ask i S\u00f8r-Vest politidistrikt. <\/b><\/p>\n","protected":false},"excerpt":{"rendered":"KARM\u00d8Y: I 23-tiden mandag fikk politiet melding om en person som banket p\u00e5 d\u00f8rer og oppf\u00f8rte sge skremmende&hellip;\n","protected":false},"author":2,"featured_media":23205,"comment_status":"","ping_status":"","sticky":false,"template":"","format":"standard","meta":{"footnotes":""},"categories":[10],"tags":[36,20,21,24,25,15,1761,22,23,13,30,28,29,14,16,2410,2610,1510,26,27],"class_list":{"0":"post-120420","1":"post","2":"type-post","3":"status-publish","4":"format-standard","5":"has-post-thumbnail","7":"category-norge","8":"tag-art","9":"tag-breaking-news","10":"tag-breakingnews","11":"tag-featured-news","12":"tag-featurednews","13":"tag-headlines","14":"tag-karmoy","15":"tag-latest-news","16":"tag-latestnews","17":"tag-news","18":"tag-no","19":"tag-norge","20":"tag-norway","21":"tag-nyheter","22":"tag-overskrifter","23":"tag-politinotis","24":"tag-sor-vest-politidistrikt","25":"tag-story","26":"tag-top-stories","27":"tag-topstories"},"share_on_mastodon":{"url":"https:\/\/pubeurope.com\/@no\/115769333820475776","error":""},"_links":{"self":[{"href":"https:\/\/www.europesays.com\/no\/wp-json\/wp\/v2\/posts\/120420","targetHints":{"allow":["GET"]}}],"collection":[{"href":"https:\/\/www.europesays.com\/no\/wp-json\/wp\/v2\/posts"}],"about":[{"href":"https:\/\/www.europesays.com\/no\/wp-json\/wp\/v2\/types\/post"}],"author":[{"embeddable":true,"href":"https:\/\/www.europesays.com\/no\/wp-json\/wp\/v2\/users\/2"}],"replies":[{"embeddable":true,"href":"https:\/\/www.europesays.com\/no\/wp-json\/wp\/v2\/comments?post=120420"}],"version-history":[{"count":0,"href":"https:\/\/www.europesays.com\/no\/wp-json\/wp\/v2\/posts\/120420\/revisions"}],"wp:featuredmedia":[{"embeddable":true,"href":"https:\/\/www.europesays.com\/no\/wp-json\/wp\/v2\/media\/23205"}],"wp:attachment":[{"href":"https:\/\/www.europesays.com\/no\/wp-json\/wp\/v2\/media?parent=120420"}],"wp:term":[{"taxonomy":"category","embeddable":true,"href":"https:\/\/www.europesays.com\/no\/wp-json\/wp\/v2\/categories?post=120420"},{"taxonomy":"post_tag","embeddable":true,"href":"https:\/\/www.europesays.com\/no\/wp-json\/wp\/v2\/tags?post=120420"}],"curies":[{"name":"wp","href":"https:\/\/api.w.org\/{rel}","templated":true}]}}