{"id":120423,"date":"2025-12-23T14:24:07","date_gmt":"2025-12-23T14:24:07","guid":{"rendered":"https:\/\/www.europesays.com\/no\/120423\/"},"modified":"2025-12-23T14:24:07","modified_gmt":"2025-12-23T14:24:07","slug":"johan-olav-botn-soker-slimrad-fra-ole-einar-bjorndalen-nrk-sport-sportsnyheter-resultater-og-sendeplan","status":"publish","type":"post","link":"https:\/\/www.europesays.com\/no\/120423\/","title":{"rendered":"Johan-Olav Botn s\u00f8ker slimr\u00e5d fra Ole Einar Bj\u00f8rndalen \u2013 NRK Sport \u2013 Sportsnyheter, resultater og sendeplan"},"content":{"rendered":"<p><strong>\u2013 Jeg h\u00f8rer at de andre ikke er s\u00e5 stor fan.<\/strong><\/p>\n<p>Det sier Johan-Olav Botn til NRK i de franske alper. Han har akkurat g\u00e5tt sesongens d\u00e5rligste individuelle l\u00f8p, som alts\u00e5 holdt til en femteplass p\u00e5 s\u00f8ndagens fellesstart. En plassering de fleste ville v\u00e6rt forn\u00f8yd med.<\/p>\n<p>Men det er ikke s\u00f8ndagens resultat han har betenkeligheter med, det er noe helt annet.<\/p>\n<p>For bildene av 26-\u00e5ringen etter l\u00f8p inneholder alltid \u00e9n ting: Masse slev og sikkel rundt munnen.<\/p>\n<p>    \u2190<\/p>\n<ul data-scroll-container=\"\" role=\"list\" aria-label=\"Bildegalleri\">\n<li><img alt=\"Johan-Olav Botn g\u00e5r i m\u00e5l med slev rundt munnen og ser opp p\u00e5 storskjermen\"  width=\"3840\" height=\"3840\" loading=\"lazy\"\/> Foto: Mathias Bergeld \/ Bildbyr\u00e5n <\/li>\n<li><img alt=\"Johan-Olav Botn g\u00e5r i m\u00e5l med slev rundt munnen og ser opp p\u00e5 storskjermen\"  width=\"3840\" height=\"3840\" loading=\"lazy\"\/> Foto: Mathias Bergeld \/ Bildbyr\u00e5n <\/li>\n<li><img alt=\"Johan-Olav Botn g\u00e5r p\u00e5 ski med fjell i bakgrunnen og slev rundt munnen\"  width=\"3840\" height=\"3838\" loading=\"lazy\"\/> Foto: HARALD STEINER \/ GEPA PICTURES <\/li>\n<li><img alt=\"Johan-Olav Botn of Norway reacts after crossing the finish line in the men's 10 km sprint competition at the Biathlon World Cup in Hochfilzen\"  width=\"3840\" height=\"3840\" loading=\"lazy\"\/> Foto: Matthias Schrader \/ AP <\/li>\n<\/ul>\n<p>\u2192<\/p>\n<p>\u2013 Folk f\u00e5r som oftest ikke med seg at jeg t\u00f8rker meg to-tre ganger underveis i l\u00f8pet, men likevel s\u00e5 ser jeg slik ut over m\u00e5lstreken. Det er jo en heftig slimproduksjon her, sier kometen Botn.<\/p>\n<p>\u2013 Gir litt f i det estetiske<\/p>\n<p>Mannen har p\u00e5 rekordkort tid klart \u00e5 g\u00e5 skyte seg inn i skiskytter-fansens hjerter. P\u00e5 bare 22 dager har han rukket \u00e5 ta tre individuelle seire, to pallplasser og g\u00e5tt inn i juleferien med den gule sammenlagtr\u00f8ya.<\/p>\n<p>Dette har f\u00f8rt til mynt i kassa. Til sammen har han g\u00e5tt inn over 1,6 millioner norske kroner.<\/p>\n<p>Likevel er julegave\u00f8nsket noe helt annet.<\/p>\n<p><strong>\u2013 Jeg skulle egentlig sp\u00f8rre Bj\u00f8rndalen om dette i Hochfilzen. Han slet jo veldig med det samme selv, men fikk til slutt orden p\u00e5 det han ogs\u00e5. Jeg skal h\u00f8re med han hva han gjorde, sier Botn.<\/strong><\/p>\n<p>JUBEL: Med 20 treff p\u00e5 normaldistansen i \u00d6stersund kunne Johan-Olav Botn slippe jubelen l\u00f8s \u2013 med slim rundt munnen.<\/p>\n<p>Video: Henrik Myhr Nielsen \/ NRK<\/p>\n<p>Han \u00f8nsker alts\u00e5 \u00e5 l\u00f8se \u00abslimmysteriet\u00bb ved hjelp av tidenes skiskytterkonge, Ole Einar Bj\u00f8rndalen. NRK var dermed rask til \u00e5 ta kontakt med den tidligere slimbaronen (som ikke er Daidalos).<\/p>\n<p><strong>\u2013 Det er godt \u00e5 se en ordentlig viking som tar seg ordentlig ut og gir litt f i det estetiske. Etter hvert s\u00e5 f\u00e5r du en del pes for at du ser ut som en liten gris, sier Bj\u00f8rndalen til NRK om bildene, f\u00f8r han fortsetter:<\/strong><\/p>\n<p>\u2013 Han bruker lungene sine noe helt eksepsjonelt. N\u00e5r det er kaldt s\u00e5 er det lett for at det bygger seg opp slim i kjeften og i lunger og s\u00e5nne ting. Jeg sleit jo ogs\u00e5 med det samme. Akkurat estetisk s\u00e5 er det jo veldig stygt, men n\u00e5r du er en ut\u00f8ver s\u00e5 har du ett m\u00e5l for \u00f8ye: Det er \u00e5 komme raskest mulig til A til B, sier Bj\u00f8rndalen.<\/p>\n<p><img decoding=\"async\"   src=\"data:image\/gif;base64,R0lGODlhAQABAIAAAAAAAP\/\/\/yH5BAEAAAAALAAAAAABAAEAAAIBRAA7\" loading=\"eager\" alt=\"Ole Einar Bj\u00f8rndalen med slev i ansiktet\" title=\"Foto: Lise \u00c5serud \/ NTB\"\/><\/p>\n<p class=\"\">ALDRI SLIMFRI: Selv p\u00e5 slutten av karrieren var det en del sikkel rundt munnen p\u00e5 Ole Einar Bj\u00f8rndalen. Bildet er fra \u00d6stersund i 2017.<\/p>\n<p>Foto: Lise \u00c5serud \/ NTB<\/p>\n<p>\u2013 Det er det som slimer aller mest<\/p>\n<p>Skiskytterkongen har et todelt tips til han som kanskje skal ta over tronen. F\u00f8rste tipset er \u00e5 t\u00f8rke seg rundt munnen under l\u00f8pet, det andre tipset er s\u00e5re enkelt:<\/p>\n<p><strong>\u2013 Alt av meieriprodukter er jo \u00abworst case\u00bb. Det er det som slimer aller mest. S\u00e5 det ble ikke mye melkeprodukter rett i forkant av l\u00f8pet for min del. Det hjalp noe, men det ble ikke vekk, sier Bj\u00f8rndalen.<\/strong><\/p>\n<p>Ogs\u00e5 de norske lagkameratene har f\u00e5tt med seg slim-hodepinen til 26-\u00e5ringen.<\/p>\n<p>\u2013 Jeg f\u00e5r jo noen meldinger p\u00e5 Botn sine vegne, at han m\u00e5 fader meg t\u00f8rka av seg slevet rundt munnen. Det er vel ensbetydende med h\u00f8y O2 det \u2013 at du slever litt rundt munnen, sier Vetle Sj\u00e5stad Christiansen.<\/p>\n<p>\u2013 N\u00e5 har vi sammenlignet han med Johannes med tanke p\u00e5 b\u00e5de navn og hjemplass, Ole Einar med tanke p\u00e5 hodet og den mentale biten pluss slim i trynet. Det er mange legendesammenligninger vi kan gj\u00f8re \u2013 og det er jo et kompliment, sier Sturla Holm L\u00e6greid.<\/p>\n<p>N\u00e5r NRK konfronterer Botn med Bj\u00f8rndalen-sammenligningene s\u00e5 tar han det imot med \u00e5pne armer.<\/p>\n<p>\u2013 Jeg tar alle sammenligninger med Bj\u00f8rndalen som jeg kan f\u00e5. Om det er sleving s\u00e5 tar jeg den ogs\u00e5, alts\u00e5, sier Botn.<\/p>\n<ul>\n<li>De norske skiskytterne har n\u00e5 tatt juleferie. Neste l\u00f8p for Botn &amp; co. er 8. januar i tyske Oberhof. L\u00f8pene kan du f\u00f8lge p\u00e5 NRK Sport via appen NRK Radio, eller p\u00e5 TV 2.<\/li>\n<\/ul>\n<p>Publisert<\/p>\n<p>23.12.2025, kl. 14.37<\/p>\n","protected":false},"excerpt":{"rendered":"\u2013 Jeg h\u00f8rer at de andre ikke er s\u00e5 stor fan. Det sier Johan-Olav Botn til NRK i&hellip;\n","protected":false},"author":2,"featured_media":120424,"comment_status":"","ping_status":"","sticky":false,"template":"","format":"standard","meta":{"footnotes":""},"categories":[59],"tags":[30,28,29,83,82],"class_list":{"0":"post-120423","1":"post","2":"type-post","3":"status-publish","4":"format-standard","5":"has-post-thumbnail","7":"category-sport","8":"tag-no","9":"tag-norge","10":"tag-norway","11":"tag-sport","12":"tag-sports"},"share_on_mastodon":{"url":"https:\/\/pubeurope.com\/@no\/115769341829480280","error":""},"_links":{"self":[{"href":"https:\/\/www.europesays.com\/no\/wp-json\/wp\/v2\/posts\/120423","targetHints":{"allow":["GET"]}}],"collection":[{"href":"https:\/\/www.europesays.com\/no\/wp-json\/wp\/v2\/posts"}],"about":[{"href":"https:\/\/www.europesays.com\/no\/wp-json\/wp\/v2\/types\/post"}],"author":[{"embeddable":true,"href":"https:\/\/www.europesays.com\/no\/wp-json\/wp\/v2\/users\/2"}],"replies":[{"embeddable":true,"href":"https:\/\/www.europesays.com\/no\/wp-json\/wp\/v2\/comments?post=120423"}],"version-history":[{"count":0,"href":"https:\/\/www.europesays.com\/no\/wp-json\/wp\/v2\/posts\/120423\/revisions"}],"wp:featuredmedia":[{"embeddable":true,"href":"https:\/\/www.europesays.com\/no\/wp-json\/wp\/v2\/media\/120424"}],"wp:attachment":[{"href":"https:\/\/www.europesays.com\/no\/wp-json\/wp\/v2\/media?parent=120423"}],"wp:term":[{"taxonomy":"category","embeddable":true,"href":"https:\/\/www.europesays.com\/no\/wp-json\/wp\/v2\/categories?post=120423"},{"taxonomy":"post_tag","embeddable":true,"href":"https:\/\/www.europesays.com\/no\/wp-json\/wp\/v2\/tags?post=120423"}],"curies":[{"name":"wp","href":"https:\/\/api.w.org\/{rel}","templated":true}]}}