{"id":120427,"date":"2025-12-23T14:29:11","date_gmt":"2025-12-23T14:29:11","guid":{"rendered":"https:\/\/www.europesays.com\/no\/120427\/"},"modified":"2025-12-23T14:29:11","modified_gmt":"2025-12-23T14:29:11","slug":"full-forvirring-er-det-sno-dagbladet","status":"publish","type":"post","link":"https:\/\/www.europesays.com\/no\/120427\/","title":{"rendered":"Full forvirring: Er det sn\u00f8? &#8211; Dagbladet"},"content":{"rendered":"<ol>\n<li><a href=\"https:\/\/news.google.com\/rss\/articles\/CBMid0FVX3lxTE85RmFkeUI1OWh6NUtPSlJQM1FzTGhhM1FhSXZ6Z08xblFvZXZ4MlN2Rko3Y1U3MkVpM25oandwVlhKblVTSWZsTnZXRFRkQ0UzU0VlTGY3M3phemh6WmlDX0E1bnFSY3cwWVp0WmhtLS1aVFRyZjc4?oc=5\" target=\"_blank\" rel=\"nofollow noopener\">Full forvirring: Er det sn\u00f8?<\/a>&nbsp;&nbsp;Dagbladet<\/li>\n<li><a href=\"https:\/\/news.google.com\/rss\/articles\/CBMirgFBVV95cUxNVi1HY0dRT1F5NXc4RGZGbGxfVVM3U3hFMXZyYnhqanltYmdzUGtXeURkWV80VnhYR1VEUGVFOUtxRlBGSzlxcWF3MVVLZ21uTlJwY0ppRldtMzd4VDh4bFViTnRPMVJ0Q3lKa2RFN0pYUUhEN3o2eHBzNGdzd0I2eFZxMFZYYzBJd0dIcm5GUDBCNW9xdExOS2Z1aExPTkY0d3A4WDJGZ3BXeXE4eUE?oc=5\" target=\"_blank\" rel=\"nofollow noopener\">Kan bli historisk jul i Trysil: \u2013 Skummel utvikling, seier meteorolog<\/a>&nbsp;&nbsp;NRK<\/li>\n<li><a href=\"https:\/\/news.google.com\/rss\/articles\/CBMingFBVV95cUxPU3dUeFM4aHFaa0l1MTVzeDJSLVkyQ1RKbXBaRmNhRzBKaWlTMFFDUWEzR0xabFhkc2xKOTBwYjQ5SDVTZVh5VW12MDhDdW0zMnFKVzVKT19Kb2VhbHdCZFJ0YkYwTFVCSnQxMlJ2OEYwLVZrZ0cxcHpRV2N2LV8tVkFIcWRVSVdmSGpyMnNWYlE2QVNOa2lGMTBlUlNJQQ?oc=5\" target=\"_blank\" rel=\"nofollow noopener\">Nyheter, V\u00e6r | Dette har ikke skjedd p\u00e5 70 \u00e5r: \u2013 Skal ikke v\u00e6re slik i Lillehammer<\/a>&nbsp;&nbsp;Gudbrandsd\u00f8len Dagningen<\/li>\n<li><a href=\"https:\/\/news.google.com\/rss\/articles\/CBMijwFBVV95cUxQX0FiRk5HNWFpdUUtdHpmYTRDbjF6WThEM0J2aktkdGxGSXdWMk84TXU3UnlYbUhSWENxdmo2Uk4wUkNDc2pOUUhHeGdKbjlnOUdhNGtGZ2xIT1JEd2NhYnZDUFliOEZLRlJnTk9WYlF0cHJfeFY0NVNRRTRCbGtzejJObFJQMzFlRWRWc19FRQ?oc=5\" target=\"_blank\" rel=\"nofollow noopener\">\u2013 Det er v\u00e5tt<\/a>&nbsp;&nbsp;\u00d8stlendingen<\/li>\n<li><a href=\"https:\/\/news.google.com\/rss\/articles\/CBMiiwFBVV95cUxQM1o1NmVYYUphMVAzUmZjVWI1TkZxZjVFNHc0TExHUDZnMjhoYnVrNWVEampSN0U1LXRNeXZJQjFaQUczcnRhTVdQcGg4T1d0ZnZIRk1XMUJYaXY5YmtyWkxfZTEwR1NFLXhUN3NnRE9wMXUtcV80QnZuUlJvSXpuT242ZnM2ODJ6ODdB?oc=5\" target=\"_blank\" rel=\"nofollow noopener\">\u2013 Vi har sn\u00f8 og kulde p\u00e5 \u00f8nskelista til jul<\/a>&nbsp;&nbsp;Lokalavisa Trysil Engerdal<\/li>\n<\/ol>\n","protected":false},"excerpt":{"rendered":"Full forvirring: Er det sn\u00f8?&nbsp;&nbsp;Dagbladet Kan bli historisk jul i Trysil: \u2013 Skummel utvikling, seier meteorolog&nbsp;&nbsp;NRK Nyheter, V\u00e6r&hellip;\n","protected":false},"author":2,"featured_media":120428,"comment_status":"","ping_status":"","sticky":false,"template":"","format":"standard","meta":{"footnotes":""},"categories":[10],"tags":[20,21,24,25,15,2539,22,23,13,30,28,29,14,16,26,27,387],"class_list":{"0":"post-120427","1":"post","2":"type-post","3":"status-publish","4":"format-standard","5":"has-post-thumbnail","7":"category-norge","8":"tag-breaking-news","9":"tag-breakingnews","10":"tag-featured-news","11":"tag-featurednews","12":"tag-headlines","13":"tag-innenriks","14":"tag-latest-news","15":"tag-latestnews","16":"tag-news","17":"tag-no","18":"tag-norge","19":"tag-norway","20":"tag-nyheter","21":"tag-overskrifter","22":"tag-top-stories","23":"tag-topstories","24":"tag-vaeret"},"share_on_mastodon":{"url":"https:\/\/pubeurope.com\/@no\/115769361633307276","error":""},"_links":{"self":[{"href":"https:\/\/www.europesays.com\/no\/wp-json\/wp\/v2\/posts\/120427","targetHints":{"allow":["GET"]}}],"collection":[{"href":"https:\/\/www.europesays.com\/no\/wp-json\/wp\/v2\/posts"}],"about":[{"href":"https:\/\/www.europesays.com\/no\/wp-json\/wp\/v2\/types\/post"}],"author":[{"embeddable":true,"href":"https:\/\/www.europesays.com\/no\/wp-json\/wp\/v2\/users\/2"}],"replies":[{"embeddable":true,"href":"https:\/\/www.europesays.com\/no\/wp-json\/wp\/v2\/comments?post=120427"}],"version-history":[{"count":0,"href":"https:\/\/www.europesays.com\/no\/wp-json\/wp\/v2\/posts\/120427\/revisions"}],"wp:featuredmedia":[{"embeddable":true,"href":"https:\/\/www.europesays.com\/no\/wp-json\/wp\/v2\/media\/120428"}],"wp:attachment":[{"href":"https:\/\/www.europesays.com\/no\/wp-json\/wp\/v2\/media?parent=120427"}],"wp:term":[{"taxonomy":"category","embeddable":true,"href":"https:\/\/www.europesays.com\/no\/wp-json\/wp\/v2\/categories?post=120427"},{"taxonomy":"post_tag","embeddable":true,"href":"https:\/\/www.europesays.com\/no\/wp-json\/wp\/v2\/tags?post=120427"}],"curies":[{"name":"wp","href":"https:\/\/api.w.org\/{rel}","templated":true}]}}