{"id":120439,"date":"2025-12-23T14:40:20","date_gmt":"2025-12-23T14:40:20","guid":{"rendered":"https:\/\/www.europesays.com\/no\/120439\/"},"modified":"2025-12-23T14:40:20","modified_gmt":"2025-12-23T14:40:20","slug":"minnes-de-elskede-stjernene-fra-nrks-adventskalender","status":"publish","type":"post","link":"https:\/\/www.europesays.com\/no\/120439\/","title":{"rendered":"Minnes de elskede stjernene fra NRKs adventskalender"},"content":{"rendered":"<p class=\"kicker \" style=\"\">\u00abJul i Skomergata\u00bb-legendene<\/p>\n<p>  Med Inger Teiens bortgang f\u00f8r jul er reisen<br \/>\nover for de kjente og kj\u00e6re ansiktene i<br \/>\nNRKs popul\u00e6re adventskalender.<\/p>\n<p>\n    GOD KJEMI: Inger Teien<br \/>\nspilte f\u00f8rken Anti Hjul, og<br \/>\nkunne bli oppfattet som litt<br \/>\nsnerpete. Selvsagl klarte<br \/>\nskomaker Andersen, spilt av<br \/>\nHenki Kolstad, \u00e5 gj\u00f8re henne<br \/>\nglad f\u00f8r jul. FOTO: NRK\n  <\/p>\n<p id=\"text\" class=\"svelte-1bgec1z\">I samarbeid med<\/p>\n<p>     <img decoding=\"async\" src=\"https:\/\/www.europesays.com\/no\/wp-content\/uploads\/2025\/12\/fishermansFriend.png\" alt=\"kommersiell logo\" class=\"svelte-1bgec1z\"\/>          <\/p>\n<p>I 1979 kom NRK med sin advendstkalender \u00abJul i Skomakergata\u00bb.\u00a0<\/p>\n<p>Den koselige nostalgiske serien er siden blitt vist i reprise og kan fortsatt ses p\u00e5 NRK.no \u2013 til glede for b\u00e5de store og sm\u00e5. <\/p>\n<p>        <img loading=\"lazy\" decoding=\"async\" src=\"https:\/\/www.europesays.com\/no\/wp-content\/uploads\/2025\/12\/83965940.webp\" width=\"686\" height=\"858\" title=\"T\u00d8FFLUS: Hver dag fjernet Skomaker&#10;Andersen en nellik fra appelsinen, til T\u00f8fflus&#10;store glede. \u00c5smund Huser (75) hadde&#10;stemmen til t\u00f8ydukken. Foto: NRK\" alt=\"\" class=\"\" style=\"--aspect-ratio-image: 0.80; \"\/><\/p>\n<p>\n        T\u00d8FFLUS: Hver dag fjernet Skomaker<br \/>\nAndersen en nellik fra appelsinen, til T\u00f8fflus<br \/>\nstore glede. \u00c5smund Huser (75) hadde<br \/>\nstemmen til t\u00f8ydukken. Foto: NRK\n    <\/p>\n<p>Flere av skuespillerne var godt voksne da serien ble spilt inn, og har siden forlatt oss. Den siste i rekken var Inger Teien, som d\u00f8de 15. november, 88 \u00e5r gammel.<\/p>\n<p>    <a itemprop=\"url\" href=\"https:\/\/www.seher.no\/kjendis\/dukket-opp-i-luksus-paradis\/83996692\" rel=\"nofollow noopener\" target=\"_blank\"><\/p>\n<p>        <img loading=\"lazy\" decoding=\"async\" src=\"https:\/\/www.europesays.com\/no\/wp-content\/uploads\/2025\/12\/1766500814_541_83996892.webp\" width=\"147\" height=\"98\" title=\"Dukket opp i luksus-paradis\" alt=\"\" class=\"lazyload\" style=\"--aspect-ratio-image: 1.50; \"\/><\/p>\n<p>        Dukket opp i luksus-paradis<\/p>\n<p>    <\/a><\/p>\n<p>I serien spilte hun den spisse og lett kverulerende fr\u00f8ken Anti Hjul, s\u00f8steren til lastebileier Juel Hjul, som ble spilt av Frimann Falck Clausen (1921-1983). <\/p>\n<p>        <img loading=\"lazy\" decoding=\"async\" src=\"https:\/\/www.europesays.com\/no\/wp-content\/uploads\/2025\/12\/83965941.webp\" width=\"686\" height=\"522\" title=\"RADARPAR:&#10;Postmannen (Ulf&#10;Weng\u00e5rd) og skomaker Andersen sl\u00e5r av&#10;en prat i den koselige&#10;serien, som fortsatt&#10;kan ses p\u00e5 NRK.no. Foto: NRK\" alt=\"\" class=\"\" style=\"--aspect-ratio-image: 1.31; \"\/><\/p>\n<p>\n        RADARPAR:<br \/>\nPostmannen (Ulf<br \/>\nWeng\u00e5rd) og skomaker Andersen sl\u00e5r av<br \/>\nen prat i den koselige<br \/>\nserien, som fortsatt<br \/>\nkan ses p\u00e5 NRK.no. Foto: NRK\n    <\/p>\n<p>Se og H\u00f8r m\u00f8tte Inger for noen \u00e5r siden, og da mimret hun tilbake til innspillingen. S\u00e6rlig samspillet med Henki Kolstad (1915-2008), som hadde den b\u00e6rende rollen som skomaker Jens Petrus Andersen, slo gnister.<\/p>\n<p>        VOKST OPP: Prinsessen er nesten ikke til \u00e5 kjenne igjen i en ny video som er delt av det svenske kongehuset. Reporter: Caroline Vagle. Video: Instagram\/@kungahuset \/ Kine Falch.<\/p>\n<p>&#8211; Det var en herlig tid. Samarbeidet med Henki var helt enest\u00e5ende. Han var en fantastisk person, som jeg hadde gleden av \u00e5 jobbe med mange ganger, fortalte hun den gang. <\/p>\n<p>        <img loading=\"lazy\" decoding=\"async\" src=\"https:\/\/www.europesays.com\/no\/wp-content\/uploads\/2025\/12\/83965939.webp\" width=\"667\" height=\"434\" title=\"FOR FULL MUSIKK: Jens Petrus (Henki&#10;Kolstad, f.v.), bakermester Snipp (Willie Hoel), blomsterhandler Rosengren (Knut Risan) og politimester&#10;Klinke (Per Asplin) var med i \u00abSkomagergadens&#10;disharmoniske bl\u00e6sekvartett\u00bb. Foto: NRK\" alt=\"\" class=\"\" style=\"--aspect-ratio-image: 1.54; \"\/><\/p>\n<p>\n        FOR FULL MUSIKK: Jens Petrus (Henki<br \/>\nKolstad, f.v.), bakermester Snipp (Willie Hoel), blomsterhandler Rosengren (Knut Risan) og politimester<br \/>\nKlinke (Per Asplin) var med i \u00abSkomagergadens<br \/>\ndisharmoniske bl\u00e6sekvartett\u00bb. Foto: NRK\n    <\/p>\n<p>N\u00e5 er det bare den yngre garde fra serien som er blant oss.\u00a0<\/p>\n<p>Vi minnes ogs\u00e5 folkekj\u00e6re stjerner som Astrid Sommer (1906\u20131990), Nora Brockstedt (1923\u20132015) og Sverre Hansen (1919\u20131995).\u00a0<\/p>\n<p>De er historie \u2013 men blir aldri glemt!<\/p>\n<p>        <img loading=\"lazy\" decoding=\"async\" src=\"https:\/\/www.europesays.com\/no\/wp-content\/uploads\/2025\/12\/83965942.webp\" width=\"686\" height=\"522\" title=\"BARNAS HELTER: Skomaker Andersen&#10;og blomsterhandler Rosengren s\u00f8rger for god&#10;stemning for b\u00e5de store og sm\u00e5. Foto: NRK\" alt=\"\" class=\"\" style=\"--aspect-ratio-image: 1.31; \"\/><\/p>\n<p>\n        BARNAS HELTER: Skomaker Andersen<br \/>\nog blomsterhandler Rosengren s\u00f8rger for god<br \/>\nstemning for b\u00e5de store og sm\u00e5. Foto: NRK\n    <\/p>\n","protected":false},"excerpt":{"rendered":"\u00abJul i Skomergata\u00bb-legendene Med Inger Teiens bortgang f\u00f8r jul er reisen over for de kjente og kj\u00e6re ansiktene&hellip;\n","protected":false},"author":2,"featured_media":120440,"comment_status":"","ping_status":"","sticky":false,"template":"","format":"standard","meta":{"footnotes":""},"categories":[58],"tags":[4104,71,14347,14348,14349,479,14346,30,28,29,787,72],"class_list":{"0":"post-120439","1":"post","2":"type-post","3":"status-publish","4":"format-standard","5":"has-post-thumbnail","7":"category-underholdning","8":"tag-eksklusivt","9":"tag-entertainment","10":"tag-henki-kolstad","11":"tag-inger-teien","12":"tag-jul-i-skomakergata","13":"tag-kjendis","14":"tag-knut-risan","15":"tag-no","16":"tag-norge","17":"tag-norway","18":"tag-nrk","19":"tag-underholdning"},"share_on_mastodon":{"url":"https:\/\/pubeurope.com\/@no\/115769404721587653","error":""},"_links":{"self":[{"href":"https:\/\/www.europesays.com\/no\/wp-json\/wp\/v2\/posts\/120439","targetHints":{"allow":["GET"]}}],"collection":[{"href":"https:\/\/www.europesays.com\/no\/wp-json\/wp\/v2\/posts"}],"about":[{"href":"https:\/\/www.europesays.com\/no\/wp-json\/wp\/v2\/types\/post"}],"author":[{"embeddable":true,"href":"https:\/\/www.europesays.com\/no\/wp-json\/wp\/v2\/users\/2"}],"replies":[{"embeddable":true,"href":"https:\/\/www.europesays.com\/no\/wp-json\/wp\/v2\/comments?post=120439"}],"version-history":[{"count":0,"href":"https:\/\/www.europesays.com\/no\/wp-json\/wp\/v2\/posts\/120439\/revisions"}],"wp:featuredmedia":[{"embeddable":true,"href":"https:\/\/www.europesays.com\/no\/wp-json\/wp\/v2\/media\/120440"}],"wp:attachment":[{"href":"https:\/\/www.europesays.com\/no\/wp-json\/wp\/v2\/media?parent=120439"}],"wp:term":[{"taxonomy":"category","embeddable":true,"href":"https:\/\/www.europesays.com\/no\/wp-json\/wp\/v2\/categories?post=120439"},{"taxonomy":"post_tag","embeddable":true,"href":"https:\/\/www.europesays.com\/no\/wp-json\/wp\/v2\/tags?post=120439"}],"curies":[{"name":"wp","href":"https:\/\/api.w.org\/{rel}","templated":true}]}}