{"id":120443,"date":"2025-12-23T14:44:31","date_gmt":"2025-12-23T14:44:31","guid":{"rendered":"https:\/\/www.europesays.com\/no\/120443\/"},"modified":"2025-12-23T14:44:31","modified_gmt":"2025-12-23T14:44:31","slug":"vaer-trafikk-flere-farevarsler-julaften-flom-skred-og-svaert-mye-regn","status":"publish","type":"post","link":"https:\/\/www.europesays.com\/no\/120443\/","title":{"rendered":"V\u00e6r, Trafikk | Flere farevarsler julaften: Flom, skred og sv\u00e6rt mye regn"},"content":{"rendered":"\n<p>Det ble mandag sendt ut gult farevarsel for deler av Nordland, Troms og Vest-Finnmark p\u00e5 grunn av fare for sv\u00e6rt mye regn. Harstad er inkludert i varselet. Meteorologene ansl\u00e5r at det kan komme mellom 40 og 70 mm nedb\u00f8r i l\u00f8pet av 24 timer, og det er ventet mest nedb\u00f8r i s\u00f8r.<\/p>\n<p>Varselet gjelder onsdag 24. desember og torsdag 25. desember. Varselet kan bli oppgradert til oransje niv\u00e5 dersom v\u00e6rsituasjonen tilsier det.<\/p>\n<p><b>Tirsdag er det sendt ut flere farevarsler for Harstad og store deler av Nord-Norge. Meteorologisk institutt melder n\u00e5 fare for flom, samt jord-, s\u00f8rpe- og flomskred, i tillegg til varselet om sv\u00e6rt mye regn. Varslene gjelder fra julaften, gjennom 1. juledag og natt til 2. juledag.<\/b><\/p>\n<p>\u2013 Vannf\u00f8ringen vil \u00f8ke i bekker og elver i l\u00f8pet av onsdag kveld og torsdag p\u00e5 grunn av mye nedb\u00f8r og sn\u00f8smelting. Dette kan f\u00f8re til lokale oversv\u00f8mmelser. \u00d8kt vannf\u00f8ring kan ogs\u00e5 f\u00f8re til isgang med p\u00e5f\u00f8lgende fare for lokale oversv\u00f8mmelser. Dette kan f\u00f8re til lokale oversv\u00f8mmelser og erosjonsskader, skriver de i varselet om flom.<\/p>\n<p>Beredskapsmyndigheter skal vurdere fortl\u00f8pende behov for beredskap og forebyggende tiltak, og Norges vassdrags- og energidirektorat (NVE) ber kommunene vurdere forebyggende tiltak. Samtidig ber direktoratet innbyggere v\u00e6re forberedte.<\/p>\n<p>\u2013 Vi ber innbyggere og de beredskapsansvarlige i kommunen v\u00e6re forberedt p\u00e5 det v\u00e6ret og de naturfarene som ventes julaften og 1. juledag, og vurdere behovet for forebyggende tiltak, sier vaktleder for flom- og jordskredvarslingen i NVE, Torill Engen Skaugen.<\/p>\n<p>Fare for overvann og stengte veier<\/p>\n<p>De store vannmengdene medf\u00f8rer fare for overvann i tettbygde omr\u00e5der, og det advares om at vann kan trenge inn i hus. Meteorologisk institutt oppfordrer folk til \u00e5 rense stikkrenner og avl\u00f8p slik at vannet kan renne unna.<\/p>\n<p>   <img decoding=\"async\" width=\"1796\" height=\"1010\" fetchpriority=\"low\"  loading=\"lazy\"  src=\"https:\/\/www.europesays.com\/no\/wp-content\/uploads\/2025\/12\/Uten+navn.png\" alt=\"\" class=\"brick-c-cFOWSL\" style=\"--brick-image-ratio: 1796 \/ 1010;\"\/><\/p>\n<p>      FARE: Det kan komme sv\u00e6rt mye regn p\u00e5 julaften og 1. juledag.<br \/>\n      Foto: Skjermdump \/ Meteorologisk institutt\n    <\/p>\n<p><b>V\u00e6ret kan ogs\u00e5 f\u00e5 store konsekvenser for infrastrukturen.<\/b><\/p>\n<p>Det er fare for vannplaning og mye vann i veibanen, s\u00e6rlig ved bekke- og elvel\u00f8p. Veibanen kan ogs\u00e5 bli dekket av v\u00e5t is. Meteorologisk institutt advarer i tillegg om at veier kan bli stengt, og noen steder risikerer \u00e5 miste veiforbindelsen.<\/p>\n<p>Videre ber de reisende sjekke veimeldinger og beregne lengre reisetid. Det oppfordres til \u00e5 vurdere om reiser i det hele tatt er n\u00f8dvendige mens varselet p\u00e5g\u00e5r.<\/p>\n<p>   <img decoding=\"async\" width=\"3183\" height=\"2122\" fetchpriority=\"low\"  loading=\"lazy\"  src=\"https:\/\/www.europesays.com\/no\/wp-content\/uploads\/2025\/12\/5_126_122571+NTB_MNh1TWQL67A.jpg\" alt=\"\" class=\"brick-c-cFOWSL\" style=\"--brick-image-ratio: 3183 \/ 2122;\"\/><\/p>\n<p>      VEI: Det oppfordrer til \u00e5 vurdere om reiser i det hele tatt er n\u00f8dvendige.<br \/>\n      Foto: Arkiv \/ Audun Braastad \/ NTB\n    <\/p>\n","protected":false},"excerpt":{"rendered":"Det ble mandag sendt ut gult farevarsel for deler av Nordland, Troms og Vest-Finnmark p\u00e5 grunn av fare&hellip;\n","protected":false},"author":2,"featured_media":120444,"comment_status":"","ping_status":"","sticky":false,"template":"","format":"standard","meta":{"footnotes":""},"categories":[10],"tags":[36,20,21,24,25,15,5593,22,23,1202,13,30,28,29,14,16,1810,1510,26,27,224,553],"class_list":{"0":"post-120443","1":"post","2":"type-post","3":"status-publish","4":"format-standard","5":"has-post-thumbnail","7":"category-norge","8":"tag-art","9":"tag-breaking-news","10":"tag-breakingnews","11":"tag-featured-news","12":"tag-featurednews","13":"tag-headlines","14":"tag-jul","15":"tag-latest-news","16":"tag-latestnews","17":"tag-meteorologisk-institutt","18":"tag-news","19":"tag-no","20":"tag-norge","21":"tag-norway","22":"tag-nyheter","23":"tag-overskrifter","24":"tag-regn","25":"tag-story","26":"tag-top-stories","27":"tag-topstories","28":"tag-trafikk","29":"tag-vaer"},"share_on_mastodon":{"url":"https:\/\/pubeurope.com\/@no\/115769420603064801","error":""},"_links":{"self":[{"href":"https:\/\/www.europesays.com\/no\/wp-json\/wp\/v2\/posts\/120443","targetHints":{"allow":["GET"]}}],"collection":[{"href":"https:\/\/www.europesays.com\/no\/wp-json\/wp\/v2\/posts"}],"about":[{"href":"https:\/\/www.europesays.com\/no\/wp-json\/wp\/v2\/types\/post"}],"author":[{"embeddable":true,"href":"https:\/\/www.europesays.com\/no\/wp-json\/wp\/v2\/users\/2"}],"replies":[{"embeddable":true,"href":"https:\/\/www.europesays.com\/no\/wp-json\/wp\/v2\/comments?post=120443"}],"version-history":[{"count":0,"href":"https:\/\/www.europesays.com\/no\/wp-json\/wp\/v2\/posts\/120443\/revisions"}],"wp:featuredmedia":[{"embeddable":true,"href":"https:\/\/www.europesays.com\/no\/wp-json\/wp\/v2\/media\/120444"}],"wp:attachment":[{"href":"https:\/\/www.europesays.com\/no\/wp-json\/wp\/v2\/media?parent=120443"}],"wp:term":[{"taxonomy":"category","embeddable":true,"href":"https:\/\/www.europesays.com\/no\/wp-json\/wp\/v2\/categories?post=120443"},{"taxonomy":"post_tag","embeddable":true,"href":"https:\/\/www.europesays.com\/no\/wp-json\/wp\/v2\/tags?post=120443"}],"curies":[{"name":"wp","href":"https:\/\/api.w.org\/{rel}","templated":true}]}}