{"id":120454,"date":"2025-12-23T14:58:12","date_gmt":"2025-12-23T14:58:12","guid":{"rendered":"https:\/\/www.europesays.com\/no\/120454\/"},"modified":"2025-12-23T14:58:12","modified_gmt":"2025-12-23T14:58:12","slug":"provde-a-fa-meg-til-a-trekke-meg","status":"publish","type":"post","link":"https:\/\/www.europesays.com\/no\/120454\/","title":{"rendered":"\u2013 Pr\u00f8vde \u00e5 f\u00e5 meg til \u00e5 trekke meg"},"content":{"rendered":"\n<ul class=\"_list_o9xde_3 _list_64s2r_85 _unordered_o9xde_106 text-sans-m\">\n<li class=\"_item_o9xde_30\">Daniel Viksund fra Veteran Aid Ukraine kritiserete regjeringen som skulle kj\u00f8pe masker fra selskapet Watchbird til 100 millioner \u00e5 gi i gave ukrainske solsdater.<\/li>\n<li class=\"_item_o9xde_30\">Viksund reagerer p\u00e5 at selskapet kontaktet ham etter intervjuet med VG og oppfattet det som et fors\u00f8k p\u00e5 \u00e5 f\u00e5 ham til \u00e5 trekke seg. <\/li>\n<li class=\"_item_o9xde_30\">\u2013 For alle oss nordmenn er ytringsfriheten en kjerneverdi. Den gjelder for alle i selskapet, og vi m\u00e5 bare ta til etterretning kritikken fra Viksund her, svarer selskapets talsperson.<\/li>\n<\/ul>\n<p>Vis mer <\/p>\n<p class=\"_paragraph_o9xde_4 _paragraph_xtcu6_10 layout-component text-serif-m layout-normal text-serif-m layout-padded\">\u2013 De tok kontakt med meg klokka ni p\u00e5 en fredagskveld for \u00e5 pr\u00f8ve \u00e5 f\u00e5 meg til \u00e5 trekke meg fra intervjuet, sier Viksund p\u00e5 telefon fra Ukrainas hovedstad.<\/p>\n<p class=\"_paragraph_o9xde_4 _paragraph_xtcu6_10 layout-component text-serif-m layout-normal text-serif-m layout-padded\">Derfra leder han organisasjonen Veteran Aid Ukraine, som samler inn milit\u00e6rt utstyr og droner til ukrainske soldater. <\/p>\n<ul class=\"_list_o9xde_3 _list_xtcu6_9 _unordered_o9xde_106 layout-component text-serif-m layout-normal text-serif-m layout-padded\">\n<li class=\"_item_o9xde_30\"><strong class=\"_strong_o9xde_25\">Forrige torsdag<\/strong> ble Viksund intervjuet av  <a href=\"https:\/\/www.vg.no\/nyheter\/i\/n1gPvd\/sjef-i-veterane-aid-ukraine-om-maskene-dette-er-et-svik\" data-track-element-type=\"Link\" data-track-id=\"link:n1gPvd\" class=\"_link_o9xde_39\" rel=\"nofollow noopener\" target=\"_blank\">VG<\/a>. Da kritiserte han selskapet Watchbird og reagerte kraftig p\u00e5 at regjeringen ble anbefalt \u00e5 bruke 100 millioner kroner p\u00e5 masker fra selskapet, som skal gis i gave til Ukraina i krigen mot Russland. <\/li>\n<li class=\"_item_o9xde_30\"><strong class=\"_strong_o9xde_25\">Fredag morgen<\/strong> sendte VG hans uttalelser til innleid talsperson for selskapet, Bj\u00f8rn Richard Johansen. Han er partner i kommunikasjonsbyr\u00e5et Geelmuyden Kiese.<\/li>\n<li class=\"_item_o9xde_30\"><strong class=\"_strong_o9xde_25\">Senere samme dag<\/strong> ble krigsveteranen kontaktet p\u00e5 den krypterte meldingstjenesten Signal av en kamerat. Han skrev til Viksund: \u00abFikk en henvendelse fra noen som tenker at du muligens kan bli uheldig satt opp av og via VG uttalelser om Watchbird maske\u00bb.<\/li>\n<\/ul>\n<p class=\"_paragraph_o9xde_4 _paragraph_xtcu6_10 layout-component text-serif-m layout-normal text-serif-m layout-padded\">Selskapet skrev selv i en pressemelding at maskene beskyttet mot t\u00e5regass, men<a href=\"https:\/\/www.vg.no\/nyheter\/i\/L4pl4Q\/kjoeper-masker-fra-watchbird-for-100-millioner-naa-faar-jeg-ikke-puste\" data-track-element-type=\"Link\" data-track-id=\"link:L4pl4Q\" class=\"_link_o9xde_39\" rel=\"nofollow noopener\" target=\"_blank\"> VGs egne tester <\/a>viste at en maske fra Biltema til 33 kroner ga bedre beskyttelse mot t\u00e5regass. <\/p>\n<p class=\"_paragraph_o9xde_4 _paragraph_xtcu6_10 layout-component text-serif-m layout-normal text-serif-m layout-padded\">I intervjuet med VG reagerte Viksund kraftig p\u00e5 VGs funn: <\/p>\n<p class=\"_paragraph_o9xde_4 _paragraph_xtcu6_10 layout-component text-serif-m layout-normal text-serif-m layout-padded\">Viksund ble deretter lagt til en gruppe p\u00e5 meldingstjenesten Signal. <\/p>\n<p class=\"_paragraph_o9xde_4 _paragraph_xtcu6_10 layout-component text-serif-m layout-normal text-serif-m layout-padded\">Han tok fortl\u00f8pende skjermdumper som han har delt med VG.<\/p>\n<p class=\"_paragraph_o9xde_4 _paragraph_xtcu6_10 layout-component text-serif-m layout-normal text-serif-m layout-padded\">Mannen som ville snakke med Viksund, heter Morten K\u00f8pke og har mer enn 40 \u00e5rs erfaring som jagerflypilot. P\u00e5 <a href=\"https:\/\/www.vg.no\/tag\/watchbird?utm_source=vg-article&amp;utm_medium=auto-tagger&amp;utm_campaign=JO1PyR\" class=\"_link_o9xde_39\" rel=\"nofollow noopener\" target=\"_blank\">Watchbird<\/a> sine hjemmesider er han oppf\u00f8rt som \u00abadvisor Ukraine\u00bb.<\/p>\n<p class=\"_paragraph_o9xde_4 _paragraph_xtcu6_10 layout-component text-serif-m layout-normal text-serif-m layout-padded\">Han skrev f\u00f8lgende til Viksund:<\/p>\n<p><img alt=\"\" class=\"_image_qp4xg_65 layout-component layout-normal\" data-fullscreen- data-track-element-type=\"Article image fullscreen\" data-track-name=\"ImageFullscreen\" decoding=\"async\" loading=\"lazy\" height=\"267\" itemprop=\"image\"  src=\"https:\/\/www.europesays.com\/no\/wp-content\/uploads\/2025\/12\/35803a77-cb1a-465b-a2a3-237b4d026b22\"  style=\"object-position:0% 0%\" width=\"353\"\/><\/p>\n<p class=\"_paragraph_o9xde_4 _paragraph_xtcu6_10 layout-component text-serif-m layout-normal text-serif-m layout-padded\">Viksund svarte at han hadde svart p\u00e5 sp\u00f8rsm\u00e5l og godkjent intervjuet. Deretter svarte K\u00f8pke blant annet at: <\/p>\n<p class=\"_paragraph_o9xde_4 _paragraph_xtcu6_10 layout-component text-serif-m layout-normal text-serif-m layout-padded\">\u00abDu vet sikkert da at gaiteren (masken) aldri var ment som en erstatning for gassmaske, men for \u00e5 ta vare p\u00e5 steget f\u00f8r man m\u00e5 bruke gassmaske. I dette lys synes jeg det er underlig at du presiserer at 100 millioner skal brukes p\u00e5 noe som ikke virker. Er det noe jeg ikke ser her?\u00bb<\/p>\n<p class=\"_paragraph_o9xde_4 _paragraph_xtcu6_10 layout-component text-serif-m layout-normal text-serif-m layout-padded\">Viksund ga tydelig beskjed om hva han mente om saken:<\/p>\n<p class=\"_paragraph_o9xde_4 _paragraph_xtcu6_10 layout-component text-serif-m layout-normal text-serif-m layout-padded\">\u00abDet ukrainerne trenger er kj\u00f8ret\u00f8y, v\u00e5pen, droner og ammunisjon. Dersom 100 millioner hadde blitt brukt p\u00e5 dette i stedet, ville effekten p\u00e5 slagmarken v\u00e6rt langt h\u00f8yere. I lys av dette finner jeg det bemerkelsesverdig at dere pr\u00f8ver \u00e5 p\u00e5virke meg f\u00f8r artikkelen i det hele tatt er publisert\u00bb.<\/p>\n<p class=\"_paragraph_o9xde_4 _paragraph_xtcu6_10 layout-component text-serif-m layout-normal text-serif-m layout-padded\">Kort tid senere svarte K\u00f8pke:<\/p>\n<p><img alt=\"\" class=\"_image_qp4xg_65 layout-component layout-normal\" data-fullscreen- data-track-element-type=\"Article image fullscreen\" data-track-name=\"ImageFullscreen\" decoding=\"async\" loading=\"lazy\" height=\"268\" itemprop=\"image\"  src=\"https:\/\/www.europesays.com\/no\/wp-content\/uploads\/2025\/12\/40d6bbb2-7d9e-4ba2-842a-b676174e1d43\"  style=\"object-position:0% 0%\" width=\"358\"\/><\/p>\n<p class=\"_paragraph_o9xde_4 _paragraph_xtcu6_10 layout-component text-serif-m layout-normal text-serif-m layout-padded\">Viksund forteller at han ikke snakket med r\u00e5dgiver Morten K\u00f8pke i Watchbird.<\/p>\n<p class=\"_paragraph_o9xde_4 _paragraph_xtcu6_10 layout-component text-serif-m layout-normal text-serif-m layout-padded\">\u2013 Det var kun meldingen i den gruppa der. Det var ikke en samtale. Jeg svarte jo ingenting, for jeg tenkte: Ok, n\u00e5 skal de f\u00e5 lov \u00e5 komme til bordet. Jeg har jo ikke bedt om \u00e5 v\u00e6re med i den samtalen.<\/p>\n<p class=\"_paragraph_o9xde_4 _paragraph_xtcu6_10 layout-component text-serif-m layout-normal text-serif-m layout-padded\">Deretter ble han kastet ut av gruppesamtalen, forteller han. <\/p>\n<p><img alt=\"Forsvarsminister Tore O. Sandvik (til venstre) og Watchbird-sjef Rune Jomaas (til h\u00f8yre) da regjeringen annonserte maske-kj\u00f8pet i august.   Foto: Forsvarsdepartementet\" class=\"_image_qp4xg_65 layout-component layout-normal\" data-fullscreen- data-track-element-type=\"Article image fullscreen\" data-track-name=\"ImageFullscreen\" decoding=\"async\" loading=\"lazy\" height=\"1369\" itemprop=\"image\"  src=\"https:\/\/www.europesays.com\/no\/wp-content\/uploads\/2025\/12\/1766501890_136_f0384cfa-dfe6-438d-98e2-6ba886767c23\"  style=\"object-position:0% 0%\" width=\"1369\"\/>Forsvarsminister Tore O. Sandvik (til venstre) og Watchbird-sjef Rune Jomaas (til h\u00f8yre) da regjeringen annonserte maske-kj\u00f8pet i august.   Foto: Forsvarsdepartementet<\/p>\n<p class=\"_paragraph_o9xde_4 _paragraph_xtcu6_10 layout-component text-serif-m layout-normal text-serif-m layout-padded\">Viksund er selv veteran, og den tidligere panservogn-f\u00f8reren var flere ganger i Afghanistan som medlem av Telemark bataljon. Viksund sier han er forbannet  over hva han opplevde for en uke siden.<\/p>\n<p class=\"_paragraph_o9xde_4 _paragraph_xtcu6_10 layout-component text-serif-m layout-normal text-serif-m layout-padded\">\u2013 Sist jeg sjekket, har vi ytringsfrihet i Norge, og jeg kan ha egne meninger, sier Viksund, og legger til:<\/p>\n<p class=\"_paragraph_o9xde_4 _paragraph_xtcu6_10 layout-component text-serif-m layout-normal text-serif-m layout-padded\">\u2013 Jeg har v\u00e6rt ute og kjempet for dette tidligere, s\u00e5 jeg ser p\u00e5 det som en ekstremt merkelig fremgangsm\u00e5te \u00e5 pr\u00f8ve \u00e5 kontakte meg p\u00e5 den m\u00e5ten.<\/p>\n<p class=\"_paragraph_o9xde_4 _paragraph_xtcu6_10 layout-component text-serif-m layout-normal text-serif-m layout-padded\">Talsperson for Watchbird er Bj\u00f8rn Richard Johansen fra PR-byr\u00e5et Geelmuyden Kiese. <\/p>\n<p class=\"_paragraph_o9xde_4 _paragraph_xtcu6_10 layout-component text-serif-m layout-normal text-serif-m layout-padded\">\u2013 For alle oss nordmenn er ytringsfriheten en kjerneverdi. Den gjelder for alle i selskapet og vi m\u00e5 bare ta til etterretning kritikken fra Viksund her, svarer Johansen i en epost til VG. <\/p>\n<p class=\"_paragraph_o9xde_4 _paragraph_xtcu6_10 layout-component text-serif-m layout-normal text-serif-m layout-padded\">Talspersonen skriver i den samme eposten at:<\/p>\n<p class=\"_paragraph_o9xde_4 _paragraph_xtcu6_10 layout-component text-serif-m layout-normal text-serif-m layout-padded\">\u2013 Vi kjemper og st\u00e5r, som alle nordmenn og NATO p\u00e5 Ukraina sin side i den meningsl\u00f8se krigen igangsatt av Russland. Dette nettopp for \u00e5 sikre oss en hverdag hvor vi i fremtiden kan leve i et fritt samfunn hvor vi ogs\u00e5 har meningsbrytninger fra enkeltpersoner og gode kritiske medier, skriver Johansen i en e-post til VG. <\/p>\n<p><img decoding=\"async\" alt=\"Bilde av Bj\u00f8rn Richard Johansen\" class=\"_image_ygndg_42\" height=\"27\" itemprop=\"image\" loading=\"lazy\"  src=\"https:\/\/www.europesays.com\/no\/wp-content\/uploads\/2025\/12\/1766501890_635_4be28557-ddc8-49b7-a39f-889973bd2e3a\"  width=\"40\"\/><strong class=\"_name_ygndg_51 title-serif-xs\">Bj\u00f8rn Richard Johansen<\/strong><\/p>\n<p class=\"_paragraph_o9xde_4 text-sans-m _description_ygndg_56\">Kommersiell direkt\u00f8r i Geelmuyden Kiese<\/p>\n<p class=\"_paragraph_o9xde_4 _paragraph_xtcu6_10 layout-component text-serif-m layout-normal text-serif-m layout-padded\">Talspersonen for Watchbird er uenig i VGs test av masken.<\/p>\n<p class=\"_paragraph_o9xde_4 _paragraph_xtcu6_10 layout-component text-serif-m layout-normal text-serif-m layout-padded\">\u2013 Safegaiter (masken) er ikke designet for denne fasen, men for den operative hverdagen som varer betydelig lenger og der gassmaske ikke praktisk kan brukes kontinuerlig, slik for eksempel situasjonen er for ukrainske soldater i felt, har selskapet tidligere svart om VGs test via talsmann Bj\u00f8rn Richard Johansen.<\/p>\n<p class=\"_paragraph_o9xde_4 _paragraph_xtcu6_10 layout-component text-serif-m layout-normal text-serif-m layout-padded\">VG har ogs\u00e5 tilgang til en mailtr\u00e5d der det fremg\u00e5r hvem som er involvert i selskapets arbeid, og som var koblet p\u00e5 svarene Watchbird skulle sende til VG om Viksunds uttalelser.<\/p>\n<p class=\"_paragraph_o9xde_4 _paragraph_xtcu6_10 layout-component text-serif-m layout-normal text-serif-m layout-padded\">Der var det flere kjente fjes, deriblant: <\/p>\n<p><img decoding=\"async\" alt=\"Bilde av \u00d8ystein Bogen, tidligere TV 2-journalist\" class=\"_image_ygndg_42\" height=\"28\" itemprop=\"image\" loading=\"lazy\"  src=\"https:\/\/www.europesays.com\/no\/wp-content\/uploads\/2025\/12\/ed90feac-7b63-4f47-b960-0695c7916c1b\"  width=\"40\"\/><strong class=\"_name_ygndg_51 title-serif-xs\">\u00d8ystein Bogen, tidligere TV 2-journalist<\/strong><\/p>\n<p class=\"_paragraph_o9xde_4 text-sans-m _description_ygndg_56\">Sluttet nylig i TV 2  etter 30 \u00e5r som blant annet utenriksreporter og programleder. Er n\u00e5 assosiert partner i PR-byr\u00e5et Geelmuyden Kiise, som har bist\u00e5tt Watchbird den siste tiden. <\/p>\n<p><img decoding=\"async\" alt=\"Bilde av Geir H\u00e5gen Karlsen, tidligere offiser\" class=\"_image_ygndg_42\" height=\"26\" itemprop=\"image\" loading=\"lazy\"  src=\"https:\/\/www.europesays.com\/no\/wp-content\/uploads\/2025\/12\/d6103f1a-3a01-4e99-923b-81a072d8a6e4\"  width=\"40\"\/><strong class=\"_name_ygndg_51 title-serif-xs\">Geir H\u00e5gen Karlsen, tidligere offiser<\/strong><\/p>\n<p class=\"_paragraph_o9xde_4 text-sans-m _description_ygndg_56\">Geir H\u00e5gen Karlsen, assosiert partner i Geelmuyden Kiese og tidligere offiser og hovedl\u00e6rer ved Forsvarets h\u00f8yskole. Han ble godt kjent for de fleste som ekspertkommentator i forbindelse med sikkerhetstrusler og krigen i Ukraina.<\/p>\n<p class=\"_paragraph_o9xde_4 _paragraph_xtcu6_10 layout-component text-serif-m layout-normal text-serif-m layout-padded\">I mailtr\u00e5den var ogs\u00e5: <\/p>\n<ul class=\"_list_o9xde_3 _list_xtcu6_9 _unordered_o9xde_106 layout-component text-serif-m layout-normal text-serif-m layout-padded\">\n<li class=\"_item_o9xde_30\"><strong class=\"_strong_o9xde_25\">Bj\u00f8rn Richard Johansen:<\/strong> Direkt\u00f8r og partner i Geelmuyden Kiese<\/li>\n<li class=\"_item_o9xde_30\">Forretningsmannen Morten Grusd, som er daglig leder i Loomis og styremedlem i Watchbird.<\/li>\n<li class=\"_item_o9xde_30\"><strong class=\"_strong_o9xde_25\">Rune Jomaas: <\/strong>Daglig leder i Watchbird.<\/li>\n<li class=\"_item_o9xde_30\"><strong class=\"_strong_o9xde_25\">Johan Woo Kvandal:<\/strong> Partner i advokatfirmaet Schj\u00f8dts avdeling for sikkerhet, forsvar og luftfart \u2013 og tidligere juridisk direkt\u00f8r i Forsvarsmateriell.<\/li>\n<li class=\"_item_o9xde_30\"><strong class=\"_strong_o9xde_25\">Stine Hel\u00e9n Pettersen: <\/strong>Partner i advokatfirmaet R\u00e6der Bing, som er ekspert p\u00e5 opphavsrett, varemerkerett, medierett og kontrakter.<\/li>\n<\/ul>\n<p class=\"_paragraph_o9xde_4 _paragraph_xtcu6_10 layout-component text-serif-m layout-normal text-serif-m layout-padded\">VG har tatt kontakt med alle personene og spurt om deres oppdrag for Watchbird. Ingen av dem har svart.<\/p>\n<p class=\"_paragraph_o9xde_4 _paragraph_xtcu6_10 layout-component text-serif-m layout-normal text-serif-m layout-padded\">Heller ikke talsperson for Watchbird, Bj\u00f8rn Richard Johansen i Geelmuyden Kiise vil svare p\u00e5 hvilke roller de forskjellige r\u00e5dgiverne har: <\/p>\n<p class=\"_paragraph_o9xde_4 _paragraph_xtcu6_10 layout-component text-serif-m layout-normal text-serif-m layout-padded\">\u2013 Som selskap er vi selvsagt opptatt av \u00e5 sikre at flest mulig kjenner til riktig bruksomr\u00e5dene for Safegaiter som vil bidra til \u00e5 gj\u00f8re hverdagen enklere for brukeren uansett hvor de er i totalforsvaret. Ut over det har vi ingen til \u00e5 tillegge, skriver Johansen i e-posten til VG.<\/p>\n","protected":false},"excerpt":{"rendered":"Daniel Viksund fra Veteran Aid Ukraine kritiserete regjeringen som skulle kj\u00f8pe masker fra selskapet Watchbird til 100 millioner&hellip;\n","protected":false},"author":2,"featured_media":120455,"comment_status":"","ping_status":"","sticky":false,"template":"","format":"standard","meta":{"footnotes":""},"categories":[10],"tags":[20,21,24,25,8437,567,15,22,23,13,30,28,29,14,16,26,27,13904],"class_list":{"0":"post-120454","1":"post","2":"type-post","3":"status-publish","4":"format-standard","5":"has-post-thumbnail","7":"category-norge","8":"tag-breaking-news","9":"tag-breakingnews","10":"tag-featured-news","11":"tag-featurednews","12":"tag-forsvarets-forskningsinstitutt-ffi","13":"tag-forsvarsdepartementet","14":"tag-headlines","15":"tag-latest-news","16":"tag-latestnews","17":"tag-news","18":"tag-no","19":"tag-norge","20":"tag-norway","21":"tag-nyheter","22":"tag-overskrifter","23":"tag-top-stories","24":"tag-topstories","25":"tag-watchbird"},"share_on_mastodon":{"url":"https:\/\/pubeurope.com\/@no\/115769476362726190","error":""},"_links":{"self":[{"href":"https:\/\/www.europesays.com\/no\/wp-json\/wp\/v2\/posts\/120454","targetHints":{"allow":["GET"]}}],"collection":[{"href":"https:\/\/www.europesays.com\/no\/wp-json\/wp\/v2\/posts"}],"about":[{"href":"https:\/\/www.europesays.com\/no\/wp-json\/wp\/v2\/types\/post"}],"author":[{"embeddable":true,"href":"https:\/\/www.europesays.com\/no\/wp-json\/wp\/v2\/users\/2"}],"replies":[{"embeddable":true,"href":"https:\/\/www.europesays.com\/no\/wp-json\/wp\/v2\/comments?post=120454"}],"version-history":[{"count":0,"href":"https:\/\/www.europesays.com\/no\/wp-json\/wp\/v2\/posts\/120454\/revisions"}],"wp:featuredmedia":[{"embeddable":true,"href":"https:\/\/www.europesays.com\/no\/wp-json\/wp\/v2\/media\/120455"}],"wp:attachment":[{"href":"https:\/\/www.europesays.com\/no\/wp-json\/wp\/v2\/media?parent=120454"}],"wp:term":[{"taxonomy":"category","embeddable":true,"href":"https:\/\/www.europesays.com\/no\/wp-json\/wp\/v2\/categories?post=120454"},{"taxonomy":"post_tag","embeddable":true,"href":"https:\/\/www.europesays.com\/no\/wp-json\/wp\/v2\/tags?post=120454"}],"curies":[{"name":"wp","href":"https:\/\/api.w.org\/{rel}","templated":true}]}}