{"id":120458,"date":"2025-12-23T15:01:52","date_gmt":"2025-12-23T15:01:52","guid":{"rendered":"https:\/\/www.europesays.com\/no\/120458\/"},"modified":"2025-12-23T15:01:52","modified_gmt":"2025-12-23T15:01:52","slug":"her-er-maurstad-familiens-julekort-for-2025","status":"publish","type":"post","link":"https:\/\/www.europesays.com\/no\/120458\/","title":{"rendered":"Her er Maurstad-familiens julekort for 2025"},"content":{"rendered":"<p class=\"kicker \" style=\"\">Maurstad-familien:<\/p>\n<p>  Tradisjonen tro sl\u00e5r Maurstad-familien p\u00e5 stortromma n\u00e5r \u00e5rets julebilde skal tas.<\/p>\n<p>\n    TRADISJON: Hver jul tar Maurstad-familien et sv\u00e6rt kreativt familiebilde. I \u00e5r er intet unntak. (Dette er ikke julebildet. Det finner du lengre ned i artikkelen.) Foto: Andreas Fadum\n  <\/p>\n<p>Hvert \u00e5r oppsummerer Maurstad-familien \u00e5ret som har g\u00e5tt, og \u00f8nsker n\u00e6re og kj\u00e6re en god jul, med et noks\u00e5 s\u00e6regent julekort.<\/p>\n<p>    <a itemprop=\"url\" href=\"https:\/\/www.seher.no\/kjendis\/snekkeren-ble-domt-til-fengsel\/83659200\" rel=\"nofollow noopener\" target=\"_blank\"><\/p>\n<p>        <img loading=\"lazy\" decoding=\"async\" src=\"https:\/\/www.europesays.com\/no\/wp-content\/uploads\/2025\/12\/83659207.webp\" width=\"980\" height=\"441\" title=\"D\u00f8mt til fengsel\" alt=\"\" class=\"lazyload\" style=\"--aspect-ratio-image: 2.22; \"\/><\/p>\n<p>        D\u00f8mt til fengsel<\/p>\n<p>    <\/a><\/p>\n<p>Mari Maurstad (68) r\u00f8pet den elleville summen hun brukerp\u00e5 \u00e5 sende ut de om lag 500 julekortene hvert \u00e5r f\u00f8r fjor\u00e5rets julebilde var tatt. Se video av dette under:<\/p>\n<p>        Mari Maurstad r\u00f8per den elleville summen p\u00e5 Maurstad-familiens \u00e5rlige julekort.<\/p>\n<p> &#8211; Tanken bak \u00e5rets familiebilde er sangen \u00abCircle of Life\u00bb fra \u00abL\u00f8venes konge\u00bb, forteller Mari Maurstad til Se og H\u00f8r. <\/p>\n<p>Maurstad-flokkens nyeste tilskudd, Ellinor, er midtpunktet i \u00e5rets familiefoto. Datteren til Scott og Pernille, er ogs\u00e5 Maris aller f\u00f8rste barnebarn.<\/p>\n<p>&#8211; I filmen er det en apekatt som l\u00f8fter Simba og viser ham frem til resten av dyrene, s\u00e5 da ble det gorilladrakt p\u00e5 meg, forklarer den nybakte bestemoren.<\/p>\n<p>Det tok en del fors\u00f8k f\u00f8r de fikk knipset det perfekte bildet:<\/p>\n<p>&#8211; Ellinor var helt rolig. Jeg ble derimot litt sliten, sier Mari, som m\u00e5tte l\u00f8fte barnebarnet med strake armer gang p\u00e5 gang p\u00e5 gang.<\/p>\n<p>Resten av familien er utkledd som hvert sitt savannedyr, og titter opp p\u00e5 det nyeste flokkmedlemmet med begeistring. Alts\u00e5 en perfekt rekonstruksjon av den ikoniske scenen i Disneys \u00abL\u00f8venes konge\u00bb.<\/p>\n<p>Den kunstneriske familien har sendt ut julebrevene i en lang \u00e5rrekke. I fjor lagde de en skikkelig julefilmplakat, og listet opp alle medlemmene som hovedroller. Og slik som de har gjort flere ganger f\u00f8r, er Maurstad-navnet p\u00e5 kreativt vis flettet inn.<\/p>\n<p>        <img loading=\"lazy\" decoding=\"async\" src=\"https:\/\/www.europesays.com\/no\/wp-content\/uploads\/2025\/12\/82357860.webp\" width=\"686\" height=\"995\" title=\"KREATIVE SJELER: I fjor gikk de for en filmplakat-vri. Foto: Privat\" alt=\"\" class=\"\" style=\"--aspect-ratio-image: 0.69; \"\/><\/p>\n<p>\n        KREATIVE SJELER: I fjor gikk de for en filmplakat-vri. Foto: Privat\n    <\/p>\n<p class=\"text-white color_mobile_text-white bg-white color_mobile_bg-white\">Da julebrevet for 2023 skulle sendes ut, fortalte Mari Maurstad til <a href=\"https:\/\/www.seher.no\/kjendis\/matte-vaere-sapass\/82357829\" target=\"_blank\" rel=\"nofollow noopener\">Se og H\u00f8r<\/a> at de hvert \u00e5r fors\u00f8ker \u00e5 v\u00e6re uforutsigbare med bildene.<\/p>\n<p>        <img loading=\"lazy\" decoding=\"async\" src=\"https:\/\/www.europesays.com\/no\/wp-content\/uploads\/2025\/12\/83985467.webp\" width=\"686\" height=\"638\" title=\"THE MAURSTADS: I 2023 markerte familien seg som Norges svar p\u00e5 The Kardashians. Foto: Instagram\/John Andresen\" alt=\"\" class=\"\" style=\"--aspect-ratio-image: 1.08; \"\/><\/p>\n<p>\n        THE MAURSTADS: I 2023 markerte familien seg som Norges svar p\u00e5 The Kardashians. Foto: Instagram\/John Andresen\n    <\/p>\n<p>&#8211; Da Aslak var med i \u00abSkal vi danse\u00bb, sa Morten Hegseth noe s\u00e5nt som: \u00abGlem \u00abThe Kardashians\u00bb, n\u00e5 er det \u00abThe Maurstads\u00bb som gjelder\u00bb, forklarte Mari som inspirasjonen bak bildet.<\/p>\n<p>    <a itemprop=\"url\" href=\"https:\/\/www.seher.no\/kjendis\/matte-vaere-sapass\/82357829\" rel=\"nofollow noopener\" target=\"_blank\"><\/p>\n<p>        <img loading=\"lazy\" decoding=\"async\" src=\"https:\/\/www.europesays.com\/no\/wp-content\/uploads\/2025\/12\/1766502100_659_82357860.webp\" width=\"980\" height=\"441\" title=\"\u00abM\u00e5tte v\u00e6re s\u00e5pass!\u00bb\" alt=\"\" class=\"lazyload\" style=\"--aspect-ratio-image: 2.22; \"\/><\/p>\n<p>        \u00abM\u00e5tte v\u00e6re s\u00e5pass!\u00bb<\/p>\n<p>    <\/a><\/p>\n<p>I anledning julen tar vi et blikk tilbake p\u00e5 noen av de mest ikoniske julebildene til Maurstad-familien:<\/p>\n<p>        \u00abSKAL VI DANSE\u00bb: P\u00e5 l\u00f8rdag danset Aslak Maurstad til \u00e6re for kj\u00e6resten Martine. Vi har spurt han hvordan han kapret henne. Reporter: Celina Morken. Video: Klaus Fjellro.<\/p>\n<p>Et \u00e5r lot de seg inspirere av selve grunnpilaren til julefeiringen. I en stall ligger ektemann Aage Kvalbein i krybben som Jesu-barnet selv, mens resten av familien st\u00e5r rundt han som hyrder.<\/p>\n<p>        <img loading=\"lazy\" decoding=\"async\" src=\"https:\/\/www.europesays.com\/no\/wp-content\/uploads\/2025\/12\/80693521.webp\" width=\"686\" height=\"392\" title=\"JULEEVANGELIET: Her rekonstruerer de enda en ikonisk scene, nemlig juleevangeliet og Jesu f\u00f8dsel. Foto: Privat\" alt=\"\" class=\"\" style=\"--aspect-ratio-image: 1.75; \"\/><\/p>\n<p>\n        JULEEVANGELIET: Her rekonstruerer de enda en ikonisk scene, nemlig juleevangeliet og Jesu f\u00f8dsel. Foto: Privat\n    <\/p>\n<p>Maurstad-familien har mange talenter, men avansert akrobatikk er neppe en av dem. Likevel ser det ut som familien er en del av et reisende sirkus p\u00e5 dette julebildet:<\/p>\n<p>        <img loading=\"lazy\" decoding=\"async\" src=\"https:\/\/www.europesays.com\/no\/wp-content\/uploads\/2025\/12\/80693545.webp\" width=\"686\" height=\"837\" title=\"JULE-AKROBATIKK: Maurstad-nissene har tilsynelatende gode sirkus-ferdigheter. Foto: Privat\" alt=\"\" class=\"\" style=\"--aspect-ratio-image: 0.82; \"\/><\/p>\n<p>\n        JULE-AKROBATIKK: Maurstad-nissene har tilsynelatende gode sirkus-ferdigheter. Foto: Privat\n    <\/p>\n<p>De benytter seg ofte av noen gode kamera- og redigeringsknep for \u00e5 skape ville motiver.<\/p>\n<p>        <img loading=\"lazy\" decoding=\"async\" src=\"https:\/\/www.europesays.com\/no\/wp-content\/uploads\/2025\/12\/80693540.webp\" width=\"686\" height=\"542\" title=\"FRITT FALL: Sn\u00f8en daler ned i julen, det samme gj\u00f8r Maurstad-familien. Foto: Privat\" alt=\"\" class=\"\" style=\"--aspect-ratio-image: 1.27; \"\/><\/p>\n<p>\n        FRITT FALL: Sn\u00f8en daler ned i julen, det samme gj\u00f8r Maurstad-familien. Foto: Privat\n    <\/p>\n<p>Men ikke alle motivene er fabrikerte. Her m\u00e5tte familien holde pusten godt mens de knipset \u00e5rets julekort:<\/p>\n<p>        <img loading=\"lazy\" decoding=\"async\" src=\"https:\/\/www.europesays.com\/no\/wp-content\/uploads\/2025\/12\/80693533.webp\" width=\"980\" height=\"559\" title=\"UNDER VANN: Her har familien kledd seg opp i nissedrakter og tatt seg en aldri s\u00e5 liten juledukkert. Foto: Privat\" alt=\"\" class=\"\" style=\"--aspect-ratio-image: 1.75; \"\/><\/p>\n<p>\n        UNDER VANN: Her har familien kledd seg opp i nissedrakter og tatt seg en aldri s\u00e5 liten juledukkert. Foto: Privat\n    <\/p>\n<p>Film og TV har naturligvis blitt tema for familiens julebilder en rekke ganger. Et \u00e5r tok de inspirasjon fra en av tidenes st\u00f8rste TV-serier \u00abGame of Thrones\u00bb.<\/p>\n<p>        <img loading=\"lazy\" decoding=\"async\" src=\"https:\/\/www.europesays.com\/no\/wp-content\/uploads\/2025\/12\/83986057.webp\" width=\"686\" height=\"371\" title=\"GAME OF MAURSTAD: Skuespill ligger omtrent i Maurstad-familiens gener. Her er de inspirert av en av tidenes st\u00f8rste TV-serier \u00abGame of Thrones\u00bb. Foto: Privat\" alt=\"\" class=\"\" style=\"--aspect-ratio-image: 1.85; \"\/><\/p>\n<p>\n        GAME OF MAURSTAD: Skuespill ligger omtrent i Maurstad-familiens gener. Her er de inspirert av en av tidenes st\u00f8rste TV-serier \u00abGame of Thrones\u00bb. Foto: Privat\n    <\/p>\n","protected":false},"excerpt":{"rendered":"Maurstad-familien: Tradisjonen tro sl\u00e5r Maurstad-familien p\u00e5 stortromma n\u00e5r \u00e5rets julebilde skal tas. TRADISJON: Hver jul tar Maurstad-familien et&hellip;\n","protected":false},"author":2,"featured_media":120459,"comment_status":"","ping_status":"","sticky":false,"template":"","format":"standard","meta":{"footnotes":""},"categories":[58],"tags":[11628,71,5593,479,2543,6106,7778,30,28,29,72],"class_list":{"0":"post-120458","1":"post","2":"type-post","3":"status-publish","4":"format-standard","5":"has-post-thumbnail","7":"category-underholdning","8":"tag-aslak-maurstad","9":"tag-entertainment","10":"tag-jul","11":"tag-kjendis","12":"tag-kjendisdesken","13":"tag-mari-maurstad","14":"tag-maurstad","15":"tag-no","16":"tag-norge","17":"tag-norway","18":"tag-underholdning"},"share_on_mastodon":{"url":"https:\/\/pubeurope.com\/@no\/115769491325608420","error":""},"_links":{"self":[{"href":"https:\/\/www.europesays.com\/no\/wp-json\/wp\/v2\/posts\/120458","targetHints":{"allow":["GET"]}}],"collection":[{"href":"https:\/\/www.europesays.com\/no\/wp-json\/wp\/v2\/posts"}],"about":[{"href":"https:\/\/www.europesays.com\/no\/wp-json\/wp\/v2\/types\/post"}],"author":[{"embeddable":true,"href":"https:\/\/www.europesays.com\/no\/wp-json\/wp\/v2\/users\/2"}],"replies":[{"embeddable":true,"href":"https:\/\/www.europesays.com\/no\/wp-json\/wp\/v2\/comments?post=120458"}],"version-history":[{"count":0,"href":"https:\/\/www.europesays.com\/no\/wp-json\/wp\/v2\/posts\/120458\/revisions"}],"wp:featuredmedia":[{"embeddable":true,"href":"https:\/\/www.europesays.com\/no\/wp-json\/wp\/v2\/media\/120459"}],"wp:attachment":[{"href":"https:\/\/www.europesays.com\/no\/wp-json\/wp\/v2\/media?parent=120458"}],"wp:term":[{"taxonomy":"category","embeddable":true,"href":"https:\/\/www.europesays.com\/no\/wp-json\/wp\/v2\/categories?post=120458"},{"taxonomy":"post_tag","embeddable":true,"href":"https:\/\/www.europesays.com\/no\/wp-json\/wp\/v2\/tags?post=120458"}],"curies":[{"name":"wp","href":"https:\/\/api.w.org\/{rel}","templated":true}]}}