{"id":120460,"date":"2025-12-23T15:05:07","date_gmt":"2025-12-23T15:05:07","guid":{"rendered":"https:\/\/www.europesays.com\/no\/120460\/"},"modified":"2025-12-23T15:05:07","modified_gmt":"2025-12-23T15:05:07","slug":"tarmbakterier-funnet-i-mat-tilpasset-syke-og-gamle","status":"publish","type":"post","link":"https:\/\/www.europesays.com\/no\/120460\/","title":{"rendered":"Tarmbak\u00adterier funnet i mat tilpasset syke og gamle"},"content":{"rendered":"<p data-testid=\"textWithMarkup-text\" data-v-81d7dc2b=\"\" data-v-62d58f52=\"\">Disse tre produktene vil ikke bli funnet i butikkhyller, fordi de serveres til gamle og syke p\u00e5 institusjoner, skriver Mattilsynet i en pressemelding.<\/p>\n<p data-testid=\"textWithMarkup-text\" data-v-81d7dc2b=\"\" data-v-62d58f52=\"\">Maten ble ikke kj\u00f8lt ned etter produksjonen, og dermed ble overskrivende verdier av tarmbakterier p\u00e5vist. Det kan gi fare for tarmsykdommer med symptomer som diar\u00e9, magesmerter, oppkast og lignende.<\/p>\n<p data-testid=\"textWithMarkup-text\" data-v-81d7dc2b=\"\" data-v-62d58f52=\"\">Det ble solgt n\u00e6r 2000 av de aktuelle produktene, som tilsynet n\u00e5 oppfordrer til \u00e5 kaste eller levere tilbake.<\/p>\n<p data-testid=\"textWithMarkup-text\" data-v-81d7dc2b=\"\" data-v-62d58f52=\"\">N\u00e6rmere bestemt gjelder det f\u00f8lgende tre produkter under merkenavnet \u00abSooft Meals\u00bb: Laks med gr\u00f8nnsaker og fiskesaus best f\u00f8r 31.10.2026, Kylling med gr\u00f8nnsaker og saus best f\u00f8r 01.11.2026 og Hvitfisk med gr\u00f8nnsaker og sm\u00f8rsaus best f\u00f8r 31.10.2026.<\/p>\n","protected":false},"excerpt":{"rendered":"Disse tre produktene vil ikke bli funnet i butikkhyller, fordi de serveres til gamle og syke p\u00e5 institusjoner,&hellip;\n","protected":false},"author":2,"featured_media":120461,"comment_status":"","ping_status":"","sticky":false,"template":"","format":"standard","meta":{"footnotes":""},"categories":[12],"tags":[20,21,24,25,15,22,23,13,30,28,29,14,16,26,27,42,43,44,45],"class_list":{"0":"post-120460","1":"post","2":"type-post","3":"status-publish","4":"format-standard","5":"has-post-thumbnail","7":"category-verden","8":"tag-breaking-news","9":"tag-breakingnews","10":"tag-featured-news","11":"tag-featurednews","12":"tag-headlines","13":"tag-latest-news","14":"tag-latestnews","15":"tag-news","16":"tag-no","17":"tag-norge","18":"tag-norway","19":"tag-nyheter","20":"tag-overskrifter","21":"tag-top-stories","22":"tag-topstories","23":"tag-verden","24":"tag-world","25":"tag-world-news","26":"tag-worldnews"},"share_on_mastodon":{"url":"https:\/\/pubeurope.com\/@no\/115769502900986979","error":""},"_links":{"self":[{"href":"https:\/\/www.europesays.com\/no\/wp-json\/wp\/v2\/posts\/120460","targetHints":{"allow":["GET"]}}],"collection":[{"href":"https:\/\/www.europesays.com\/no\/wp-json\/wp\/v2\/posts"}],"about":[{"href":"https:\/\/www.europesays.com\/no\/wp-json\/wp\/v2\/types\/post"}],"author":[{"embeddable":true,"href":"https:\/\/www.europesays.com\/no\/wp-json\/wp\/v2\/users\/2"}],"replies":[{"embeddable":true,"href":"https:\/\/www.europesays.com\/no\/wp-json\/wp\/v2\/comments?post=120460"}],"version-history":[{"count":0,"href":"https:\/\/www.europesays.com\/no\/wp-json\/wp\/v2\/posts\/120460\/revisions"}],"wp:featuredmedia":[{"embeddable":true,"href":"https:\/\/www.europesays.com\/no\/wp-json\/wp\/v2\/media\/120461"}],"wp:attachment":[{"href":"https:\/\/www.europesays.com\/no\/wp-json\/wp\/v2\/media?parent=120460"}],"wp:term":[{"taxonomy":"category","embeddable":true,"href":"https:\/\/www.europesays.com\/no\/wp-json\/wp\/v2\/categories?post=120460"},{"taxonomy":"post_tag","embeddable":true,"href":"https:\/\/www.europesays.com\/no\/wp-json\/wp\/v2\/tags?post=120460"}],"curies":[{"name":"wp","href":"https:\/\/api.w.org\/{rel}","templated":true}]}}