{"id":120466,"date":"2025-12-23T15:10:13","date_gmt":"2025-12-23T15:10:13","guid":{"rendered":"https:\/\/www.europesays.com\/no\/120466\/"},"modified":"2025-12-23T15:10:13","modified_gmt":"2025-12-23T15:10:13","slug":"tuva-adine-billing-nissene-i-skjul","status":"publish","type":"post","link":"https:\/\/www.europesays.com\/no\/120466\/","title":{"rendered":"Tuva Adine Billing, Nissene i skjul"},"content":{"rendered":"\n<p>\u00abNissene i skjul\u00bb er tredje oppf\u00f8lger i rekken etter Espen Eckbo sin originale \u00abNissene p\u00e5 l\u00e5ven\u00bb fra 2001.<\/p>\n<p>N\u00e5 har Eckbo gitt stafettpinnen videre til Herman Flesvig, Mikkel Niva og Kevin V\u00e5genes.<\/p>\n<p>Og Fredrikstad-skuespiller Tuva Adine Billings (33) karakter Lone er bindeleddet mellom \u00abNissene i bingen\u00bb p\u00e5 TVNorge (2021) og \u00e5rets \u00abNissene i skjul\u00bb p\u00e5 NRK.<\/p>\n<p>\u2013 Jeg hadde egentlig ikke regnet med at jeg kom til \u00e5 spille Lone igjen, s\u00e5 for min del ble det nostalgi \u00e5 v\u00e6re tilbake, forteller Tuva.<\/p>\n<p>I \u00e5rets cast er Billing og V\u00e5genes de eneste som har v\u00e6rt i \u00abl\u00e5ven\u00bb tidligere.<\/p>\n<p>\u2013 Jeg er lommekjent p\u00e5 det settet, noe som gjorde det enklere \u00e5 spille rollen, fortsetter Billing.<\/p>\n<p>Kjenner seg igjen  <\/p>\n<p>Seriens konsept er en julete parodi av norske realityprogrammer.<\/p>\n<p>\u2013 Lone er basert p\u00e5 realitydeltagerne som glir litt gjennom, men som kommer sterkere p\u00e5 slutten. Hun er ikke den smarteste, men p\u00e5 en m\u00e5te lur nok til \u00e5 komme seg gjennom, forteller skuespilleren.<\/p>\n<p>   <img decoding=\"async\" width=\"1280\" height=\"720\" fetchpriority=\"low\"  loading=\"lazy\"  src=\"https:\/\/www.europesays.com\/no\/wp-content\/uploads\/2025\/12\/image2.jpeg\" alt=\"\" class=\"brick-c-cFOWSL\" style=\"--brick-image-ratio: 1280 \/ 720;\"\/><\/p>\n<p>      Serien er en parodi p\u00e5 norske realityprogrammer med en julete vri.<br \/>\n      Foto: NRK\n    <\/p>\n<p><b>\u2013 Hva er de st\u00f8rste likhetene og ulikhetene mellom karakteren Lone og privatpersonen Tuva Adine Billing?<\/b><\/p>\n<p>\u2013 Lone er mye t\u00f8ffere enn meg, svarer Billing og trekker frem episoden fra 21. desember som eksempel.<\/p>\n<p>\u2013 Hun er veldig p\u00e5 og redd for \u00e5 bli klippet bort. I forrige sesong \u00abl\u00e5 hun\u00bb p\u00e5 tv, s\u00e5 derfor tror hun at hun m\u00e5 gj\u00f8re det igjen for \u00e5 bli husket og sp\u00f8r Charlie om det.<\/p>\n<p>   <img decoding=\"async\" width=\"1199\" height=\"677\" fetchpriority=\"low\"  loading=\"lazy\"  src=\"https:\/\/www.europesays.com\/no\/wp-content\/uploads\/2025\/12\/1766502610_984_image0.jpeg\" alt=\"\" class=\"brick-c-cFOWSL\" style=\"--brick-image-ratio: 1199 \/ 677;\"\/><\/p>\n<p>      Tuva Adine Billing forteller om likheter og ulikheter med karakteren.<br \/>\n      Foto: NRK\n    <\/p>\n<p>Billing forteller videre at hun kjenner seg igjen i Lones konfliktskyhet.<\/p>\n<p>\u2013 Hun er bindeleddet i alliansen n\u00e5r Oda Marie driter seg ut og sender ut Mette, og er litt s\u00e5nn \u00abDet g\u00e5r bra\u00bb og \u00aballe kan gj\u00f8re feil\u00bb.<\/p>\n<p>\u2013 N\u00e5 er du veldig langt inni ditt eget navlelo Tuva<\/p>\n<p>Med deltagelse i \u00abKongen Befaler\u00bb, rollen Bodil i \u00abLunch\u00bb, og Lone i disse to tv-julekalenderne, har Tuva Adine Billing etter hvert blitt et kjent fjes for det norske folk.<\/p>\n<p>\u2013 Det er veldig forskjellig hvor folk kjenner meg igjen fra. Noen husker meg fra de to sekundene jeg var med i \u00abSide om side\u00bb, og s\u00e5 er det andre som kjenner meg igjen fra \u00abKongen Befaler\u00bb, forteller Billing.<\/p>\n<p>Den vanligste frasen Billing h\u00f8rer fra folk som kjenner henne igjen, er: \u00abVi har vel m\u00f8ttes f\u00f8r\u00bb. Da har Billing valgt en strategi der hun alltid spiller med. Selv om hun ikke kjenner igjen personen.<\/p>\n<p>   <img decoding=\"async\" width=\"828\" height=\"1078\" fetchpriority=\"low\"  loading=\"lazy\"  src=\"https:\/\/www.europesays.com\/no\/wp-content\/uploads\/2025\/12\/image5.jpeg\" alt=\"\" class=\"brick-c-cFOWSL\" style=\"--brick-image-ratio: 828 \/ 1078;\"\/><\/p>\n<p>      Tuva Adine Billing forteller at hun blir kjent igjen p\u00e5 gata.<br \/>\n      Foto: Privat\n    <\/p>\n<p>\u2013 Det kommer rett og slett fra en tabbe jeg gjorde da \u00abNissene i bingen\u00bb gikk p\u00e5 tv for f\u00f8rste gang. Da gikk jeg andre \u00e5ret \u00abSkuespill\u00bb p\u00e5 Westerdals i Oslo, og var p\u00e5 vei til skolen, og s\u00e5 kommer det en dame bort til meg som er veldig kontakts\u00f8kende. Hun sp\u00f8r: \u00abEr du litt kjent?\u00bb og jeg svarer noe s\u00e5nt som \u00abJa, det kommer an p\u00e5 hvor mye du f\u00f8lger med\u00bb, forteller Billing med et smil og legger til:<\/p>\n<p>\u2013 Da f\u00e5r jeg som svar; \u00abNei, vet du hvor Ringenes park er?\u00bb. For dama mente kjent som i geografisk kjent, ikke kjendis. Da tenkte jeg at n\u00e5 er du veldig langt inne i ditt eget navlelo Tuva.<\/p>\n<p>Plutselig er Lone jesusbarnet<\/p>\n<p>Billing forteller om mye g\u00f8y under seriens innspilling og beskriver det som en eneste lang hyttetur som aldri tar slutt.<\/p>\n<p>\u2013 Det er en kjempefin gjeng \u00e5 jobbe med. Vi har ledd s\u00e5 mye at jeg er imponert over at de har klart \u00e5 finne s\u00e5 mange klipp der vi ikke ler, sier hun med et smil.<\/p>\n<p>   <img decoding=\"async\" width=\"828\" height=\"1406\" fetchpriority=\"low\"  loading=\"lazy\"  src=\"https:\/\/www.europesays.com\/no\/wp-content\/uploads\/2025\/12\/image4.jpeg\" alt=\"\" class=\"brick-c-cFOWSL\" style=\"--brick-image-ratio: 828 \/ 1406;\"\/><\/p>\n<p>      Det har blitt mye latter p\u00e5 innspilling, og Tuva Adine Billing forteller om en god gjeng med skuespillere. Her sammen med Herman Flesvig.<br \/>\n      Foto: Privat\n    <\/p>\n<p><b>\u2013 Er det noe du husker ekstra godt som vi ikke f\u00e5r sett p\u00e5 tv?<\/b><\/p>\n<p>\u2013 Det er nesten vanskelig \u00e5 huske alt, men husker det er en seanse med Gjermund der vi skal \u00f8ve til en julekonsert og gj\u00f8r alt annet \u00e5 \u00f8ve. Plutselig ligger Lone og er jesusbarnet i et oppsatt julespill.<\/p>\n<p>Dette er klippet bort, og Billing har forst\u00e5tt det slik at det har v\u00e6rt mye \u00abkill your darlings\u00bb i klippen.<\/p>\n<p>\u2013 Blir helt ko-ko<\/p>\n<p>I februar f\u00e5r vi se Tuva Adine Billing i en litt ny setting. Hun er med i sesong to av Mads Hansens og TV 2s \u00abBoksen\u00bb.<\/p>\n<p>\u2013 Det er f\u00f8rste gang jeg er med p\u00e5 ekte reality, og f\u00f8rste gangen jeg kjenner p\u00e5 den godt kjente \u00abbobla\u00bb, sier hun.<\/p>\n<p>Billing forteller videre at hun fant det skremmende hvor fort hun kom inn i bobla og mistet kontroll over tid og sted.<\/p>\n<p>\u2013 Man blir ganske ko-ko av det. Jeg trodde for eksempel at vi hadde v\u00e6rt der en natt allerede da vi bare hadde v\u00e6rt inne i et par timer.<\/p>\n<p>\u00abBoksen\u00bb har premiere i slutten av februar 2026.<\/p>\n<p><b>PS!<\/b> Ogs\u00e5 Fredrikstad-skuespiller Henriette Humlekj\u00e6r hadde en rolle i \u00abNissene i skjul\u00bb \u2013 hun var med i f\u00f8rste del av serien.<\/p>\n","protected":false},"excerpt":{"rendered":"\u00abNissene i skjul\u00bb er tredje oppf\u00f8lger i rekken etter Espen Eckbo sin originale \u00abNissene p\u00e5 l\u00e5ven\u00bb fra 2001.&hellip;\n","protected":false},"author":2,"featured_media":120467,"comment_status":"","ping_status":"","sticky":false,"template":"","format":"standard","meta":{"footnotes":""},"categories":[58],"tags":[36,13339,71,955,12798,30,28,29,1510,14351,72],"class_list":{"0":"post-120466","1":"post","2":"type-post","3":"status-publish","4":"format-standard","5":"has-post-thumbnail","7":"category-underholdning","8":"tag-art","9":"tag-boksen","10":"tag-entertainment","11":"tag-kultur-og-underholdning","12":"tag-nissene-i-skjul","13":"tag-no","14":"tag-norge","15":"tag-norway","16":"tag-story","17":"tag-tuva-adine-billing","18":"tag-underholdning"},"share_on_mastodon":{"url":"https:\/\/pubeurope.com\/@no\/115769522699993478","error":""},"_links":{"self":[{"href":"https:\/\/www.europesays.com\/no\/wp-json\/wp\/v2\/posts\/120466","targetHints":{"allow":["GET"]}}],"collection":[{"href":"https:\/\/www.europesays.com\/no\/wp-json\/wp\/v2\/posts"}],"about":[{"href":"https:\/\/www.europesays.com\/no\/wp-json\/wp\/v2\/types\/post"}],"author":[{"embeddable":true,"href":"https:\/\/www.europesays.com\/no\/wp-json\/wp\/v2\/users\/2"}],"replies":[{"embeddable":true,"href":"https:\/\/www.europesays.com\/no\/wp-json\/wp\/v2\/comments?post=120466"}],"version-history":[{"count":0,"href":"https:\/\/www.europesays.com\/no\/wp-json\/wp\/v2\/posts\/120466\/revisions"}],"wp:featuredmedia":[{"embeddable":true,"href":"https:\/\/www.europesays.com\/no\/wp-json\/wp\/v2\/media\/120467"}],"wp:attachment":[{"href":"https:\/\/www.europesays.com\/no\/wp-json\/wp\/v2\/media?parent=120466"}],"wp:term":[{"taxonomy":"category","embeddable":true,"href":"https:\/\/www.europesays.com\/no\/wp-json\/wp\/v2\/categories?post=120466"},{"taxonomy":"post_tag","embeddable":true,"href":"https:\/\/www.europesays.com\/no\/wp-json\/wp\/v2\/tags?post=120466"}],"curies":[{"name":"wp","href":"https:\/\/api.w.org\/{rel}","templated":true}]}}