{"id":120470,"date":"2025-12-23T15:17:12","date_gmt":"2025-12-23T15:17:12","guid":{"rendered":"https:\/\/www.europesays.com\/no\/120470\/"},"modified":"2025-12-23T15:17:12","modified_gmt":"2025-12-23T15:17:12","slug":"eliteserie-profil-gir-seg-jeg-har-gitt-alt","status":"publish","type":"post","link":"https:\/\/www.europesays.com\/no\/120470\/","title":{"rendered":"Eliteserie-profil gir seg: &#8211; Jeg har gitt alt"},"content":{"rendered":"<p> Det skjer bare uker etter at han var med p\u00e5 \u00e5 rykke opp til Eliteserien med Aalesund.<\/p>\n<p>\u2013 At vi skulle klare det, er p\u00e5 mange m\u00e5ter forskjellen p\u00e5 himmel og helvete for min del. Jeg f\u00f8lte p\u00e5 et utrolig stort ansvar da vi slet i fjor og er utrolig glad for at vi kan skille lag etter et opprykk, sier Sten Grytebust.<\/p>\n<p>Usikker fremtid<\/p>\n<p>N\u00e5 bekrefter han overfor TV 2 at han og sunnm\u00f8ringene er blitt enige om ikke \u00e5 forlenge kontrakten som g\u00e5r ut ved nytt\u00e5r.<\/p>\n<p>        <img class=\"image__img lazyload\" itemprop=\"image\" title=\"Foto: Svein Ove Ekornesv\u00e5g \/ NTB\" alt=\"OPPRYKK: M\u00e5lvaktens siste kamp i AaFK-kamp ble opprykkskampen mot Bryne. Foto: Svein Ove Ekornesv\u00e5g \/ NTB\" width=\"978\" height=\"656\" bad-src=\"https:\/\/www.europesays.com\/no\/wp-content\/uploads\/2025\/12\/18409686.webp\" fetchpriority=\"auto\" \/><\/p>\n<p>      OPPRYKK: M\u00e5lvaktens siste kamp i AaFK-kamp ble opprykkskampen mot Bryne.<br \/>\n         Foto: Svein Ove Ekornesv\u00e5g \/ NTB<\/p>\n<p>\u2013 Jeg har kjent p\u00e5 det siden sommeren at dette kom til \u00e5 bli det siste \u00e5ret mitt i AaFK, og siden det har motivasjonen min v\u00e6rt \u00e5 avslutte p\u00e5 best mulig m\u00e5te. Jeg f\u00f8ler at jeg har gitt alt for denne klubben, og da er det deilig \u00e5 forlate klubben med et opprykk, sier Grytebust.<\/p>\n<p class=\"italic m-italic\" data-lab-italic=\"italic\">\u2013 Hva n\u00e5?<\/p>\n<p>\u2013 Det er et godt sp\u00f8rsm\u00e5l! Det har kostet en del dette, spesielt p\u00e5 slutten. Jeg har vel slengt meg en million ganger og det skulle vel bare mangle at ikke kroppen har merket det. Spesielt p\u00e5 tampen av AaFK-tiden handlet det om \u00e5 f\u00e5 behandling og gj\u00f8re meg klar til kamper. S\u00e5 var det hjem p\u00e5 sofaen og n\u00e6rmest ligge der til neste \u00f8kt, sier Grytebust.<\/p>\n<p>Han konkluderer:<\/p>\n<p>\u2013 F\u00f8rst og fremst m\u00e5 jeg f\u00e5 orden p\u00e5 kroppen, s\u00e5 f\u00e5r vi se. Men ingen kan anklage meg for \u00e5 ikke ha bl\u00f8dd for drakten det siste \u00e5ret, og det er jeg stolt over, sier Grytebust.<\/p>\n<p>To cupgull<\/p>\n<p>Sten Grytebust har siden debuten i Eliteserien i 2009 v\u00e6rt en av Aalesunds b\u00e6rebjelker i det som m\u00e5 sies \u00e5 v\u00e6re klubbens storhetstid.<\/p>\n<p>At han har v\u00e6rt med p\u00e5 to cupgull og spill i Europa, vil for alltid st\u00e5 igjen i klubbhistorien.<\/p>\n<p>\u2013 Jeg er kanskje mest stolt over at jeg har st\u00e5tt i det i alle \u00f8yeblikk. Fra cupgullene og spill i Europa til \u00e5 v\u00e6re med p\u00e5 nedrykket i 2023, som var den st\u00f8rste sorgen, sier han.<\/p>\n<p>Med unntak av noen \u00e5r i dansk fotball, der han spilte for Odense og FC K\u00f8benhavn, har han v\u00e6rt i Aalesund i hele sin profesjonelle karriere. Grytebust endte p\u00e5 207 kamper i Eliteserien.<\/p>\n<p>        <img class=\"image__img lazyload\" itemprop=\"image\" title=\"Foto: Marie Grensbr\u00e5ten Lorvik \/ TV 2\" alt=\"LANDSKAMPER: Sten Grytebust har ogs\u00e5 spilt med flagget p\u00e5 brystet. Foto: Marie Grensbr\u00e5ten Lorvik \/ TV 2\" width=\"978\" height=\"578\" bad-src=\"https:\/\/www.europesays.com\/no\/wp-content\/uploads\/2025\/12\/18409688.webp\" fetchpriority=\"auto\" \/><\/p>\n<p>      LANDSKAMPER: Sten Grytebust har ogs\u00e5 spilt med flagget p\u00e5 brystet.<br \/>\n         Foto: Marie Grensbr\u00e5ten Lorvik \/ TV 2<\/p>\n<p>\u2013 Sten Grytebust har v\u00e6rt en bauta i norsk fotball og en du alltid har forbundet med Aalesund. Han fortjener en stor del av \u00e6ren for at AaFK yppet seg mot de beste i norsk fotball for noen \u00e5r siden, og at han f\u00e5r avslutte med \u00e5 ta Aalesund opp igjen til Eliteserien, gj\u00f8r det hele til en vakker historie, sier TV 2s fotballekspert Jesper Mathisen.<\/p>\n<p>Sten Grytebust har f\u00e5tt med seg fem A-landskamper for Norge.<\/p>\n<p>\u2013 Jeg f\u00f8ler at jeg har v\u00e6rt en god ambassad\u00f8r for Aalesund gjennom alle disse \u00e5rene, og det er jeg kanskje aller mest stolt over, sier han selv.<\/p>\n","protected":false},"excerpt":{"rendered":"Det skjer bare uker etter at han var med p\u00e5 \u00e5 rykke opp til Eliteserien med Aalesund. \u2013&hellip;\n","protected":false},"author":2,"featured_media":120471,"comment_status":"","ping_status":"","sticky":false,"template":"","format":"standard","meta":{"footnotes":""},"categories":[59],"tags":[30,28,29,83,82],"class_list":{"0":"post-120470","1":"post","2":"type-post","3":"status-publish","4":"format-standard","5":"has-post-thumbnail","7":"category-sport","8":"tag-no","9":"tag-norge","10":"tag-norway","11":"tag-sport","12":"tag-sports"},"share_on_mastodon":{"url":"https:\/\/pubeurope.com\/@no\/115769549990406963","error":""},"_links":{"self":[{"href":"https:\/\/www.europesays.com\/no\/wp-json\/wp\/v2\/posts\/120470","targetHints":{"allow":["GET"]}}],"collection":[{"href":"https:\/\/www.europesays.com\/no\/wp-json\/wp\/v2\/posts"}],"about":[{"href":"https:\/\/www.europesays.com\/no\/wp-json\/wp\/v2\/types\/post"}],"author":[{"embeddable":true,"href":"https:\/\/www.europesays.com\/no\/wp-json\/wp\/v2\/users\/2"}],"replies":[{"embeddable":true,"href":"https:\/\/www.europesays.com\/no\/wp-json\/wp\/v2\/comments?post=120470"}],"version-history":[{"count":0,"href":"https:\/\/www.europesays.com\/no\/wp-json\/wp\/v2\/posts\/120470\/revisions"}],"wp:featuredmedia":[{"embeddable":true,"href":"https:\/\/www.europesays.com\/no\/wp-json\/wp\/v2\/media\/120471"}],"wp:attachment":[{"href":"https:\/\/www.europesays.com\/no\/wp-json\/wp\/v2\/media?parent=120470"}],"wp:term":[{"taxonomy":"category","embeddable":true,"href":"https:\/\/www.europesays.com\/no\/wp-json\/wp\/v2\/categories?post=120470"},{"taxonomy":"post_tag","embeddable":true,"href":"https:\/\/www.europesays.com\/no\/wp-json\/wp\/v2\/tags?post=120470"}],"curies":[{"name":"wp","href":"https:\/\/api.w.org\/{rel}","templated":true}]}}