{"id":120478,"date":"2025-12-23T15:28:13","date_gmt":"2025-12-23T15:28:13","guid":{"rendered":"https:\/\/www.europesays.com\/no\/120478\/"},"modified":"2025-12-23T15:28:13","modified_gmt":"2025-12-23T15:28:13","slug":"deler-aerlig-ville-vaert-dod","status":"publish","type":"post","link":"https:\/\/www.europesays.com\/no\/120478\/","title":{"rendered":"Deler \u00e6rlig: &#8211; Ville v\u00e6rt d\u00f8d"},"content":{"rendered":"<p>Robbie Williams ble en internasjonal superstjerne da han ble en del av boybandet Take That. I 1995 sluttet han i bandet for \u00e5 satse p\u00e5 en solokarriere.<\/p>\n<p>        <img class=\"image__img lazyload\" itemprop=\"image\" title=\"Foto: Neil Munns \/ Pa Photos \/ NTB\" alt=\"TAKE THAT: Take That i 1993. Fra venstre: Gary Barlow, Howard Donald, Mark Owen, Robbie Williams og Jason Orange. Foto: Neil Munns \/ Pa Photos \/ NTB\" width=\"675\" height=\"446\" bad-src=\"https:\/\/www.europesays.com\/no\/wp-content\/uploads\/2025\/12\/18409814.webp\" fetchpriority=\"auto\" \/><\/p>\n<p>      TAKE THAT: Take That i 1993. Fra venstre: Gary Barlow, Howard Donald, Mark Owen, Robbie Williams og Jason Orange.<br \/>\n         Foto: Neil Munns \/ Pa Photos \/ NTB<\/p>\n<p>Stjerna har v\u00e6rt \u00e5pen om at kjendistilv\u00e6relsen har gjort veien kort til b\u00e5de rus og alkohol. Det f\u00f8rte ham n\u00e6r d\u00f8den, forteller han i et nytt intervju med <a href=\"https:\/\/www.thetimes.com\/culture\/music\/article\/robbie-williams-interview-britpop-take-that-better-man-09xcdbzhd\" rel=\"nofollow noopener\" target=\"_blank\">Sunday Times<\/a>.<\/p>\n<p>\u2013 N\u00e5dde bunnen<\/p>\n<p> Williams forteller at livet stort sett besto av festing da karrieren var p\u00e5 topp i 2007. Han brukte amfetamin, heroin, kokain og store mengder reseptbelagte medisiner, f\u00f8r han tok grep.<\/p>\n<p>        <img class=\"image__img lazyload\" itemprop=\"image\" title=\"Foto: Valery Hache \/ AFP \/ NTB\" alt=\"RUS OG FESTING: Robbie Williams liv besto av festing og rus. Foto: Valery Hache \/ AFP \/ NTB\" width=\"675\" height=\"540\" bad-src=\"https:\/\/www.europesays.com\/no\/wp-content\/uploads\/2025\/12\/18409829.webp\" fetchpriority=\"auto\" \/><\/p>\n<p>      RUS OG FESTING: Robbie Williams liv besto av festing og rus.<br \/>\n         Foto: Valery Hache \/ AFP \/ NTB<\/p>\n<p>I dag er det 20 \u00e5r siden sist Williams r\u00f8rte alkohol og narkotika.<\/p>\n<p>\u2013 Det var 18 m\u00e5neder med alkoholisme og avhengighet. Da jeg n\u00e5dde bunnen, tok jeg en spade og gravde en kjeller. Hvis jeg hadde fortsatt, ville jeg v\u00e6rt d\u00f8d, sier Williams til Sunday Times.<\/p>\n<p>I dag lever stjerna et roligere liv sammen med kona Ayda Field (46) og deres fire barn.\u00a0<\/p>\n<p>\u00c6rlige med barna<\/p>\n<p>Overfor barna sine er popstjernen \u00e6rlig om sin kamp mot avhengigheten. Han og kona bruker humor n\u00e5r de snakker med barna om farens ville fortid, forteller Williams.<\/p>\n<p>        <img class=\"image__img lazyload\" itemprop=\"image\" title=\"Foto: Alastair Grant \/ AFP \/ NTB\" alt=\"MED KONA: Robbie Williams og Auda Field under bryllupet til prinsesse Eugenie i 2018. Foto: Alastair Grant \/ AFP \/ NTB\" width=\"675\" height=\"939\" bad-src=\"https:\/\/www.europesays.com\/no\/wp-content\/uploads\/2025\/12\/18409849.webp\" fetchpriority=\"auto\" \/><\/p>\n<p>      MED KONA: Robbie Williams og Auda Field under bryllupet til prinsesse Eugenie i 2018.<br \/>\n         Foto: Alastair Grant \/ AFP \/ NTB<\/p>\n<p>\u2013 Det hele foreg\u00e5r p\u00e5 et veldig humoristisk plan.<\/p>\n<p>Williams ramser opp alle utfordringene sine med et smil \u2013 avhengighetene, alkoholismen, ADHD, dyspraksi, dysleksi, dyskalkuli, selvopptattheten og narsissismen.<\/p>\n<p>\u2013 Teddy har meg i iPad-kontaktene sine under \u00abNarsissistisk far\u00bb, sier han om datteren Theodora p\u00e5 12 \u00e5r.<\/p>\n<p>I tillegg til Theodora har paret barna Charlie (10), Coco (7) og Beau (5).\u00a0<\/p>\n<p>Kona Ayda Field har tidligere fortalt i podkasten Loose Women at de snakker med barna p\u00e5 en alderstilpasset m\u00e5te.<\/p>\n<p>\u2013 I hjemmet v\u00e5rt er vi veldig \u00e6rlige, og Teddy er klar over at faren hennes er alkoholiker og narkoman, og at det er derfor pappa ikke r\u00f8rer den slags ting, har Field forklart i podkasten, if\u00f8lge danske <a href=\"https:\/\/www.bt.dk\/int.-kendte\/robbie-williams-afsloerer-hvis-jeg-var-fortsat-ville-jeg-vaere-doed\" rel=\"nofollow noopener\" target=\"_blank\">B.T.<\/a><\/p>\n","protected":false},"excerpt":{"rendered":"Robbie Williams ble en internasjonal superstjerne da han ble en del av boybandet Take That. I 1995 sluttet&hellip;\n","protected":false},"author":2,"featured_media":120479,"comment_status":"","ping_status":"","sticky":false,"template":"","format":"standard","meta":{"footnotes":""},"categories":[58],"tags":[71,30,28,29,72],"class_list":{"0":"post-120478","1":"post","2":"type-post","3":"status-publish","4":"format-standard","5":"has-post-thumbnail","7":"category-underholdning","8":"tag-entertainment","9":"tag-no","10":"tag-norge","11":"tag-norway","12":"tag-underholdning"},"share_on_mastodon":{"url":"https:\/\/pubeurope.com\/@no\/115769593208699582","error":""},"_links":{"self":[{"href":"https:\/\/www.europesays.com\/no\/wp-json\/wp\/v2\/posts\/120478","targetHints":{"allow":["GET"]}}],"collection":[{"href":"https:\/\/www.europesays.com\/no\/wp-json\/wp\/v2\/posts"}],"about":[{"href":"https:\/\/www.europesays.com\/no\/wp-json\/wp\/v2\/types\/post"}],"author":[{"embeddable":true,"href":"https:\/\/www.europesays.com\/no\/wp-json\/wp\/v2\/users\/2"}],"replies":[{"embeddable":true,"href":"https:\/\/www.europesays.com\/no\/wp-json\/wp\/v2\/comments?post=120478"}],"version-history":[{"count":0,"href":"https:\/\/www.europesays.com\/no\/wp-json\/wp\/v2\/posts\/120478\/revisions"}],"wp:featuredmedia":[{"embeddable":true,"href":"https:\/\/www.europesays.com\/no\/wp-json\/wp\/v2\/media\/120479"}],"wp:attachment":[{"href":"https:\/\/www.europesays.com\/no\/wp-json\/wp\/v2\/media?parent=120478"}],"wp:term":[{"taxonomy":"category","embeddable":true,"href":"https:\/\/www.europesays.com\/no\/wp-json\/wp\/v2\/categories?post=120478"},{"taxonomy":"post_tag","embeddable":true,"href":"https:\/\/www.europesays.com\/no\/wp-json\/wp\/v2\/tags?post=120478"}],"curies":[{"name":"wp","href":"https:\/\/api.w.org\/{rel}","templated":true}]}}