{"id":12048,"date":"2025-08-19T09:35:09","date_gmt":"2025-08-19T09:35:09","guid":{"rendered":"https:\/\/www.europesays.com\/no\/12048\/"},"modified":"2025-08-19T09:35:09","modified_gmt":"2025-08-19T09:35:09","slug":"leder-stortingsvalget-2025-dette-er-mannepartiet-framfor-noen","status":"publish","type":"post","link":"https:\/\/www.europesays.com\/no\/12048\/","title":{"rendered":"Leder, Stortingsvalget 2025 | Dette er mannepartiet framfor noen"},"content":{"rendered":"\n<p>Nesten 35 prosent av alle mannlige velgere i fylket sier de ville ha stemt p\u00e5 Fremskrittspartiet, if\u00f8lge den siste m\u00e5lingen som Infact har utf\u00f8rt for Nordlys.<\/p>\n<p><b>Tallene reflekterer ikke bare de yngste mennene som har latt seg rive med av Fpu-leder Simen Velle p\u00e5 sosiale medier. Den st\u00f8rste Frp-gruppa er (mann)folk flest mellom 30 og 44 \u00e5r. <\/b><\/p>\n<p>Dette er ei gruppe som er mer etablert, og som i st\u00f8rre grad bruker stemmeretten sin. Ogs\u00e5 blant de som er enda eldre, er oppslutningen h\u00f8y. Derfor tyder mye p\u00e5 at Frp vil gj\u00f8re et meget godt valg, selv om en del av de yngste ikke finner veien til valglokalene.<\/p>\n<p>Det nest st\u00f8rste mannepartiet p\u00e5 m\u00e5lingen, er Arbeiderpartiet. De ligger mer enn ti prosentpoeng bak Frp.<\/p>\n<p>  <a href=\"https:\/\/www.nordnorskdebatt.no\/5-124-381526\" class=\"related-teaser has-image default-opinion-teaser article--c-eRUmMG article--c-eRUmMG-jKCPdD-design-default\" rel=\"nofollow noopener\" target=\"_blank\"><\/p>\n<p>    <img decoding=\"async\" loading=\"lazy\"  src=\"https:\/\/www.europesays.com\/no\/wp-content\/uploads\/2025\/08\/nndb_379.bin\" alt=\"\" class=\"brick-c-cFOWSL\" style=\"\"\/><\/p>\n<p>\n            Les ogs\u00e5<\/p>\n<p>              6,5 prosent stemmer p\u00e5 \u00abde andre\u00bb\n        <\/p>\n<p>  <\/a><\/p>\n<p>Totalt sett er Ap et lite prosentpoeng st\u00f8rre, men det er takket v\u00e6re et godt grep p\u00e5 kvinnene i Troms. Dr\u00f8yt 31 prosent av alle kvinnene sier de vil stemme p\u00e5 Arbeiderpartiet.<\/p>\n<p>Frp har ikke samme dametekke som Ap. Men med 17,2 prosent av kvinnestemmene i Troms, er de klart st\u00f8rre enn SV og R\u00f8dt. De har henholdsvis 10,5 og 10,3 prosent av de kvinnelige velgerne p\u00e5 sin side. <\/p>\n<p><b>Mer enn to av tre SV-velgere er kvinner. R\u00f8dt og MDG har ogs\u00e5 en tydelig overvekt av kvinner. Mer overraskende er det kanskje at H\u00f8yre st\u00e5r sterkere blant kvinner enn blant menn. <\/b><\/p>\n<p>I \u00f8yeblikket er det damene som gir Erlend Svardal B\u00f8e og H\u00f8yre et direktemandat, med R\u00f8dts Hanne Stenvaag like bak.<\/p>\n<p>Det er kun Frp og KrF som har en overvekt av mannlige velgere. Begge har litt mer enn dobbelt s\u00e5 mange mannlige som kvinnelige stemmer.<\/p>\n<p>  <a href=\"https:\/\/www.nordnorskdebatt.no\/5-124-380548\" class=\"related-teaser has-image default-opinion-teaser article--c-eRUmMG article--c-eRUmMG-jKCPdD-design-default\" rel=\"nofollow noopener\" target=\"_blank\"><\/p>\n<p>    <img decoding=\"async\" loading=\"lazy\"  src=\"https:\/\/www.europesays.com\/no\/wp-content\/uploads\/2025\/08\/1755596109_302_NTB_wJCDatw0sGo.jpg\" alt=\"\" class=\"brick-c-cFOWSL\" style=\"\"\/><\/p>\n<p>\n            Les ogs\u00e5<\/p>\n<p>              Jeg velger meg Oslo<\/p>\n<p>  <\/a><\/p>\n<p><b>I sin tid ble Frp etablert som et protestparti mot h\u00f8ye skatter og avgifter. Med dyrtida er privat\u00f8konomi og offentlig pengebruk p\u00e5 dagsordenen som aldri f\u00f8r, saker som tradisjonelt appellerer i st\u00f8rre grad til menn enn kvinner.<\/b><\/p>\n<p>Dette er en viktig forklaring p\u00e5 Frps framgang blant folk flest, og blant mannfolk spesielt. N\u00e5 ligger det an til at partiet f\u00e5r to direktemandater p\u00e5 Troms-benken. Begge to er menn, Per-Willy Amundsen og Kristian Eilertsen.<\/p>\n<p>Cecilie Myrseth fra Arbeiderpartiet kan bli eneste kvinne som er innvalgt fra Troms. Hvis hun i tillegg fortsatt er statsr\u00e5d etter valget, rykker Tom Einar Karlsen opp. I s\u00e5 fall vil Troms-benken v\u00e6re en ren mannebenk.<\/p>\n","protected":false},"excerpt":{"rendered":"Nesten 35 prosent av alle mannlige velgere i fylket sier de ville ha stemt p\u00e5 Fremskrittspartiet, if\u00f8lge den&hellip;\n","protected":false},"author":2,"featured_media":12049,"comment_status":"","ping_status":"","sticky":false,"template":"","format":"standard","meta":{"footnotes":""},"categories":[10],"tags":[36,20,21,24,25,680,15,22,23,246,775,13,30,28,29,14,1533,16,475,26,27],"class_list":{"0":"post-12048","1":"post","2":"type-post","3":"status-publish","4":"format-standard","5":"has-post-thumbnail","7":"category-norge","8":"tag-art","9":"tag-breaking-news","10":"tag-breakingnews","11":"tag-featured-news","12":"tag-featurednews","13":"tag-frp","14":"tag-headlines","15":"tag-latest-news","16":"tag-latestnews","17":"tag-leder","18":"tag-meningsmaling","19":"tag-news","20":"tag-no","21":"tag-norge","22":"tag-norway","23":"tag-nyheter","24":"tag-opinion","25":"tag-overskrifter","26":"tag-stortingsvalget-2025","27":"tag-top-stories","28":"tag-topstories"},"share_on_mastodon":{"url":"","error":""},"_links":{"self":[{"href":"https:\/\/www.europesays.com\/no\/wp-json\/wp\/v2\/posts\/12048","targetHints":{"allow":["GET"]}}],"collection":[{"href":"https:\/\/www.europesays.com\/no\/wp-json\/wp\/v2\/posts"}],"about":[{"href":"https:\/\/www.europesays.com\/no\/wp-json\/wp\/v2\/types\/post"}],"author":[{"embeddable":true,"href":"https:\/\/www.europesays.com\/no\/wp-json\/wp\/v2\/users\/2"}],"replies":[{"embeddable":true,"href":"https:\/\/www.europesays.com\/no\/wp-json\/wp\/v2\/comments?post=12048"}],"version-history":[{"count":0,"href":"https:\/\/www.europesays.com\/no\/wp-json\/wp\/v2\/posts\/12048\/revisions"}],"wp:featuredmedia":[{"embeddable":true,"href":"https:\/\/www.europesays.com\/no\/wp-json\/wp\/v2\/media\/12049"}],"wp:attachment":[{"href":"https:\/\/www.europesays.com\/no\/wp-json\/wp\/v2\/media?parent=12048"}],"wp:term":[{"taxonomy":"category","embeddable":true,"href":"https:\/\/www.europesays.com\/no\/wp-json\/wp\/v2\/categories?post=12048"},{"taxonomy":"post_tag","embeddable":true,"href":"https:\/\/www.europesays.com\/no\/wp-json\/wp\/v2\/tags?post=12048"}],"curies":[{"name":"wp","href":"https:\/\/api.w.org\/{rel}","templated":true}]}}