{"id":120480,"date":"2025-12-23T15:35:44","date_gmt":"2025-12-23T15:35:44","guid":{"rendered":"https:\/\/www.europesays.com\/no\/120480\/"},"modified":"2025-12-23T15:35:44","modified_gmt":"2025-12-23T15:35:44","slug":"prosessen-nettavisen-forvrenger-leserinnlegg-steigan-no","status":"publish","type":"post","link":"https:\/\/www.europesays.com\/no\/120480\/","title":{"rendered":"Prosessen: Nettavisen forvrenger leserinnlegg | steigan.no"},"content":{"rendered":"<p>            <img loading=\"lazy\" decoding=\"async\" width=\"696\" height=\"392\" class=\"entry-thumb\" src=\"https:\/\/www.europesays.com\/no\/wp-content\/uploads\/2025\/12\/forvrengning-av-virkeligheten.jpg\"   alt=\"\" title=\"Illustration,Of,Man,Walking,On,Penrose,Triangle,,Surreal,Concept\"\/>Shutterstock<\/p>\n<p>Etter en lang og uvanlig prosess kom mitt tilsvar p\u00e5 trykk i Nettavisen S\u00f8ndag \u2013 i en redigert form jeg ikke har godkjent, og mot mitt uttrykkelige \u00f8nske om fjerning \u2013 umiddelbart etter jeg fikk beskjeden om at den var redigert.<\/p>\n<p><img loading=\"lazy\" data-recalc-dims=\"1\" decoding=\"async\" width=\"220\" height=\"220\" src=\"https:\/\/www.europesays.com\/no\/wp-content\/uploads\/2025\/12\/kjetil-tveit-portrett.png\" alt=\"\" class=\"wp-image-95514\"  \/>Kjetil Tveit.<\/p>\n<p>Her er <a href=\"https:\/\/www.nettavisen.no\/norsk-debatt\/uten-rot-i-virkeligheten\/o\/5-95-2792504\" rel=\"nofollow noopener\" target=\"_blank\">tilsvaret slik det n\u00e5 st\u00e5r<\/a> i sin feilaktige form i Nettavisen, med <a href=\"https:\/\/web.archive.org\/web\/20251222203329\/https:\/\/www.nettavisen.no\/norsk-debatt\/uten-rot-i-virkeligheten\/o\/5-95-2792504\" rel=\"nofollow noopener\" target=\"_blank\">arkivert lenke her<\/a>.<\/p>\n<p>Her er <a href=\"https:\/\/kjetiltveit.substack.com\/p\/overddelighetsdebatt-uten-rot-i-virkeleligheten\" rel=\"nofollow noopener\" target=\"_blank\">versjonen jeg hadde godkjent<\/a>.<\/p>\n<p>I den versjonen av tilsvaret jeg godkjente, var det tydelig at kritikken var rettet mot Nettavisens journalistiske h\u00e5ndtering \u2013 ikke mot Folkehelseinstituttet.<\/p>\n<p><a href=\"https:\/\/web.archive.org\/web\/20251204102201\/https:\/\/www.nettavisen.no\/nyheter\/fhi-ut-mot-steigan-innlegg-ingen-grunn-til-bekymring\/s\/5-95-2760480\" rel=\"nofollow noopener\" target=\"_blank\">Les: <\/a><strong><a href=\"https:\/\/web.archive.org\/web\/20251204102201\/https:\/\/www.nettavisen.no\/nyheter\/fhi-ut-mot-steigan-innlegg-ingen-grunn-til-bekymring\/s\/5-95-2760480\" rel=\"nofollow noopener\" target=\"_blank\">P\u00e5st\u00e5r barn d\u00f8de av koronavaksinen: Dette svarer FHI<\/a><\/strong><\/p>\n<p>Poenget var at Nettavisen valgte \u00e5 bruke en ekspert som selv opplyste at han ikke hadde satt seg inn i saken (jeg p\u00e5pekte at redaksjonen kunne ha kontaktet en ekspert som hadde satt seg inn i den). Preben Aavitsland gjorde i s\u00e5 m\u00e5te ingenting galt; han svarte korrekt p\u00e5 grunnlag av det han visste.<\/p>\n<p>Et viktig poeng i teksten var nettopp at FHI ikke hadde rettet noen konkret kritikk mot det jeg hadde skrevet.<\/p>\n<p>Det fantes ingen faglig tilbakevisning av p\u00e5st\u00e5tt \u00abfeilinformasjon\u00bb noe sted i artikkelen, kun en generell reaksjon p\u00e5 et tema eksperten ikke hadde satt seg inn i. Dette var vesentlig for \u00e5 klargj\u00f8re at det ikke forel\u00e5 noen reell faglig kritikk av innholdet i min artikkel.<\/p>\n<p>I den redigerte versjonen er disse presiseringene fjernet. Dermed forskyves teksten fra \u00e5 v\u00e6re en kritikk av redaksjonens metode og valg av ekspert, til \u00e5 fremst\u00e5 som en l\u00f8s eller mangelfullt underbygget kritikk av FHI.<\/p>\n<p>Teksten var begrenset til 200 ord \u2013 og hvert ord var derfor n\u00f8ye valgt for \u00e5 f\u00e5 frem nettopp disse presiseringene \u2013 men den ble barbert p.g.a. millimeterm\u00e5l.<\/p>\n<p>N\u00e5r man forsvarer seg innenfor en s\u00e5 snever ramme, er hvert ord meningsb\u00e6rende. \u00c5 fjerne slike forklarende bisetninger inneb\u00e6rer ikke bare en spr\u00e5klig redigering, men en reell endring av meningsinnholdet.<\/p>\n<p>I tillegg ble overskriften endret. Den opprinnelige overskriften l\u00f8d \u00abOverd\u00f8delighetsdebatt uten rot i virkeligheten\u00bb, og var som nevnt rettet mot Nettavisens debatt.<\/p>\n<p>I den publiserte versjonen ble overskriften forkortet til \u00abUten rot i virkeligheten\u00bb, og plassert rett under emnetaggen \u00abFolkehelseinstituttet\u00bb. Samlet ga dette inntrykk av at teksten rettet seg mot FHI \u2013 ikke mot Nettavisen.<\/p>\n<p>Denne endringen forsterket den samme forskyvningen som redigeringen av br\u00f8dteksten: Kritikken ble flyttet fra redaksjonens metode til \u00e5 fremst\u00e5 som kritikk av noen andre enn dem selv.<\/p>\n<p><a href=\"https:\/\/kjetiltveit.substack.com\/p\/overddelighetsdebatt-uten-rot-i-virkeligheten\" rel=\"nofollow noopener\" target=\"_blank\">Den teksten Nettavisen opprinnelig godkjente<\/a> f\u00f8r de ombestemte seg var p\u00e5 359 ord. F\u00f8r publisering ble det i sluttfasen av prosessen stilt krav om at tilsvaret m\u00e5tte reduseres til 200 ord. En slik begrensning er uvanlig og fremg\u00e5r ikke av Nettavisens offentlige retningslinjer for tilsvar. Kravet ble f\u00f8rst kommunisert helt mot slutten av prosessen, og fikk dermed direkte betydning for innholdet.<\/p>\n<p>For at jeg skulle godta 200 ord, satte jeg, som det framg\u00e5r av dokumentert korrespondanse (mail nr. 18), krav til at det ikke skulle v\u00e6re flere krumspring, hvor jeg eksplisitt nevnte \u00abendringer\u00bb:<\/p>\n<p>\u00abDa er vi endelig i m\u00e5l. N\u00e5 er den endret til 200 ord som dere \u00f8nsket, og vi er dermed enige om at det n\u00e5 ikke blir mer endringer, og mer fram og tilbake\u00bb.<\/p>\n<p>Begge parter var etter hvert enige om at jeg etter regelverket hadde rett til tilsvar. Samtidig var prosessen av en slik karakter at det er n\u00e6rliggende \u00e5 anta at mange i tilsvarende situasjoner faller fra underveis.<\/p>\n<p>Redakt\u00f8rstyrte medier begrunner sitt s\u00e6rskilte samfunnsansvar med at de f\u00f8lger V\u00e6r Varsom-plakaten. Denne dokumentasjonen gir grunnlag for \u00e5 vurdere hvordan dette regelverket fungerte i praksis i dette tilfellet.<\/p>\n<p>Hele forl\u00f8pet er n\u00e5 dokumentert, e-post for e-post, <a href=\"https:\/\/kjetiltveit.substack.com\/p\/hva-mener-redaksjonene-nar-de-sier?triedRedirect=true\" rel=\"nofollow noopener\" target=\"_blank\">i dagens Substack<\/a>.<\/p>\n<p><img data-recalc-dims=\"1\" fetchpriority=\"high\" decoding=\"async\" width=\"696\" height=\"543\" src=\"https:\/\/www.europesays.com\/no\/wp-content\/uploads\/2025\/12\/image-31.png\" alt=\"\" class=\"wp-image-156113\" style=\"width:700px\"  \/><\/p>\n<p>Per 23. desember ligger teksten fortsatt ute, til tross for at jeg 21. desember krevde den fjernet.<\/p>\n<p>Les selv. Gj\u00f8r dere opp deres egen mening.<\/p>\n<p>B\u00f8r man for eksempel m\u00e5tte ha tilsvarsrett til sin egen artikkel i dette tilfellet?<\/p>\n<p>Enn s\u00e5 lenge st\u00e5r den der.<\/p>\n<p>Prosessen har samtidig gitt verdifull innsikt i redaksjonell praksis knyttet til tilsvarsrett.<\/p>\n<p>Av hensyn til algoritmisk spredning har jeg valgt \u00e5 ikke tagge enkeltakt\u00f8rer i denne posten. De som er medieinteresserte, eller opptatt av presseetikk og tilsvarsrett, st\u00e5r fritt til \u00e5 dele videre og eventuelt tagge relevante medier eller instanser for en saklig diskusjon.<\/p>\n<p>F\u00f8lg med p\u00e5 Prosessen del 2, f\u00f8rste juledag.<\/p>\n<p>Les ogs\u00e5:<\/p>\n","protected":false},"excerpt":{"rendered":"Shutterstock Etter en lang og uvanlig prosess kom mitt tilsvar p\u00e5 trykk i Nettavisen S\u00f8ndag \u2013 i en&hellip;\n","protected":false},"author":2,"featured_media":120481,"comment_status":"","ping_status":"","sticky":false,"template":"","format":"standard","meta":{"footnotes":""},"categories":[12],"tags":[20,21,24,25,15,22,23,13,30,28,29,14,16,26,27,42,43,44,45],"class_list":{"0":"post-120480","1":"post","2":"type-post","3":"status-publish","4":"format-standard","5":"has-post-thumbnail","7":"category-verden","8":"tag-breaking-news","9":"tag-breakingnews","10":"tag-featured-news","11":"tag-featurednews","12":"tag-headlines","13":"tag-latest-news","14":"tag-latestnews","15":"tag-news","16":"tag-no","17":"tag-norge","18":"tag-norway","19":"tag-nyheter","20":"tag-overskrifter","21":"tag-top-stories","22":"tag-topstories","23":"tag-verden","24":"tag-world","25":"tag-world-news","26":"tag-worldnews"},"share_on_mastodon":{"url":"https:\/\/pubeurope.com\/@no\/115769621018877295","error":""},"_links":{"self":[{"href":"https:\/\/www.europesays.com\/no\/wp-json\/wp\/v2\/posts\/120480","targetHints":{"allow":["GET"]}}],"collection":[{"href":"https:\/\/www.europesays.com\/no\/wp-json\/wp\/v2\/posts"}],"about":[{"href":"https:\/\/www.europesays.com\/no\/wp-json\/wp\/v2\/types\/post"}],"author":[{"embeddable":true,"href":"https:\/\/www.europesays.com\/no\/wp-json\/wp\/v2\/users\/2"}],"replies":[{"embeddable":true,"href":"https:\/\/www.europesays.com\/no\/wp-json\/wp\/v2\/comments?post=120480"}],"version-history":[{"count":0,"href":"https:\/\/www.europesays.com\/no\/wp-json\/wp\/v2\/posts\/120480\/revisions"}],"wp:featuredmedia":[{"embeddable":true,"href":"https:\/\/www.europesays.com\/no\/wp-json\/wp\/v2\/media\/120481"}],"wp:attachment":[{"href":"https:\/\/www.europesays.com\/no\/wp-json\/wp\/v2\/media?parent=120480"}],"wp:term":[{"taxonomy":"category","embeddable":true,"href":"https:\/\/www.europesays.com\/no\/wp-json\/wp\/v2\/categories?post=120480"},{"taxonomy":"post_tag","embeddable":true,"href":"https:\/\/www.europesays.com\/no\/wp-json\/wp\/v2\/tags?post=120480"}],"curies":[{"name":"wp","href":"https:\/\/api.w.org\/{rel}","templated":true}]}}