{"id":120494,"date":"2025-12-23T15:55:45","date_gmt":"2025-12-23T15:55:45","guid":{"rendered":"https:\/\/www.europesays.com\/no\/120494\/"},"modified":"2025-12-23T15:55:45","modified_gmt":"2025-12-23T15:55:45","slug":"equinor-havvind-equinors-havvindprosjekt-utenfor-new-york-er-igjen-satt-pa-pause","status":"publish","type":"post","link":"https:\/\/www.europesays.com\/no\/120494\/","title":{"rendered":"Equinor, Havvind | Equinors havvindprosjekt utenfor New York er igjen satt p\u00e5 pause"},"content":{"rendered":"\n<p>\u2013 Vi er kjent med stoppordren som kom fra det amerikanske innenriksdepartementet knyttet til fem vindkraftprosjekter under bygging til havs i USA, sa pressetalsperson Magnus Frantzen Eidsvold til NTB mandag ettermiddag.<\/p>\n<p>P\u00e5 kvelden opplyste selskapet i en <a href=\"https:\/\/www.equinor.com\/no\/nyheter\/20251222-empire-stoppordre\" rel=\"nofollow noopener\" target=\"_blank\">pressemelding<\/a> at de f\u00f8lger stoppordren.<\/p>\n<p>\u2013 Empire og leverand\u00f8rer etterkommer ordren og suspenderer n\u00e5 alle p\u00e5g\u00e5ende aktiviteter knyttet til Empire Wind-prosjektet p\u00e5 den ytre kontinentalsokkelen p\u00e5 en trygg m\u00e5te. Kun aktiviteter som er n\u00f8dvendig for \u00e5 h\u00e5ndtere n\u00f8dssituasjoner og\/eller forhindre p\u00e5virkninger p\u00e5 helse, sikkerhet og milj\u00f8, vil bli utf\u00f8rt, heter det.<\/p>\n<p>\u2013 F\u00f8lger sikkerhetskrav<\/p>\n<p>Samtidig understreker Equinor at de f\u00f8lger relevante nasjonale sikkerhetskrav.<\/p>\n<p>\u2013 Disse ble identifisert som en del av den regulatoriske prosessen som p\u00e5gikk over flere \u00e5r. Empire planlegger \u00e5 fortsette samarbeidet med Boem og andre f\u00f8derale etater for \u00e5 gjennomf\u00f8re alle n\u00f8dvendige tiltak for prosjektet, heter det.<\/p>\n<p>Boem er den amerikanske havenergietaten Bureau of Ocean Energy Management.<\/p>\n<p>Les ogs\u00e5:\u00a0<a class=\"simple-relation related-teaser article--c-eRUmMG article--c-eRUmMG-fZoQSp-design-nettavisen article--c-eRUmMG-gwthdJ-cv\" href=\"https:\/\/www.nettavisen.no\/raser-mot-equinor-det-er-uhort\/s\/5-95-2793124\" rel=\"nofollow noopener\" target=\"_blank\">Raser mot Equinor: \u2013 Det er uh\u00f8rt<\/a><\/p>\n<p>If\u00f8lge Equinor er prosjektet er mer enn 60 prosent fullf\u00f8rt. For tiden har det p\u00e5g\u00e5tt gr\u00f8ftegraving, kabellegging og kabeltrekking.<\/p>\n<p>\u2013 Totalt har dusinvis av fart\u00f8y, om lag 1.000 mennesker og mer enn hundre selskaper i USA og globalt jobbet koordinert med \u00e5 gjennomf\u00f8re Empire Wind-prosjektet. Stoppordren kan forsinke disse aktivitetene, og uten en rask avklaring kan den ha betydelig innvirkning p\u00e5 prosjektet, understreker selskapet.<\/p>\n<p>\u2013 Nasjonal sikkerhet<\/p>\n<p>Tidligere mandag meldte <a href=\"https:\/\/www.foxnews.com\/politics\/trump-admin-pausing-all-off-shore-wind-project-construction-due-to-national-security-concerns\" rel=\"nofollow noopener\" target=\"_blank\">Fox News <\/a> og nyhetsbyr\u00e5et Reuters at innenriksdepartementet i USA hadde satt fem havvindprosjekter p\u00e5 pause. Begrunnelsen var knyttet til nasjonal sikkerhet.<\/p>\n<p>If\u00f8lge Fox News er samtlige store havvindprosjekter i USA n\u00e5 satt p\u00e5 pause. Empire Wind og fire andre prosjekter nevnes spesifikt i en uttalelse fra innenriksdepartementet.<\/p>\n<p>Blant disse er ogs\u00e5 to havvindprosjekter som den danske vindgiganten \u00d8rsted bygger ut.<\/p>\n<p>Les ogs\u00e5:\u00a0<a class=\"simple-relation related-teaser article--c-eRUmMG article--c-eRUmMG-fZoQSp-design-nettavisen article--c-eRUmMG-gwthdJ-cv\" href=\"https:\/\/www.nettavisen.no\/okokrim-ilegger-equinor-720-millioner-kroner-i-bot-og-inndragning\/s\/5-95-2781929\" rel=\"nofollow noopener\" target=\"_blank\">\u00d8kokrim ilegger Equinor 720 millioner kroner i bot og inndragning<\/a><\/p>\n<p>\u2013 Beskytte det amerikanske folk<\/p>\n<p>Beslutningen om pausen trer i kraft umiddelbart, if\u00f8lge USAs innenriksminister Doug Burgum.<\/p>\n<p>Han sier videre at dette vil gi innenriksdepartementet, forsvarsdepartementet og andre relevante myndigheter tid til \u00e5 jobbe med utbyggerne og partnere i delstatene for \u00e5 vurdere hvordan sikkerhetsrisikoene knyttet til prosjektene kan reduseres.<\/p>\n<p>\u2013 Den viktigste oppgaven til USAs regjeringen er \u00e5 beskytte det amerikanske folket, sier Burgum i uttalelsen.<\/p>\n<p>Les ogs\u00e5:\u00a0<a class=\"simple-relation related-teaser article--c-eRUmMG article--c-eRUmMG-fZoQSp-design-nettavisen article--c-eRUmMG-gwthdJ-cv\" href=\"https:\/\/www.nettavisen.no\/investerer-over-4-milliarder-i-johan-castberg-utbygging\/s\/5-95-2774106\" rel=\"nofollow noopener\" target=\"_blank\">Investerer over 4 milliarder i Johan Castberg-utbygging<\/a><\/p>\n<p>Startet opp igjen<\/p>\n<p>Empire Wind-prosjektet utenfor kysten av New York fikk lisens i 2017, og byggingen startet etter godkjenning fra amerikanske myndigheter i 2024.<\/p>\n<p>I p\u00e5sken i \u00e5r fikk prosjektet stoppordre, men etter intens lobbyvirksomhet klarte Equinor \u00e5 f\u00e5 president Donald Trump og hans folk til \u00e5 snu.<\/p>\n<p>Trump har b\u00e5de f\u00f8r og etter at han igjen ble valgt til president, gjort det klart at han er motstander av fornybar energi \u2013 som vindkraft. Han mener vindkraft dreper b\u00e5de fugler og hvaler og vil heller trappe opp satsingen p\u00e5 olje og kull.<\/p>\n","protected":false},"excerpt":{"rendered":"\u2013 Vi er kjent med stoppordren som kom fra det amerikanske innenriksdepartementet knyttet til fem vindkraftprosjekter under bygging&hellip;\n","protected":false},"author":2,"featured_media":120495,"comment_status":"","ping_status":"","sticky":false,"template":"","format":"standard","meta":{"footnotes":""},"categories":[12],"tags":[20,21,24,25,15,22,23,13,30,28,29,14,16,26,27,42,43,44,45],"class_list":{"0":"post-120494","1":"post","2":"type-post","3":"status-publish","4":"format-standard","5":"has-post-thumbnail","7":"category-verden","8":"tag-breaking-news","9":"tag-breakingnews","10":"tag-featured-news","11":"tag-featurednews","12":"tag-headlines","13":"tag-latest-news","14":"tag-latestnews","15":"tag-news","16":"tag-no","17":"tag-norge","18":"tag-norway","19":"tag-nyheter","20":"tag-overskrifter","21":"tag-top-stories","22":"tag-topstories","23":"tag-verden","24":"tag-world","25":"tag-world-news","26":"tag-worldnews"},"share_on_mastodon":{"url":"https:\/\/pubeurope.com\/@no\/115769699448225131","error":""},"_links":{"self":[{"href":"https:\/\/www.europesays.com\/no\/wp-json\/wp\/v2\/posts\/120494","targetHints":{"allow":["GET"]}}],"collection":[{"href":"https:\/\/www.europesays.com\/no\/wp-json\/wp\/v2\/posts"}],"about":[{"href":"https:\/\/www.europesays.com\/no\/wp-json\/wp\/v2\/types\/post"}],"author":[{"embeddable":true,"href":"https:\/\/www.europesays.com\/no\/wp-json\/wp\/v2\/users\/2"}],"replies":[{"embeddable":true,"href":"https:\/\/www.europesays.com\/no\/wp-json\/wp\/v2\/comments?post=120494"}],"version-history":[{"count":0,"href":"https:\/\/www.europesays.com\/no\/wp-json\/wp\/v2\/posts\/120494\/revisions"}],"wp:featuredmedia":[{"embeddable":true,"href":"https:\/\/www.europesays.com\/no\/wp-json\/wp\/v2\/media\/120495"}],"wp:attachment":[{"href":"https:\/\/www.europesays.com\/no\/wp-json\/wp\/v2\/media?parent=120494"}],"wp:term":[{"taxonomy":"category","embeddable":true,"href":"https:\/\/www.europesays.com\/no\/wp-json\/wp\/v2\/categories?post=120494"},{"taxonomy":"post_tag","embeddable":true,"href":"https:\/\/www.europesays.com\/no\/wp-json\/wp\/v2\/tags?post=120494"}],"curies":[{"name":"wp","href":"https:\/\/api.w.org\/{rel}","templated":true}]}}