{"id":120496,"date":"2025-12-23T15:56:15","date_gmt":"2025-12-23T15:56:15","guid":{"rendered":"https:\/\/www.europesays.com\/no\/120496\/"},"modified":"2025-12-23T15:56:15","modified_gmt":"2025-12-23T15:56:15","slug":"ardal-mat-kallar-tilbake-brod-seld-pa-ardalstangen","status":"publish","type":"post","link":"https:\/\/www.europesays.com\/no\/120496\/","title":{"rendered":"\u00c5rdal, Mat | Kallar tilbake br\u00f8d seld p\u00e5 \u00c5rdalstangen"},"content":{"rendered":"\n<p>Tre kundar har funne metallbitar i br\u00f8da sine dei siste dagane, melder <a href=\"https:\/\/www.nrk.no\/vestland\/mesterbakeren-bergen-kallar-tilbake-brod-selt-pa-rema_-seks-centimeter-lange-metalltradar-i-brodet-1.17703942\" rel=\"Follow nofollow noopener\" target=\"_blank\">NRK<\/a>, via NTB.<\/p>\n<p>Metallett har kome med i mj\u00f8lleveransen og skal gjelda produkt som inneheld sammalen kveite mellomgrov.<\/p>\n<p>\u2013 Du kan merka han n\u00e5r du skjer ei br\u00f8dskive, eller du vil merka det om du f\u00e5r han i munnen, seier direkt\u00f8r for KHMs og berekraft hj\u00e5 Mesterbakeren, Per-Ole Arneberg til NRK. <\/p>\n<p>Tilbakekallinga gjeld bakverk kj\u00f8pt 18. til 22. desember p\u00e5 butikkar i tidlegare Hordaland fylke og \u00c5rdalstangen. Alle produkt som er i butikk per 23. desember, er trygge, opplyser Rema 1000.<\/p>\n<p><b>Desse produkta er kalla tilbake:<\/b><\/p>\n<p>H\u00e5ndverk Dansk rugbr\u00f8d<\/p>\n<p>H\u00e5ndverk Solsikkebr\u00f8d<\/p>\n<p>H\u00e5ndverk Fr\u00f8 og Kjernebr\u00f8d<\/p>\n<p>H\u00e5ndverk Grovbr\u00f8d samanbakt<\/p>\n<p>H\u00e5ndverk Kneipp steinomnsbakt<\/p>\n<p>H\u00e5ndverk Gourmetbr\u00f8d grov<\/p>\n<p>H\u00e5ndverk Fullkornsbr\u00f8d<\/p>\n<p>H\u00e5ndverk Grov rustikk<\/p>\n<p>Grovt og Godt grovbr\u00f8d oppskore (ferskt)<\/p>\n<p>R Superhelt grovbr\u00f8d oppskore (ferskt)<\/p>\n<p>Prima kneipp<\/p>\n<p>Brannbr\u00f8dFr\u00f8 og kjernestykke 2 pk.<\/p>\n<p>Kneipp rundstykke 3 pk. Korn frukoststykke (laus)<\/p>\n","protected":false},"excerpt":{"rendered":"Tre kundar har funne metallbitar i br\u00f8da sine dei siste dagane, melder NRK, via NTB. Metallett har kome&hellip;\n","protected":false},"author":2,"featured_media":4378,"comment_status":"","ping_status":"","sticky":false,"template":"","format":"standard","meta":{"footnotes":""},"categories":[10],"tags":[5342,36,20,21,6749,24,25,15,22,23,737,13,30,28,29,14,16,1510,26,27],"class_list":{"0":"post-120496","1":"post","2":"type-post","3":"status-publish","4":"format-standard","5":"has-post-thumbnail","7":"category-norge","8":"tag-ardal","9":"tag-art","10":"tag-breaking-news","11":"tag-breakingnews","12":"tag-brod","13":"tag-featured-news","14":"tag-featurednews","15":"tag-headlines","16":"tag-latest-news","17":"tag-latestnews","18":"tag-mat","19":"tag-news","20":"tag-no","21":"tag-norge","22":"tag-norway","23":"tag-nyheter","24":"tag-overskrifter","25":"tag-story","26":"tag-top-stories","27":"tag-topstories"},"share_on_mastodon":{"url":"https:\/\/pubeurope.com\/@no\/115769703347341704","error":""},"_links":{"self":[{"href":"https:\/\/www.europesays.com\/no\/wp-json\/wp\/v2\/posts\/120496","targetHints":{"allow":["GET"]}}],"collection":[{"href":"https:\/\/www.europesays.com\/no\/wp-json\/wp\/v2\/posts"}],"about":[{"href":"https:\/\/www.europesays.com\/no\/wp-json\/wp\/v2\/types\/post"}],"author":[{"embeddable":true,"href":"https:\/\/www.europesays.com\/no\/wp-json\/wp\/v2\/users\/2"}],"replies":[{"embeddable":true,"href":"https:\/\/www.europesays.com\/no\/wp-json\/wp\/v2\/comments?post=120496"}],"version-history":[{"count":0,"href":"https:\/\/www.europesays.com\/no\/wp-json\/wp\/v2\/posts\/120496\/revisions"}],"wp:featuredmedia":[{"embeddable":true,"href":"https:\/\/www.europesays.com\/no\/wp-json\/wp\/v2\/media\/4378"}],"wp:attachment":[{"href":"https:\/\/www.europesays.com\/no\/wp-json\/wp\/v2\/media?parent=120496"}],"wp:term":[{"taxonomy":"category","embeddable":true,"href":"https:\/\/www.europesays.com\/no\/wp-json\/wp\/v2\/categories?post=120496"},{"taxonomy":"post_tag","embeddable":true,"href":"https:\/\/www.europesays.com\/no\/wp-json\/wp\/v2\/tags?post=120496"}],"curies":[{"name":"wp","href":"https:\/\/api.w.org\/{rel}","templated":true}]}}