{"id":120497,"date":"2025-12-23T16:04:34","date_gmt":"2025-12-23T16:04:34","guid":{"rendered":"https:\/\/www.europesays.com\/no\/120497\/"},"modified":"2025-12-23T16:04:34","modified_gmt":"2025-12-23T16:04:34","slug":"okonomi-pensjon-kronesmellen-tar-ikke-slutt-for-odd-86-i-spania-trist","status":"publish","type":"post","link":"https:\/\/www.europesays.com\/no\/120497\/","title":{"rendered":"\u00d8konomi, Pensjon | Kronesmellen tar ikke slutt for Odd (86) i Spania: \u2013 Trist"},"content":{"rendered":"\n<p>Han har v\u00e6rt med p\u00e5 den norske kronens reise \u2013 eller berg- og dalbane \u2013 siden starten av 2000-tallet.<\/p>\n<p>Da han pensjonerte seg for 25 \u00e5r siden, bestilte han en enveisbillett til Albir i Spania. Der har han bodd siden, i samme leilighet. <\/p>\n<p>Kronen svingte p\u00e5 starten av 2000-tallet, men ofte b\u00e5de opp og ned. Siden 2013 har kronekursen s\u00e5 og si kun blitt svakere. <\/p>\n<p>\u2013 Det er trist for oss pensjonister som har muligheten til \u00e5 bo hvor som helst. Pensjonen v\u00e5r har blitt halvert, sier Odd Furuseth (86) til <a href=\"https:\/\/www.nettavisen.no\/okonomi\/kronesmellen-tar-ikke-slutt-pensjonen-er-halvert\/s\/5-95-2782422\" rel=\"Follow nofollow noopener\" target=\"_blank\">Nettavisen. <\/a><\/p>\n<p>Nettavisen intervjuet f\u00f8rst <a href=\"https:\/\/www.nettavisen.no\/okonomi\/brutal-kronesmell-for-odd-80-en-tredjedel-av-pensjonen-min-er-forsvunnet\/s\/12-95-3423867905\" rel=\"Follow nofollow noopener\" target=\"_blank\">Furuseth i 2019.<\/a> Da l\u00e5 kronen p\u00e5 10,26 kroner. <\/p>\n<p>\u2013 Vi merker at det er mange som sliter n\u00e5. Men hver gang den norske kronen f\u00e5r seg en smell, bruker vi \u00e5 si: \u00abAlt for Norge\u00bb, sa Furuseth da.<\/p>\n<p>I 2023 plukket vi opp tr\u00e5den p\u00e5 nytt. Da hadde kursen hoppet opp til 11,97 kroner. Kursen har v\u00e6rt over 11 kroner siden. <\/p>\n<p>\u2013 I g\u00e5r overf\u00f8rte jeg penger fra den norske kontoen min. Det kostet meg 11,92 kroner per euro, sier Furuseth.<\/p>\n<p>\u2013 For oss som har god pensjon g\u00e5r det bra, men de fleste har ikke det, legger han til.<\/p>\n<p>\u2013 Fra h\u00e5nd til munn<\/p>\n<p>Han kjenner nordmenn nede i Albir som sliter mer enn ham med \u00e5 f\u00e5 Spania-tilv\u00e6relsen til \u00e5 g\u00e5 rundt. <\/p>\n<p>\u2013 For folk som har en normal \u00f8konomi blir det ingenting igjen n\u00e5r m\u00e5neden er over. Det er fra h\u00e5nd til munn for mange, sier han.<\/p>\n<p>Han engasjerer seg ogs\u00e5 i Den norske frivillighetssentralen i Alfaz del Pi. <\/p>\n<p>\u2013 Der ser de at folk ikke makter \u00e5 betale sine helsetjenester og sykehjemsplasser n\u00e5, hvilket de klarte tidligere. Mange av disse har flyttet hit nettopp fordi de her fikk et klima som var godt for helsen og muligheter til \u00e5 ta ansvar for eget liv. Mange vurderer n\u00e5 \u00e5 flytte hjem til Norge n\u00e5r omsorgsbehovet melder seg. <\/p>\n<p>Ikke bare er kronen svakere, Spania har ogs\u00e5 h\u00f8yere matvarepriser enn f\u00f8r.<\/p>\n<p>\u2013 Alt er dyrere her ogs\u00e5, akkurat som hjemme.<\/p>\n<p>\u2013 Vondt \u00e5 se<\/p>\n<p> Flybillettene til og fra Norge koster ogs\u00e5 mer enn f\u00f8r. <\/p>\n<p>\u2013 Jeg skulle fly datteren min ned til jul. Det kostet 7000 kroner. Det ble ikke noe av da. Hun blir hjemme. <\/p>\n<p>Han h\u00e5per p\u00e5 regjeringen og stortingspolitikerne. <\/p>\n<p>\u2013 Det hadde v\u00e6rt fantastisk hvis vi fikk en regjering og politikere som klarer \u00e5 se hva de kan gj\u00f8re for \u00e5 styrke Norge og den norske kronen. Vi m\u00e5 styrke v\u00e5rt eget land istedenfor alle andres. Folk som starter bedrifter flytter til Sverige, konstaterer han.<\/p>\n<p>Han h\u00e5per regjeringen vil prioritere \u00e5 f\u00e5 gr\u00fcndere og investorene hjem. <\/p>\n<p>\u2013 N\u00e5r et nystartet firma som nettopp har f\u00e5tt en kjempekontrakt i utlandet og flytter til Sverige for \u00e5 overleve, da m\u00e5 Stortinget og regjeringen tenke fort og handle fort. <\/p>\n<p>\u2013 Vi er en stor koloni nordmenn her som er glad i Norge. Vi feirer 17. mai med tog og aktiviteter og roper hurra for landet v\u00e5rt. Samtidig gj\u00f8r det vondt \u00e5 se hva som skjer p\u00e5 flere omr\u00e5der der hjemme, legger han til.<\/p>\n<p>\u2013 Dyrere i Norge<\/p>\n<p>Selv blir han i Spania. <\/p>\n<p>\u2013 Jeg trives s\u00e5 godt her. Det er lyse vintre. Jeg g\u00e5r turer og sykler. Det er et liv for meg her som jeg vet jeg ikke kan f\u00e5 hjemme.<\/p>\n<p>Han tviler ogs\u00e5 p\u00e5 at det hadde blitt noe s\u00e6rlig billigere \u00e5 bo i Norge. <\/p>\n<p>\u2013 Det regnskapet har jeg ikke gjort. Jeg tror ikke det ville blitt noe bedre. Du f\u00e5r fortsatt mer for pengene dine her. Det er dyrere i Norge enn her. Hvis jeg skulle flyttet hjem og kj\u00f8pt en tilsvarende leilighet i Norge&#8230; Det g\u00e5r ikke. <\/p>\n<p>Hvordan kronekursen vil utvikle seg fremover er uvisst. <\/p>\n<p>\u2013 Det er veldig mange forhold som p\u00e5virker kronekursen b\u00e5de internasjonalt og her hjemme, og det er vanskelig \u00e5 forklare alle bevegelser i kronekursen. Men hvis vi ser fremover, s\u00e5 legger vi til grunn at kronekursen vil endre seg lite fra dagens niv\u00e5, sa Ida Wolden Bache p\u00e5 rentetm\u00f8tet f\u00f8r jul.<\/p>\n","protected":false},"excerpt":{"rendered":"Han har v\u00e6rt med p\u00e5 den norske kronens reise \u2013 eller berg- og dalbane \u2013 siden starten av&hellip;\n","protected":false},"author":2,"featured_media":120498,"comment_status":"","ping_status":"","sticky":false,"template":"","format":"standard","meta":{"footnotes":""},"categories":[56],"tags":[36,60,61,62,30,28,29,572,4440,14355,1510,5770],"class_list":{"0":"post-120497","1":"post","2":"type-post","3":"status-publish","4":"format-standard","5":"has-post-thumbnail","7":"category-naeringsliv","8":"tag-art","9":"tag-business","10":"tag-economy","11":"tag-naeringsliv","12":"tag-no","13":"tag-norge","14":"tag-norway","15":"tag-okonomi","16":"tag-pensjon","17":"tag-pensjonist","18":"tag-story","19":"tag-valuta"},"share_on_mastodon":{"url":"https:\/\/pubeurope.com\/@no\/115769734763505122","error":""},"_links":{"self":[{"href":"https:\/\/www.europesays.com\/no\/wp-json\/wp\/v2\/posts\/120497","targetHints":{"allow":["GET"]}}],"collection":[{"href":"https:\/\/www.europesays.com\/no\/wp-json\/wp\/v2\/posts"}],"about":[{"href":"https:\/\/www.europesays.com\/no\/wp-json\/wp\/v2\/types\/post"}],"author":[{"embeddable":true,"href":"https:\/\/www.europesays.com\/no\/wp-json\/wp\/v2\/users\/2"}],"replies":[{"embeddable":true,"href":"https:\/\/www.europesays.com\/no\/wp-json\/wp\/v2\/comments?post=120497"}],"version-history":[{"count":0,"href":"https:\/\/www.europesays.com\/no\/wp-json\/wp\/v2\/posts\/120497\/revisions"}],"wp:featuredmedia":[{"embeddable":true,"href":"https:\/\/www.europesays.com\/no\/wp-json\/wp\/v2\/media\/120498"}],"wp:attachment":[{"href":"https:\/\/www.europesays.com\/no\/wp-json\/wp\/v2\/media?parent=120497"}],"wp:term":[{"taxonomy":"category","embeddable":true,"href":"https:\/\/www.europesays.com\/no\/wp-json\/wp\/v2\/categories?post=120497"},{"taxonomy":"post_tag","embeddable":true,"href":"https:\/\/www.europesays.com\/no\/wp-json\/wp\/v2\/tags?post=120497"}],"curies":[{"name":"wp","href":"https:\/\/api.w.org\/{rel}","templated":true}]}}