{"id":12050,"date":"2025-08-19T09:36:11","date_gmt":"2025-08-19T09:36:11","guid":{"rendered":"https:\/\/www.europesays.com\/no\/12050\/"},"modified":"2025-08-19T09:36:11","modified_gmt":"2025-08-19T09:36:11","slug":"kronprinsesse-mette-marit-har-bursdag-fvn-no","status":"publish","type":"post","link":"https:\/\/www.europesays.com\/no\/12050\/","title":{"rendered":"Kronprinsesse Mette-Marit har bursdag &#8211; fvn.no"},"content":{"rendered":"<p>Det er offisiell flaggdag over hele Norge for \u00e5 markere kronprinsessens bursdag \u2013 en anledning som st\u00e5r markert automatisk i manges kalender p\u00e5 mobiltelefonen.<\/p>\n<p>\u2013 Dagen markeres privat, opplyser kommunikasjonssjef Guri Varpe i Kongehuset.<\/p>\n<p>Kronprinsessen har ikke noe offisielt program p\u00e5 bursdagen, men neste uke skal hun etter planen v\u00e6re med p\u00e5 en storstilt fest i Bergen.<\/p>\n<p>Da markeres det at Gamlehaugen har v\u00e6rt kongebolig i 100 \u00e5r, med utekonsert hvor b\u00e5de kongeparet og kronprinsparet vi v\u00e6re til stede.<\/p>\n<p>\u2013 Beint\u00f8ft<\/p>\n<p>Mandag ble kronprinsessens eldste s\u00f8nn, Marius Borg H\u00f8iby, tiltalt for fire voldtekter og en rekke andre alvorlige forhold, blant annet mishandling i n\u00e6re relasjoner.<\/p>\n<p>Totalt har tiltalen 32 punkter og H\u00f8iby nekter straffskyld for alle de mest alvorlige punktene. Saken sprakk 4. august i fjor, da H\u00f8iby ble p\u00e5grepet for vold mot sin dav\u00e6rende kj\u00e6reste i en leilighet p\u00e5 Frogner.<\/p>\n<p>\u2013 Det er opp til domstolene \u00e5 behandle denne saken og komme fram til en avgj\u00f8relse. Vi har ikke noe \u00e5 legge til ut over dette, sa Slottets kommunikasjonssjef Guri Varpe i en kommentar til NTB mandag.<\/p>\n<p> Kronprinsfamilien har tidligere v\u00e6rt \u00e5pne om at det siste \u00e5ret har v\u00e6rt sv\u00e6rt krevende, blant annet i programmet \u00ab\u00c5ret med kongefamilien\u00bb p\u00e5 <a href=\"https:\/\/tv.nrk.no\/serie\/aaret-med-kongefamilien\/sesong\/2024\/episode\/NNFA30000324\" rel=\"noopener nofollow\" target=\"_blank\">NRK <\/a> i romjulen.<\/p>\n<p>\u2013 Det har v\u00e6rt beint\u00f8ft, det er ikke annet \u00e5 si. Det har v\u00e6rt skikkelig t\u00f8ft for oss og for alle, tror jeg, sa kronprinsessen.<\/p>\n<p>Intervjuet Murakami<\/p>\n<p>Selv om H\u00f8iby-saken har preget kronprinsfamilien det siste \u00e5ret, har de v\u00e6rt aktive ute p\u00e5 en rekke oppdrag blant folk.<\/p>\n<p>I mai deltok kronprinsessen blant annet p\u00e5 Norsk Litteraturfestival p\u00e5 Lillehammer der hun holdt en samtale med den japanske stjerneforfatteren Haruki Murakami.<\/p>\n<p>Det siste \u00e5ret har ogs\u00e5 bydd p\u00e5 helseutfordringer, og kronprinsessen har i perioder v\u00e6rt sykmeldt p\u00e5 grunn av den kroniske lungesykdommen hun har.<\/p>\n","protected":false},"excerpt":{"rendered":"Det er offisiell flaggdag over hele Norge for \u00e5 markere kronprinsessens bursdag \u2013 en anledning som st\u00e5r markert&hellip;\n","protected":false},"author":2,"featured_media":12051,"comment_status":"","ping_status":"","sticky":false,"template":"","format":"standard","meta":{"footnotes":""},"categories":[5],"tags":[20,21,530,24,25,15,19,2293,22,23,17,18,400,13,30,28,29,14,16,26,27],"class_list":{"0":"post-12050","1":"post","2":"type-post","3":"status-publish","4":"format-standard","5":"has-post-thumbnail","7":"category-overskrifter","8":"tag-breaking-news","9":"tag-breakingnews","10":"tag-bursdag","11":"tag-featured-news","12":"tag-featurednews","13":"tag-headlines","14":"tag-hovedoppslag","15":"tag-kronprinsesse-mette-marit","16":"tag-latest-news","17":"tag-latestnews","18":"tag-main-news","19":"tag-mainnews","20":"tag-marius-borg-hoiby","21":"tag-news","22":"tag-no","23":"tag-norge","24":"tag-norway","25":"tag-nyheter","26":"tag-overskrifter","27":"tag-top-stories","28":"tag-topstories"},"share_on_mastodon":{"url":"","error":""},"_links":{"self":[{"href":"https:\/\/www.europesays.com\/no\/wp-json\/wp\/v2\/posts\/12050","targetHints":{"allow":["GET"]}}],"collection":[{"href":"https:\/\/www.europesays.com\/no\/wp-json\/wp\/v2\/posts"}],"about":[{"href":"https:\/\/www.europesays.com\/no\/wp-json\/wp\/v2\/types\/post"}],"author":[{"embeddable":true,"href":"https:\/\/www.europesays.com\/no\/wp-json\/wp\/v2\/users\/2"}],"replies":[{"embeddable":true,"href":"https:\/\/www.europesays.com\/no\/wp-json\/wp\/v2\/comments?post=12050"}],"version-history":[{"count":0,"href":"https:\/\/www.europesays.com\/no\/wp-json\/wp\/v2\/posts\/12050\/revisions"}],"wp:featuredmedia":[{"embeddable":true,"href":"https:\/\/www.europesays.com\/no\/wp-json\/wp\/v2\/media\/12051"}],"wp:attachment":[{"href":"https:\/\/www.europesays.com\/no\/wp-json\/wp\/v2\/media?parent=12050"}],"wp:term":[{"taxonomy":"category","embeddable":true,"href":"https:\/\/www.europesays.com\/no\/wp-json\/wp\/v2\/categories?post=12050"},{"taxonomy":"post_tag","embeddable":true,"href":"https:\/\/www.europesays.com\/no\/wp-json\/wp\/v2\/tags?post=12050"}],"curies":[{"name":"wp","href":"https:\/\/api.w.org\/{rel}","templated":true}]}}