{"id":120503,"date":"2025-12-23T16:18:15","date_gmt":"2025-12-23T16:18:15","guid":{"rendered":"https:\/\/www.europesays.com\/no\/120503\/"},"modified":"2025-12-23T16:18:15","modified_gmt":"2025-12-23T16:18:15","slug":"ulykker-og-hendelser-e6-trafikkulykke-pa-e6","status":"publish","type":"post","link":"https:\/\/www.europesays.com\/no\/120503\/","title":{"rendered":"Ulykker og hendelser, E6 | Trafikkulykke p\u00e5 E6"},"content":{"rendered":"\n<p>Tirsdag rykker n\u00f8detatene ut til ei trafikkulykke p\u00e5 E6 i s\u00f8rg\u00e5ende felt litt nord for Brumunddal. <\/p>\n<p>\u2013 To kj\u00f8ret\u00f8y er involvert, og vegen er sperret p\u00e5 stedet, melder politiet. <\/p>\n<p>Klokka 13.50 melder politiet at flere rygger mot kj\u00f8reretningen ved stedet p\u00e5 E6. <\/p>\n<p>\u2013 Vi ser p\u00e5 Vegtrafikksentralens utmerkede kameratjeneste at folk rygger mot kj\u00f8reretningen i krysset ved Gaupen. Vi noterer registreringsnumre og kommer til \u00e5 anmelde f\u00f8rere fortl\u00f8pende. F\u00f8rerkortbeslag er en av konsekvensene de risikerer, melder politiet. <\/p>\n<p>Til Ringsaker Blad sier operasjonsleder ved Innlandet politidistrikt, Vidar Flokenes at det skal v\u00e6re to personer involvert.<\/p>\n<p>\u2013 Det er kun sj\u00e5f\u00f8rene i bilene. Og det er ikke meldt om alvorlige personskader, sier han.<\/p>\n<p>Klokken 14.20 forteller Flokenes til avisa at de er i gang med opprydningen og har begynt \u00e5 slippe trafikken forbi ulykkesstedet.<\/p>\n<p>Saken oppdateres! <\/p>\n","protected":false},"excerpt":{"rendered":"Tirsdag rykker n\u00f8detatene ut til ei trafikkulykke p\u00e5 E6 i s\u00f8rg\u00e5ende felt litt nord for Brumunddal. \u2013 To&hellip;\n","protected":false},"author":2,"featured_media":120504,"comment_status":"","ping_status":"","sticky":false,"template":"","format":"standard","meta":{"footnotes":""},"categories":[10],"tags":[36,20,21,834,24,25,15,22,23,13,30,28,29,14,16,1435,1510,26,27,941],"class_list":{"0":"post-120503","1":"post","2":"type-post","3":"status-publish","4":"format-standard","5":"has-post-thumbnail","7":"category-norge","8":"tag-art","9":"tag-breaking-news","10":"tag-breakingnews","11":"tag-e6","12":"tag-featured-news","13":"tag-featurednews","14":"tag-headlines","15":"tag-latest-news","16":"tag-latestnews","17":"tag-news","18":"tag-no","19":"tag-norge","20":"tag-norway","21":"tag-nyheter","22":"tag-overskrifter","23":"tag-ringsaker","24":"tag-story","25":"tag-top-stories","26":"tag-topstories","27":"tag-ulykker-og-hendelser"},"share_on_mastodon":{"url":"https:\/\/pubeurope.com\/@no\/115769789921698619","error":""},"_links":{"self":[{"href":"https:\/\/www.europesays.com\/no\/wp-json\/wp\/v2\/posts\/120503","targetHints":{"allow":["GET"]}}],"collection":[{"href":"https:\/\/www.europesays.com\/no\/wp-json\/wp\/v2\/posts"}],"about":[{"href":"https:\/\/www.europesays.com\/no\/wp-json\/wp\/v2\/types\/post"}],"author":[{"embeddable":true,"href":"https:\/\/www.europesays.com\/no\/wp-json\/wp\/v2\/users\/2"}],"replies":[{"embeddable":true,"href":"https:\/\/www.europesays.com\/no\/wp-json\/wp\/v2\/comments?post=120503"}],"version-history":[{"count":0,"href":"https:\/\/www.europesays.com\/no\/wp-json\/wp\/v2\/posts\/120503\/revisions"}],"wp:featuredmedia":[{"embeddable":true,"href":"https:\/\/www.europesays.com\/no\/wp-json\/wp\/v2\/media\/120504"}],"wp:attachment":[{"href":"https:\/\/www.europesays.com\/no\/wp-json\/wp\/v2\/media?parent=120503"}],"wp:term":[{"taxonomy":"category","embeddable":true,"href":"https:\/\/www.europesays.com\/no\/wp-json\/wp\/v2\/categories?post=120503"},{"taxonomy":"post_tag","embeddable":true,"href":"https:\/\/www.europesays.com\/no\/wp-json\/wp\/v2\/tags?post=120503"}],"curies":[{"name":"wp","href":"https:\/\/api.w.org\/{rel}","templated":true}]}}