{"id":120507,"date":"2025-12-23T16:20:44","date_gmt":"2025-12-23T16:20:44","guid":{"rendered":"https:\/\/www.europesays.com\/no\/120507\/"},"modified":"2025-12-23T16:20:44","modified_gmt":"2025-12-23T16:20:44","slug":"far-aldri-feiret-dagen-med-henne-2","status":"publish","type":"post","link":"https:\/\/www.europesays.com\/no\/120507\/","title":{"rendered":"\u2013 F\u00e5r aldri feiret dagen med henne"},"content":{"rendered":"<p class=\"extendedContent hyperion-css-eyn926\" data-test-tag=\"lead-text\">Atle Lie McGrath gleder seg til noen dagers pause etter mandagens herlige slal\u00e5mtriumf i Alta Badia.<\/p>\n<p><img decoding=\"async\" class=\"image-asset hyperion-css-u06ts1\" data-test-tag=\"image-asset\" src=\"https:\/\/www.europesays.com\/no\/wp-content\/uploads\/2025\/12\/1766506842_904_aeb492f3-74b6-4c42-9f40-c4512a98ba99\"  alt=\"Atle Lie McGrath og kj\u00e6resten Maud Brandtz\u00e6g. \"  loading=\"eager\" fetchpriority=\"high\" style=\"aspect-ratio:1066 \/ 1600\"\/>Atle Lie McGrath og kj\u00e6resten Maud Brandtz\u00e6g. Foto: Privat<\/p>\n<ul data-test-tag=\"byline:authors\" data-testid=\"byline:authors\" class=\"hyperion-css-1772xtw\">\n<li class=\"hyperion-css-b8p8ys\"><img decoding=\"async\" class=\"image-asset hyperion-css-u06ts1\" data-test-tag=\"image-asset\" src=\"https:\/\/www.europesays.com\/no\/wp-content\/uploads\/2025\/12\/1766506843_469_375927d7-c3ac-45fd-a424-5db85cd85b8f\"  alt=\"Andreas Almli, VG\"  fetchpriority=\"auto\" style=\"aspect-ratio:2048 \/ 2048\"\/>\n<p>Andreas Almli, VG<\/p>\n<\/li>\n<\/ul>\n<p>Publisert: 23.12.2025 06:49<\/p>\n<p class=\"paywall hyperion-css-1j42uic\">\u2013 Juleferien er hellig for oss alpinister. Det er den eneste ordentlige pausen vi f\u00e5r. Uansett hvilken start jeg f\u00e5r p\u00e5 sesongen, s\u00e5 er det godt \u00e5 komme hjem og v\u00e6re med familien, sier McGrath til VG,  p\u00e5 vei til samboeren, Maud Brandtz\u00e6g, som fylte 27 \u00e5r samme dag som han sikret sin fjerde verdenscupseier i Italia.<\/p>\n<p class=\"paywall hyperion-css-1j42uic\">\u2013 Jeg f\u00e5r aldri feiret dagen med henne, siden vi er i sesong. Vi pleier \u00e5 st\u00e5 opp tidlig for \u00e5 snakke sammen, ogs\u00e5 pleier vi \u00e5 snakke sammen p\u00e5 telefonen mellom omgangene. Det gir et perspektiv p\u00e5 ting, for det viktigste er at hun har bursdag og f\u00e5r en fin dag, sier han.<\/p>\n<p class=\"paywall hyperion-css-1j42uic\">Han vant foran franske Cl\u00e9ment No\u00ebl og sveitsiske Lo\u00efc Meillard. McGrath var nummer to etter f\u00f8rste omgang og orket ikke \u00e5 se p\u00e5 da lederen No\u00ebl var sistemann ut. <\/p>\n<p class=\"paywall hyperion-css-1j42uic\">\u2013 Det var altfor nervepirrende. Da jeg h\u00f8rte publikum sukke da han kom i m\u00e5l, skj\u00f8nte jeg at jeg hadde tatt seieren. Det er noe av det diggeste jeg har f\u00f8lt p\u00e5 lenge, sa McGrath til Viaplay.<\/p>\n<p><img decoding=\"async\" class=\"image-asset hyperion-css-u06ts1\" data-test-tag=\"image-asset\" src=\"https:\/\/www.europesays.com\/no\/wp-content\/uploads\/2025\/12\/1766506844_282_d81073ed-bc40-4cb9-8a3c-fbce31552c9d\"  alt=\"McGrath feiret kj\u00e6restens bursdag p\u00e5 toppen av pallen i  Alta Badia.\"  loading=\"eager\" fetchpriority=\"high\" style=\"aspect-ratio:2048 \/ 1231\"\/>McGrath feiret kj\u00e6restens bursdag p\u00e5 toppen av pallen i  Alta Badia. Foto: Sergio Bisi\/IPA Sport \/ ipa-agency.net \/ Pa Photos \/ NTB<\/p>\n<p class=\"paywall hyperion-css-1j42uic\">\u2013 Hvordan st\u00e5r det til med julegavene s\u00e5 tett inn mot jul?<\/p>\n<p class=\"paywall hyperion-css-1j42uic\">\u2013 I \u00e5r hadde jeg alle gavene klar i november. Maud og jeg satte opp juletreet 1. november, slik at jeg kunne f\u00e5 litt julef\u00f8lelse f\u00f8r jeg dro. Gavene l\u00e5 under treet allerede da.<\/p>\n<p class=\"paywall hyperion-css-1j42uic\">\u2013 Skal dere feire jul sammen?<\/p>\n<p class=\"paywall hyperion-css-1j42uic\">\u2013 Nei, jeg skal feire jul med familien. N\u00e5 er det \u00e5 komme seg opp p\u00e5 fjellet, feire en klassisk norsk jul med tradisjon, kultur og mat som man savner p\u00e5 reise. Heldigvis gir fett fart i alpint, s\u00e5 man kan tillate seg \u00e5 kose seg, sier han.<\/p>\n<p class=\"paywall hyperion-css-1j42uic\">I begynnelsen av februar starter OL i Italia. McGrath venter noen uker med \u00e5 flytte blikket dit.<\/p>\n<p class=\"paywall hyperion-css-1j42uic\">\u2013 Jeg har delt opp sesongen, der verdenscupen st\u00e5r i fokus n\u00e5, f\u00f8r jeg g\u00e5r inn i OL-boblen n\u00e5r den tid kommer. <\/p>\n<p class=\"paywall hyperion-css-1j42uic\">Men f\u00f8rst skal han alts\u00e5 ha noen fridager.<\/p>\n<p class=\"paywall hyperion-css-1j42uic\">\u2013 Jeg er vant til at det g\u00e5r i hundre, s\u00e5 jeg kommer nok til \u00e5 nyte det enda mer n\u00e5r jeg v\u00e5kner hjemme.<\/p>\n","protected":false},"excerpt":{"rendered":"Atle Lie McGrath gleder seg til noen dagers pause etter mandagens herlige slal\u00e5mtriumf i Alta Badia. Atle Lie&hellip;\n","protected":false},"author":2,"featured_media":120508,"comment_status":"","ping_status":"","sticky":false,"template":"","format":"standard","meta":{"footnotes":""},"categories":[59],"tags":[30,28,29,83,82],"class_list":{"0":"post-120507","1":"post","2":"type-post","3":"status-publish","4":"format-standard","5":"has-post-thumbnail","7":"category-sport","8":"tag-no","9":"tag-norge","10":"tag-norway","11":"tag-sport","12":"tag-sports"},"share_on_mastodon":{"url":"https:\/\/pubeurope.com\/@no\/115769797965262289","error":""},"_links":{"self":[{"href":"https:\/\/www.europesays.com\/no\/wp-json\/wp\/v2\/posts\/120507","targetHints":{"allow":["GET"]}}],"collection":[{"href":"https:\/\/www.europesays.com\/no\/wp-json\/wp\/v2\/posts"}],"about":[{"href":"https:\/\/www.europesays.com\/no\/wp-json\/wp\/v2\/types\/post"}],"author":[{"embeddable":true,"href":"https:\/\/www.europesays.com\/no\/wp-json\/wp\/v2\/users\/2"}],"replies":[{"embeddable":true,"href":"https:\/\/www.europesays.com\/no\/wp-json\/wp\/v2\/comments?post=120507"}],"version-history":[{"count":0,"href":"https:\/\/www.europesays.com\/no\/wp-json\/wp\/v2\/posts\/120507\/revisions"}],"wp:featuredmedia":[{"embeddable":true,"href":"https:\/\/www.europesays.com\/no\/wp-json\/wp\/v2\/media\/120508"}],"wp:attachment":[{"href":"https:\/\/www.europesays.com\/no\/wp-json\/wp\/v2\/media?parent=120507"}],"wp:term":[{"taxonomy":"category","embeddable":true,"href":"https:\/\/www.europesays.com\/no\/wp-json\/wp\/v2\/categories?post=120507"},{"taxonomy":"post_tag","embeddable":true,"href":"https:\/\/www.europesays.com\/no\/wp-json\/wp\/v2\/tags?post=120507"}],"curies":[{"name":"wp","href":"https:\/\/api.w.org\/{rel}","templated":true}]}}