{"id":120513,"date":"2025-12-23T16:32:12","date_gmt":"2025-12-23T16:32:12","guid":{"rendered":"https:\/\/www.europesays.com\/no\/120513\/"},"modified":"2025-12-23T16:32:12","modified_gmt":"2025-12-23T16:32:12","slug":"grevinnen-og-hovmesteren-sendt-for-tidlig","status":"publish","type":"post","link":"https:\/\/www.europesays.com\/no\/120513\/","title":{"rendered":"Grevinnen og hovmesteren sendt for tidlig"},"content":{"rendered":"<p class=\"kicker \" style=\"\">\u00abGrevinnen og hovmesteren\u00bb:<\/p>\n<p>  TV-sketsjen er en viktig tradisjon hos mange nordmenn, og man tuller ikke med tradisjoner. Det fikk NRK l\u00e6re p\u00e5 den harde m\u00e5ten.<\/p>\n<p>\n    TRADISJON: \u00c5r etter \u00e5r ringer May Warden og Freddie Frinton jula inn p\u00e5 norske TV-skjermer med den ud\u00f8delige sketsjen \u00abGrevinnen og hovmesteren\u00bb. Foto: NTB\n  <\/p>\n<p>Jula er en tid som ofte b\u00e6rer sterkt preg av tradisjoner. De fleste spiser den samme julemiddagen, drar i de samme juleselskapene og baker de samme julekakene \u00e5r etter \u00e5r. Ogs\u00e5 TV-kanalenes sendeplan har en tendens til \u00e5 v\u00e6re lik.<\/p>\n<p>    <a itemprop=\"url\" href=\"https:\/\/www.dagbladet.no\/kjendis\/grunnleggende-forstyrrende\/83984740\" rel=\"nofollow noopener\" target=\"_blank\"><\/p>\n<p>        <img loading=\"lazy\" decoding=\"async\" src=\"https:\/\/www.europesays.com\/no\/wp-content\/uploads\/2025\/12\/1766507530_135_83996219.webp\" width=\"980\" height=\"441\" title=\"- Grunnleggende forstyrrende\" alt=\"\" class=\"lazyload\" style=\"--aspect-ratio-image: 2.22; \"\/><\/p>\n<p>        &#8211; Grunnleggende forstyrrende<\/p>\n<p>    <\/a><\/p>\n<p>For noen blir det simpelten ikke jul f\u00f8r de har f\u00e5tt med seg TV-klassikere som\u00a0\u00abTre n\u00f8tter til Askepott\u00bb, \u00abReisen til julestjernen\u00bb og \u00abGrevinnen og hovmesteren\u00bb.<\/p>\n<p>Programmene sendes til fast tid hvert \u00e5r, og selv om man n\u00e5 til dags i de fleste tilfeller kan velge helt selv n\u00e5r man vil se p\u00e5 TV, gjennom de utallige str\u00f8mmetjenestene, kan det virke som at det er noe hellig over de line\u00e6re tidspunktene.<\/p>\n<p>        SKAL VI DANSE: Et klipp av programleders Anders Hoff har sirkulert p\u00e5 sosiale medier i det siste. Hoff selv har en naturlig forklaring til hele situasjonen. Reporter: Thea Hope<\/p>\n<p>F\u00f8r i tida, f\u00f8r det fantes noe som het NRK TV, Netflix og Disney+, m\u00e5tte man forholde seg til statskanalens sendeplan dersom man skulle f\u00e5 med seg programmene.<\/p>\n<p class=\"font-weight-bold m-font-weight-bold\" data-lab-font_weight=\"font-weight-bold\">Det ble derfor fullt rabalder da NRK selv bommet p\u00e5 tida.<\/p>\n<p>    <a itemprop=\"url\" href=\"https:\/\/www.dagbladet.no\/kjendis\/innrommet-at-ingen-liker-den\/83998971\" rel=\"nofollow noopener\" target=\"_blank\"><\/p>\n<p>        <img loading=\"lazy\" decoding=\"async\" src=\"https:\/\/www.europesays.com\/no\/wp-content\/uploads\/2025\/12\/84013349.webp\" width=\"980\" height=\"441\" title=\"- Innr\u00f8mmet at ingen liker den\" alt=\"\" class=\"lazyload\" style=\"--aspect-ratio-image: 2.22; \"\/><\/p>\n<p>        &#8211; Innr\u00f8mmet at ingen liker den<\/p>\n<p>    <\/a><\/p>\n<p>Hvert \u00e5r siden 1980 har NRK sendt \u00abGrevinnen og hovmesteren\u00bb klokka 21.00 p\u00e5 lille julaften. TV-sketsjen kommer som et innslag under\u00a0\u00abKvelden f\u00f8r kvelden\u00bb.<\/p>\n<p>\u00abSame procedure as every year\u00bb.<\/p>\n<p>Vel, nesten.<\/p>\n<p>        \u00abSKAL VI DANSE\u00bb: Finalist Tiril Eckhoff viser frem til skjulte talent. Video: Nora Skavhaug\/ R\u00f8d L\u00f8per<\/p>\n<p>I 1992 m\u00e5tte programmet vises to ganger. Ved en feiltakelse ble det nemlig sendt et kvarter tidligere enn annonsert. Sketsjen har en varighet p\u00e5 rundt elleve minutter, s\u00e5 den var med andre ord ferdig da juleklare nordmenn slo p\u00e5 kasse-TVen for \u00e5 le litt med den mer og mer lystige hovmesteren.<\/p>\n<p>        <img loading=\"lazy\" decoding=\"async\" src=\"https:\/\/www.europesays.com\/no\/wp-content\/uploads\/2025\/12\/84017516.webp\" width=\"686\" height=\"522\" title=\"OPPR\u00d8R: Da NRK i 1992 sendte sketsjen et kvarter for tidlig, ble statskanalen nedringt av oppr\u00f8rte seere. NRK s\u00e5 seg n\u00f8dt til \u00e5 sende den om igjen etter \u00abKveldsnytt\u00bb. Foto: NTB-arkiv\" alt=\"\" class=\"\" style=\"--aspect-ratio-image: 1.31; \"\/><\/p>\n<p>\n        OPPR\u00d8R: Da NRK i 1992 sendte sketsjen et kvarter for tidlig, ble statskanalen nedringt av oppr\u00f8rte seere. NRK s\u00e5 seg n\u00f8dt til \u00e5 sende den om igjen etter \u00abKveldsnytt\u00bb. Foto: NTB-arkiv\n    <\/p>\n<p>I en pressemelding om \u00e5rets jul forteller statskanalen at telefonstormen som fulgte etter tabben var s\u00e5 kraftig at de m\u00e5tte sette opp \u00abGrevinnen og hovmesteren\u00bb p\u00e5 nytt etter \u00abKveldsnytt\u00bb.<\/p>\n<p>        OVERRASKER: Vi har tatt en titt p\u00e5 noen av TV-\u00f8yeblikkene vi husker ekstra godt fra \u00e5ret som har g\u00e5tt. Video: \u00abTeam P\u00f8lsa\u00bb\/NRK, \u00abJakten p\u00e5 kj\u00e6rligheten\u00bb\/TV 2, \u00abBedre sex\u00bb\/Viaplay, \u00abOppdrag M\/S Bj\u00f8rvika\u00bb\/Viaplay<\/p>\n<p>De siste 32 \u00e5ra har det tilsynelatende g\u00e5tt knirkefritt, s\u00e5 nordmenn virker \u00e5 v\u00e6re i trygge hender n\u00e5 som det igjen n\u00e6rmes seg et gjensyn med miss Sophie og James.<\/p>\n","protected":false},"excerpt":{"rendered":"\u00abGrevinnen og hovmesteren\u00bb: TV-sketsjen er en viktig tradisjon hos mange nordmenn, og man tuller ikke med tradisjoner. Det&hellip;\n","protected":false},"author":2,"featured_media":120514,"comment_status":"","ping_status":"","sticky":false,"template":"","format":"standard","meta":{"footnotes":""},"categories":[58],"tags":[71,14356,479,30,28,29,72],"class_list":{"0":"post-120513","1":"post","2":"type-post","3":"status-publish","4":"format-standard","5":"has-post-thumbnail","7":"category-underholdning","8":"tag-entertainment","9":"tag-grevinnen-og-hovmesteren","10":"tag-kjendis","11":"tag-no","12":"tag-norge","13":"tag-norway","14":"tag-underholdning"},"share_on_mastodon":{"url":"https:\/\/pubeurope.com\/@no\/115769845093679362","error":""},"_links":{"self":[{"href":"https:\/\/www.europesays.com\/no\/wp-json\/wp\/v2\/posts\/120513","targetHints":{"allow":["GET"]}}],"collection":[{"href":"https:\/\/www.europesays.com\/no\/wp-json\/wp\/v2\/posts"}],"about":[{"href":"https:\/\/www.europesays.com\/no\/wp-json\/wp\/v2\/types\/post"}],"author":[{"embeddable":true,"href":"https:\/\/www.europesays.com\/no\/wp-json\/wp\/v2\/users\/2"}],"replies":[{"embeddable":true,"href":"https:\/\/www.europesays.com\/no\/wp-json\/wp\/v2\/comments?post=120513"}],"version-history":[{"count":0,"href":"https:\/\/www.europesays.com\/no\/wp-json\/wp\/v2\/posts\/120513\/revisions"}],"wp:featuredmedia":[{"embeddable":true,"href":"https:\/\/www.europesays.com\/no\/wp-json\/wp\/v2\/media\/120514"}],"wp:attachment":[{"href":"https:\/\/www.europesays.com\/no\/wp-json\/wp\/v2\/media?parent=120513"}],"wp:term":[{"taxonomy":"category","embeddable":true,"href":"https:\/\/www.europesays.com\/no\/wp-json\/wp\/v2\/categories?post=120513"},{"taxonomy":"post_tag","embeddable":true,"href":"https:\/\/www.europesays.com\/no\/wp-json\/wp\/v2\/tags?post=120513"}],"curies":[{"name":"wp","href":"https:\/\/api.w.org\/{rel}","templated":true}]}}