{"id":120515,"date":"2025-12-23T16:39:16","date_gmt":"2025-12-23T16:39:16","guid":{"rendered":"https:\/\/www.europesays.com\/no\/120515\/"},"modified":"2025-12-23T16:39:16","modified_gmt":"2025-12-23T16:39:16","slug":"bonnfaller-turistene-ikke-ga-for-a-ta-selfies","status":"publish","type":"post","link":"https:\/\/www.europesays.com\/no\/120515\/","title":{"rendered":"B\u00f8nnfaller turistene: &#8211; Ikke g\u00e5 for \u00e5 ta selfies"},"content":{"rendered":"<p><strong>Myndighetene i den norske feriefavoritten sl\u00e5r alarm foran den viktige vintersesongen. Antallet drukninger har v\u00e6rt sv\u00e6rt h\u00f8yt de seneste m\u00e5nedene.<\/strong><\/p>\n<p>I ukene frem mot nytt\u00e5r og m\u00e5nedene fremover vil det str\u00f8mme titusener av nordmenn og andre turister til Kanari\u00f8yene, i det som er topp-sesongen p\u00e5 \u00f8ygruppen.<\/p>\n<p>Tallene p\u00e5 drukninger skremmer de ansvarlige, som m\u00e5 konstatere at turistene er en sv\u00e6rt utsatt gruppe for denne typen ulykker:<\/p>\n<p>Bekymrer ikke<\/p>\n<p>\u2013 Syv av ti\u00a0personer som omkommer av drukning p\u00e5 Kanari\u00f8yene er turister, sier\u00a0Sebasti\u00e1n Quintana Galv\u00e1n if\u00f8lge bransje-nettstedet <a href=\"https:\/\/www.tourinews.es\/destinos-turismo\/siete-cada-diez-fallecidos-ahogados-en-mar-en-canarias-son-turistas_4490133_102.html\" rel=\"nofollow noopener\" target=\"_blank\">Tourinews<\/a>.<\/p>\n<p>Han er president for \u00abCanarias 1500 km de costa.\u00bb Det er en forening som har som hovedoppgave \u00e5 bekjempe drukningsulykker til sj\u00f8s. <\/p>\n<p>Han er ogs\u00e5 oppgitt over at alle advarsler mot \u00e5 bade n\u00e5r det er utfordrende forhold, ikke ser ut til \u00e5 bekymre mange av de tilreisende. <\/p>\n<p>Forserte alle hindringer<\/p>\n<p>Som flysmart24 fortalte, <a href=\"https:\/\/flysmart24.no\/2025\/12\/10\/kanarioy-tragedien-folk-bryr-seg-ikke-om-advarslene\/\" rel=\"nofollow noopener\" target=\"_blank\">druknet fem personer i \u00e9n og samme ulykke p\u00e5 Tenerife for kort tid siden i et av de naturlige bassengene p\u00e5 \u00f8ya<\/a>.<\/p>\n<p>Til tross for at det var satt opp gjerde, r\u00f8dt flagg som indikerer stengt strand og plakater, valgte likevel turistene \u00e5 bade.<\/p>\n<p>Fem av dem ble skylt p\u00e5 havet av de voldsomme b\u00f8lgene, og kom ikke levende fra badeturen.<\/p>\n<p>\u00abHar ingen virkning\u00bb<\/p>\n<p>Dette er den alvorligste drukningsulykken p\u00e5 Kanari\u00f8yene p\u00e5 15 \u00e5r. Galv\u00e1n er oppgitt over at forebyggende tiltak ikke ser ut til \u00e5 nytte:<\/p>\n<p>\u2013 Advarslene har praktisk talt ingen virkning, sier Galv\u00e1n.<\/p>\n<p>Han g\u00e5r n\u00e5 inn for at hotellene blir brukt for \u00e5 informere gjestene om farene ved bading i d\u00e5rlig v\u00e6r:<\/p>\n<p>Galv\u00e1n b\u00f8nnfaller turistene om \u00e5 v\u00e6re forsiktige, og vil ha offisielle varsler p\u00e5 flere spr\u00e5k i resepsjonen. Meldingene er tydelig p\u00e5 dager med d\u00e5rlig v\u00e6r:<\/p>\n<p>\u2013 Ikke g\u00e5 til stranden i dag, ikke bad og ikke g\u00e5 for \u00e5 ta selfies.<\/p>\n<p>Vil bli flere<\/p>\n<p>N\u00e5r det gjelder drukninger\u00a0har 217 utlendinger mistet livet\u00a0de siste 18 \u00e5rene. <\/p>\n<p><a href=\"https:\/\/flysmart24.no\/2025\/07\/16\/alarm-i-norsk-feriefavoritt-naer-30-dode-i-drukning\/\" rel=\"nofollow noopener\" target=\"_blank\">I fjor d\u00f8de 72 mennesker av drukning p\u00e5 Kanari\u00f8yene<\/a>. Det var flere enn alle som omkom i trafikken p\u00e5 \u00f8ygruppen, slik flysmart24 kunne fortelle. <\/p>\n<p>Quintana er overbevist om at denne trenden vil fortsette \u00e5 vokse:<\/p>\n<p>\u2013 Etter hvert som vi sl\u00e5r rekorder i antall turister \u2013 vi snakker allerede om 18 millioner \u2013 ser vi ogs\u00e5 en \u00f8kning i ulykkesraten. Og jeg tror tallene vil fortsette \u00e5 stige, sier han.<\/p>\n","protected":false},"excerpt":{"rendered":"Myndighetene i den norske feriefavoritten sl\u00e5r alarm foran den viktige vintersesongen. Antallet drukninger har v\u00e6rt sv\u00e6rt h\u00f8yt de&hellip;\n","protected":false},"author":2,"featured_media":120516,"comment_status":"","ping_status":"","sticky":false,"template":"","format":"standard","meta":{"footnotes":""},"categories":[12],"tags":[20,21,24,25,15,22,23,13,30,28,29,14,16,26,27,42,43,44,45],"class_list":{"0":"post-120515","1":"post","2":"type-post","3":"status-publish","4":"format-standard","5":"has-post-thumbnail","7":"category-verden","8":"tag-breaking-news","9":"tag-breakingnews","10":"tag-featured-news","11":"tag-featurednews","12":"tag-headlines","13":"tag-latest-news","14":"tag-latestnews","15":"tag-news","16":"tag-no","17":"tag-norge","18":"tag-norway","19":"tag-nyheter","20":"tag-overskrifter","21":"tag-top-stories","22":"tag-topstories","23":"tag-verden","24":"tag-world","25":"tag-world-news","26":"tag-worldnews"},"share_on_mastodon":{"url":"https:\/\/pubeurope.com\/@no\/115769872594141157","error":""},"_links":{"self":[{"href":"https:\/\/www.europesays.com\/no\/wp-json\/wp\/v2\/posts\/120515","targetHints":{"allow":["GET"]}}],"collection":[{"href":"https:\/\/www.europesays.com\/no\/wp-json\/wp\/v2\/posts"}],"about":[{"href":"https:\/\/www.europesays.com\/no\/wp-json\/wp\/v2\/types\/post"}],"author":[{"embeddable":true,"href":"https:\/\/www.europesays.com\/no\/wp-json\/wp\/v2\/users\/2"}],"replies":[{"embeddable":true,"href":"https:\/\/www.europesays.com\/no\/wp-json\/wp\/v2\/comments?post=120515"}],"version-history":[{"count":0,"href":"https:\/\/www.europesays.com\/no\/wp-json\/wp\/v2\/posts\/120515\/revisions"}],"wp:featuredmedia":[{"embeddable":true,"href":"https:\/\/www.europesays.com\/no\/wp-json\/wp\/v2\/media\/120516"}],"wp:attachment":[{"href":"https:\/\/www.europesays.com\/no\/wp-json\/wp\/v2\/media?parent=120515"}],"wp:term":[{"taxonomy":"category","embeddable":true,"href":"https:\/\/www.europesays.com\/no\/wp-json\/wp\/v2\/categories?post=120515"},{"taxonomy":"post_tag","embeddable":true,"href":"https:\/\/www.europesays.com\/no\/wp-json\/wp\/v2\/tags?post=120515"}],"curies":[{"name":"wp","href":"https:\/\/api.w.org\/{rel}","templated":true}]}}