{"id":120517,"date":"2025-12-23T16:40:13","date_gmt":"2025-12-23T16:40:13","guid":{"rendered":"https:\/\/www.europesays.com\/no\/120517\/"},"modified":"2025-12-23T16:40:13","modified_gmt":"2025-12-23T16:40:13","slug":"skiskytter-sivert-guttorm-bakken-27-funnet-dod-i-italia","status":"publish","type":"post","link":"https:\/\/www.europesays.com\/no\/120517\/","title":{"rendered":"Skiskytter Sivert Guttorm Bakken (27) funnet d\u00f8d i Italia"},"content":{"rendered":"\n<p class=\"_lead_o9xde_2 _lead_xtcu6_50 layout-component text-serif-m layout-normal text-serif-l layout-component layout-wide layout-padded _wide_17hqh_1 layout-padded\">Det melder skiskytterforbundet i en pressemelding.<\/p>\n<p><img alt=\" Foto: MATHIAS BERGELD \/ Bildbyr\u00e5n\" class=\"_image_qp4xg_65 layout-component layout-wide\" data-fullscreen- data-track-element-type=\"Article image fullscreen\" data-track-name=\"ImageFullscreen\" fetchpriority=\"high\" decoding=\"sync\" loading=\"eager\" height=\"4000\" itemprop=\"image\"  src=\"https:\/\/www.europesays.com\/no\/wp-content\/uploads\/2025\/12\/1901fcb7-c5c1-4d36-810d-a28b4ac8a92a\"  style=\"object-position:39.83333333333333% 57.550000000000004%\" width=\"6000\"\/> Foto: MATHIAS BERGELD \/ Bildbyr\u00e5n<\/p>\n<ul aria-hidden=\"true\" class=\"_images_ntbth_112\">\n<li><a class=\"_link_ntbth_117\" href=\"https:\/\/www.vg.no\/forfatter\/hannah-solstad-klepp\" style=\"z-index:2\" title=\"Hannah Solstad Klepp\" rel=\"nofollow noopener\" target=\"_blank\"><img alt=\"Bilde av Hannah Solstad Klepp\" class=\"_image_ntbth_93\" fetchpriority=\"low\" loading=\"lazy\" decoding=\"async\" itemprop=\"image\"  src=\"https:\/\/www.europesays.com\/no\/wp-content\/uploads\/2025\/12\/1766508011_603_f811f9c1-64f7-4c50-9133-b5735831a650\"  width=\"480\"\/><\/a><\/li>\n<li><a class=\"_link_ntbth_117\" href=\"https:\/\/www.vg.no\/forfatter\/silje-kathrine-sviggum\" style=\"z-index:1\" title=\"Silje Kathrine Sviggum\" rel=\"nofollow noopener\" target=\"_blank\"><img alt=\"Bilde av Silje Kathrine Sviggum\" class=\"_image_ntbth_93\" fetchpriority=\"low\" loading=\"lazy\" decoding=\"async\" itemprop=\"image\"  src=\"https:\/\/www.europesays.com\/no\/wp-content\/uploads\/2025\/12\/1766508011_370_e676a608-6bb3-4134-98e2-0f7e4dee1ab7\"  width=\"480\"\/><\/a><\/li>\n<\/ul>\n<p> Oppdatert tirsdag 23. desember kl. 17:40     <\/p>\n<p class=\"_paragraph_o9xde_4 _paragraph_xtcu6_10 layout-component text-serif-m layout-normal text-serif-m layout-padded\">Norges Skiskytterforbund har i dag f\u00e5tt bekreftet fra italienske myndigheter at Vingrom-skiskytteren <a href=\"https:\/\/www.vg.no\/tag\/sivert-guttorm-bakken?utm_source=vg-article&amp;utm_medium=auto-tagger&amp;utm_campaign=vrQ6q4\" class=\"_link_o9xde_39\" rel=\"nofollow noopener\" target=\"_blank\">Sivert Guttorm Bakken<\/a> (27) fra Lillehammer er funnet d\u00f8d p\u00e5 sitt hotellrom i Lavaze i Italia.<\/p>\n<p class=\"_paragraph_o9xde_4 _paragraph_xtcu6_10 layout-component text-serif-m layout-normal text-serif-m layout-padded\">\u2013 Det er sjokkerende og trist. Han var en herlig type og han virket s\u00e5 livlig og optimistisk under verdenscupen i Frankrike forrige uke, sier NRKs skiskytterekspert, Torgeir Bj\u00f8rn, til VG.<\/p>\n<p class=\"_paragraph_o9xde_4 _paragraph_xtcu6_10 layout-component text-serif-m layout-normal text-serif-m layout-padded\"><strong class=\"_strong_o9xde_25\">D\u00f8ds\u00e5rsaken er per n\u00e5 ikke kjent.<\/strong><\/p>\n<p class=\"_paragraph_o9xde_4 _paragraph_xtcu6_10 layout-component text-serif-m layout-normal text-serif-m layout-padded\">\u2013 V\u00e5re tanker g\u00e5r n\u00e5 f\u00f8rst og fremst til familien til Sivert og til alle som st\u00e5r ham n\u00e6r. Vi samarbeider med italienske myndigheter p\u00e5 stedet, sier Emilie Nordskar, fungerende generalsekret\u00e6r.<\/p>\n<p class=\"_paragraph_o9xde_4 _paragraph_xtcu6_10 layout-component text-serif-m layout-normal text-serif-m layout-padded\">Ut\u00f8vere og p\u00e5r\u00f8rende vil bli fulgt opp av kriseteam og interne ressurser. Lagkamerater ber om ro i denne vanskelige tiden.<\/p>\n<p class=\"_paragraph_o9xde_4 _paragraph_xtcu6_10 layout-component text-serif-m layout-normal text-serif-m layout-padded\">Det blir \u00e5pen minnestund i Lillehammer kirke klokken 21.00 i kveld, tirsdag 23. desember, med kriseteamet p\u00e5 Lillehammer, prest og politi til stede.<\/p>\n<p><img alt=\"Bakken under 10 kilometer sprint under IBU World Cup i \u00d6stersund 6. desember 2025.  Foto: MATHIAS BERGELD \/ Bildbyr\u00e5n\" class=\"_image_qp4xg_65 layout-component layout-normal\" data-fullscreen- data-track-element-type=\"Article image fullscreen\" data-track-name=\"ImageFullscreen\" decoding=\"async\" loading=\"lazy\" height=\"4000\" itemprop=\"image\"  src=\"https:\/\/www.europesays.com\/no\/wp-content\/uploads\/2025\/12\/292bd76f-e8e8-41a2-ac1e-4faf8f501712\"  style=\"object-position:49.18333333333334% 47.4125%\" width=\"6000\"\/>Bakken under 10 kilometer sprint under IBU World Cup i \u00d6stersund 6. desember 2025.  Foto: MATHIAS BERGELD \/ Bildbyr\u00e5n<\/p>\n<p class=\"_paragraph_o9xde_4 _paragraph_xtcu6_10 layout-component text-serif-m layout-normal text-serif-m layout-padded\">I perioden 2014 til 2017 var Bakken elev ved NTG Lillehammer.<\/p>\n<p class=\"_paragraph_o9xde_4 _paragraph_xtcu6_10 layout-component text-serif-m layout-normal text-serif-m layout-padded\">27-\u00e5ringen ble lenge sett p\u00e5 som et stort talent, f\u00f8r han for alvor slo gjennom mot slutten av 2021\/22-sesongen. <\/p>\n<p class=\"_paragraph_o9xde_4 _paragraph_xtcu6_10 layout-component text-serif-m layout-normal text-serif-m layout-padded\">Han vant den avsluttende fellesstarten i Holmenkollen og ble bel\u00f8nnet med landslagsplass etter sitt store gjennombrudd.<\/p>\n<p class=\"_paragraph_o9xde_4 _paragraph_xtcu6_10 layout-component text-serif-m layout-normal text-serif-m layout-padded\">Bakken har ogs\u00e5 deltatt i vinter-OL for ungdom i 2016, der han tok flere medaljer i skiskyting \u2013 to gull og en s\u00f8lv.<\/p>\n<p><img alt=\"Foto: MATHIAS BERGELD \/ Bildbyr\u00e5n\" class=\"_image_qp4xg_65 layout-component layout-normal\" data-fullscreen- data-track-element-type=\"Article image fullscreen\" data-track-name=\"ImageFullscreen\" decoding=\"async\" loading=\"lazy\" height=\"4000\" itemprop=\"image\"  src=\"https:\/\/www.europesays.com\/no\/wp-content\/uploads\/2025\/12\/ab8fe65f-dae4-45cc-b0c3-e546b820a696\"  style=\"object-position:53.65833333333333% 44.5625%\" width=\"6000\"\/>Foto: MATHIAS BERGELD \/ Bildbyr\u00e5n<\/p>\n<p class=\"_paragraph_o9xde_4 _paragraph_xtcu6_10 layout-component text-serif-m layout-normal text-serif-m layout-padded\">Helsemessig har idrettsprofilen tidligere v\u00e6rt \u00e5pen om helseproblemer som f\u00f8lge av vaksinering under coronapandemien.<\/p>\n<p class=\"_paragraph_o9xde_4 _paragraph_xtcu6_10 layout-component text-serif-m layout-normal text-serif-m layout-padded\">I en periode var han forhindret fra \u00e5 drive toppidrett, f\u00f8r pr\u00f8ver h\u00f8sten 2023 viste at kroppen var p\u00e5 vei tilbake. Etter halvannet \u00e5r var han tilbake i trening.<\/p>\n<p class=\"_paragraph_o9xde_4 _paragraph_xtcu6_10 layout-component text-serif-m layout-normal text-serif-m layout-padded\">\u2013 Det g\u00e5r veldig mye bedre. F\u00f8rst og fremst er jeg kvitt alt av smerter og ubehag i hverdagen. Nummer to, f\u00f8lelsen og formen er bra nok til at jeg har begynt med litt trening. Det er en opptur, det ogs\u00e5, sa Bakken i et <a href=\"https:\/\/www.vg.no\/sport\/i\/y6de0J\/sivert-guttorm-bakken-tilbake-i-trening-etter-halvannet-aar\" data-track-element-type=\"Link\" data-track-id=\"link:y6de0J\" class=\"_link_o9xde_39\" rel=\"nofollow noopener\" target=\"_blank\">VG-intervju<\/a> h\u00f8sten 2023.<\/p>\n","protected":false},"excerpt":{"rendered":"Det melder skiskytterforbundet i en pressemelding. Foto: MATHIAS BERGELD \/ Bildbyr\u00e5n Oppdatert tirsdag 23. desember kl. 17:40 Norges&hellip;\n","protected":false},"author":2,"featured_media":120518,"comment_status":"","ping_status":"","sticky":false,"template":"","format":"standard","meta":{"footnotes":""},"categories":[10],"tags":[20,21,576,24,25,15,22,23,13,30,28,29,14,16,13042,26,27],"class_list":{"0":"post-120517","1":"post","2":"type-post","3":"status-publish","4":"format-standard","5":"has-post-thumbnail","7":"category-norge","8":"tag-breaking-news","9":"tag-breakingnews","10":"tag-dodsfall","11":"tag-featured-news","12":"tag-featurednews","13":"tag-headlines","14":"tag-latest-news","15":"tag-latestnews","16":"tag-news","17":"tag-no","18":"tag-norge","19":"tag-norway","20":"tag-nyheter","21":"tag-overskrifter","22":"tag-sivert-guttorm-bakken","23":"tag-top-stories","24":"tag-topstories"},"share_on_mastodon":{"url":"https:\/\/pubeurope.com\/@no\/115769876692665307","error":""},"_links":{"self":[{"href":"https:\/\/www.europesays.com\/no\/wp-json\/wp\/v2\/posts\/120517","targetHints":{"allow":["GET"]}}],"collection":[{"href":"https:\/\/www.europesays.com\/no\/wp-json\/wp\/v2\/posts"}],"about":[{"href":"https:\/\/www.europesays.com\/no\/wp-json\/wp\/v2\/types\/post"}],"author":[{"embeddable":true,"href":"https:\/\/www.europesays.com\/no\/wp-json\/wp\/v2\/users\/2"}],"replies":[{"embeddable":true,"href":"https:\/\/www.europesays.com\/no\/wp-json\/wp\/v2\/comments?post=120517"}],"version-history":[{"count":0,"href":"https:\/\/www.europesays.com\/no\/wp-json\/wp\/v2\/posts\/120517\/revisions"}],"wp:featuredmedia":[{"embeddable":true,"href":"https:\/\/www.europesays.com\/no\/wp-json\/wp\/v2\/media\/120518"}],"wp:attachment":[{"href":"https:\/\/www.europesays.com\/no\/wp-json\/wp\/v2\/media?parent=120517"}],"wp:term":[{"taxonomy":"category","embeddable":true,"href":"https:\/\/www.europesays.com\/no\/wp-json\/wp\/v2\/categories?post=120517"},{"taxonomy":"post_tag","embeddable":true,"href":"https:\/\/www.europesays.com\/no\/wp-json\/wp\/v2\/tags?post=120517"}],"curies":[{"name":"wp","href":"https:\/\/api.w.org\/{rel}","templated":true}]}}