{"id":120525,"date":"2025-12-23T16:47:07","date_gmt":"2025-12-23T16:47:07","guid":{"rendered":"https:\/\/www.europesays.com\/no\/120525\/"},"modified":"2025-12-23T16:47:07","modified_gmt":"2025-12-23T16:47:07","slug":"vanskelegare-a-fa-dei-til-a-tru-pa-nissen-nrk-buskerud-lokale-nyheter-tv-og-radio","status":"publish","type":"post","link":"https:\/\/www.europesays.com\/no\/120525\/","title":{"rendered":"Vanskelegare \u00e5 f\u00e5 dei til \u00e5 tru p\u00e5 nissen \u2013 NRK Buskerud \u2013 Lokale nyheter, TV og radio"},"content":{"rendered":"<p>\u2013 I g\u00e5r s\u00e5 m\u00f8tte eg nissen.<\/p>\n<p>Det fortel Edvard, som g\u00e5r i f\u00f8rsteklasse ved \u00c5skollen skole i Drammen.<\/p>\n<p><strong>\u2013 Han gav meg ei g\u00e5ve, men det var ikkje den ordentlege nissen. Eg s\u00e5g p\u00e5 skjegget og drog litt i det. Da s\u00e5g eg at det var pappaen min, seier han.<\/strong><\/p>\n<p>Det er h\u00f8gsesong for dei med kvite skjegg og raude frakkar. Julenissane har hektiske dagar, og ein av dei er Bent L\u00f8nrusten.<\/p>\n<p><strong>Han har vore profesjonell julenisse i over 30 \u00e5r. Men jobben har blitt vanskelegare enn f\u00f8r, synest han.<\/strong><\/p>\n<p><img decoding=\"async\"   src=\"data:image\/gif;base64,R0lGODlhAQABAIAAAAAAAP\/\/\/yH5BAEAAAAALAAAAAABAAEAAAIBRAA7\" loading=\"eager\" alt=\"En julenisse som g\u00e5r rundt i Drammens Museum. \" title=\"Foto: Karoline Forberg \/ NRK\"\/><\/p>\n<p class=\"\">Bent L\u00f8nrusten blir kalla for ein hybrid mellom julenisse og lokalhistorikar fr\u00e5 Kinnerud gard p\u00e5 Konnerud.\n<\/p>\n<p>Foto: Karoline Forberg \/ NRK<\/p>\n<p>For i ei tid med falske nyheiter og videoar som det er usikkert om ein kan stole p\u00e5, er det ikkje berre dei vaksne som har blitt meir opptatt av kva som er sant eller ikkje.<\/p>\n<p>Barn anno 2025 kan vere kjeldekritiske, meiner nissen.<\/p>\n<p>\u2013 <strong>Dei er meir p\u00e5 jakt etter \u00e5 f\u00e5 avsl\u00f8rt kven som er bak maska enn f\u00f8r. Dei g\u00e5r kjeldene sine ganske n\u00f8ye etter i saumane. Dei veit kva dei skal sj\u00e5 etter og sp\u00f8rje om. Om du ikkje er kjapp i replikken der, s\u00e5 sit du i saksa, seier han.<\/strong><\/p>\n<p>Skjegget blir sjekka f\u00f8rst<\/p>\n<p><strong>F\u00f8rsteklassingane er alle einige om at han bur p\u00e5 Nordpolen og kjem med g\u00e5ver.<\/strong><\/p>\n<p>P\u00e5 sp\u00f8rsm\u00e5l om dei trur p\u00e5 nissen, roper dei \u00abjaaa\u00bb i kor.<\/p>\n<p><strong>\u2013 Eg trur han gir g\u00e5ver til heile verda, seier Jokubas.<\/strong><\/p>\n<p>Men den krystallklare trua sl\u00e5r litt sprekkar n\u00e5r barna deler erfaringane sine om hovudpersonen i jula.<\/p>\n<p><strong>\u2013 Han har komme p\u00e5 bes\u00f8k, men eigentleg var det berre bestefar som kom, seier Nora. <\/strong><\/p>\n<p><img decoding=\"async\"   src=\"data:image\/gif;base64,R0lGODlhAQABAIAAAAAAAP\/\/\/yH5BAEAAAAALAAAAAABAAEAAAIBRAA7\" loading=\"eager\" alt=\"En gruppe med barn sitter og tegner ved et langbord. En av dem har p\u00e5 en nisselue.\" title=\"Foto: Haakon Nesse Moreau \/ NRK\"\/><\/p>\n<p class=\"\">Nokon teiknar julemiddag og nissar, mens andre teiknar drakar og monster. Edvard jobbar konsentrert med meisterverket sitt.<\/p>\n<p>Foto: Haakon Nesse Moreau \/ NRK<\/p>\n<p>\u2013 Trur du p\u00e5 nissen?<\/p>\n<p>\u2013 Nei &#8230; Eller jo, seier Theodor.<\/p>\n<p><strong>\u2013 Eg skj\u00f8nte, da nissen kom i fjor, at det var berre ei maske. Nissen er ikkje ekte.<\/strong><\/p>\n<p>\u2013 Du trur kanskje litt likevel, h\u00f8yrest det ut som?<\/p>\n<p><strong>\u2013 Lite grann, bekreftar han, mens han finpussar sj\u00f8monsteret p\u00e5 arket.<\/strong><\/p>\n<p><img decoding=\"async\"   src=\"data:image\/gif;base64,R0lGODlhAQABAIAAAAAAAP\/\/\/yH5BAEAAAAALAAAAAABAAEAAAIBRAA7\" loading=\"eager\" alt=\"En jente snurper munnen sammen mens hun ser mot kamera. Ved siden av sitter andre barn og tegner. \" title=\"Foto: Haakon Nesse Moreau \/ NRK\"\/><\/p>\n<p class=\"\">F\u00f8rsteklassingane kjenner godt til julenissar og rampenissar. Eline m\u00e5tte berre vise fram eit triks ho har l\u00e6rt. <\/p>\n<p>Foto: Haakon Nesse Moreau \/ NRK<\/p>\n<p>Skjegget er det f\u00f8rste barna p\u00e5 \u00c5skollen tar ein ekstra titt p\u00e5, for \u00e5 finne ut om det faktisk er nissen som kjem p\u00e5 bes\u00f8k.<\/p>\n<p><strong>\u2013 Vi kan sj\u00e5 bakp\u00e5 om det er strikk eller ikkje, ogs\u00e5 kan vi dra i det, seier Jonathan. <\/strong><\/p>\n<p>Ein annan ting som kan avsl\u00f8re falske nissar er kva dei seier, og korleis dei bruker stemma.<\/p>\n<p>\u2013 Han seier ikkje \u00abho-ho-ho\u00bb, sl\u00e5r Theodor fast om ein falsk nisse.<\/p>\n<p><strong>\u2013 Da vi var p\u00e5 skolefest her, s\u00e5 hadde pappa kledd seg ut. Vi visste det var han, fordi det var stemma til pappaen min, legg Nora til. <\/strong><\/p>\n<p>G\u00e5va er ikkje det viktigaste<\/p>\n<p>Kvardagsnissen kan lett bli avsl\u00f8rt, if\u00f8lge den profesjonelle akt\u00f8ren, L\u00f8nrusten.<\/p>\n<p>Dersom ein snik seg ut for \u00e5 ta p\u00e5 nissedrakta p\u00e5 julaftan, men gl\u00f8ymer \u00e5 byte sko eller ta av klokka, da blir du fort tatt p\u00e5 fersken.<\/p>\n<p>\u2013 <strong>Og stemma. Du kan rope p\u00e5 ungane dine ut av vindauget, og dei h\u00f8yrer med ein gong at det er deg. Stemma er utruleg viktig, gir han barna rett i.<\/strong><\/p>\n<p>Men han har eitt tips til alle hobbynissane og stemmeskodespelarane.<\/p>\n<p>\u2013 <strong>V\u00e5tt dopapir nede i munnen, p\u00e5 utsida av tennene. Da f\u00e5r du ein mykje holare lyd, seier mannen med skjegget.<\/strong><\/p>\n<p>        Er det vanskelegare \u00e5 f\u00e5 barna til \u00e5 tru p\u00e5 nissen?<\/p>\n<p>        Ja, dei er meir kritiske til kva dei ser og h\u00f8yrer \ud83e\udee2<\/p>\n<p>        Nei, dei er end\u00e5 lettare \u00e5 lure enn f\u00f8r \ud83e\udd2b<\/p>\n<p>        Det er ingen forskjell, dei er akkurat like lettlurte \ud83c\udf85\ud83e\udd36<\/p>\n<p>      Vis resultat<\/p>\n<p class=\"pin-nrkno-poll__disclaimer\">\n    Denne avstemningen viser ikke hva befolkningen mener om sp\u00f8rsm\u00e5let.<br \/>\n    Resultatet viser hva de som selv har valgt \u00e5 stemme mener,<br \/>\n    og avstemningen har ikke et utvalg som gj\u00f8r den representativ for alle som bor i landet.\n  <\/p>\n<p>I jobben med \u00e5 f\u00e5 skeptikarane til \u00e5 tru eitt \u00e5r til, meiner han at han kan skilte med h\u00f8g suksessrate, sj\u00f8lv n\u00e5r dei vanskelegaste sp\u00f8rsm\u00e5la dukkar opp.<\/p>\n<p>\u2013 <strong>Om dei drar av meg lua, s\u00e5 er det h\u00e5r under. Du m\u00e5 bruke litt tid og energi og pengar p\u00e5 \u00e5 bli ekte nok, om du ikkje skal bli tatt, seier han.<\/strong><\/p>\n<p><strong>For det er forskjell p\u00e5 kvantitets- og kvalitetsnissar. Berre skjegget til L\u00f8nrusten kosta 30.000 kroner, og han bruker rundt to timar p\u00e5 \u00e5 feste det til ansiktet.<\/strong><\/p>\n<p>Men han er trass alt profesjonell nisse. Nissane som er p\u00e5 heimebane treng ikkje \u00e5 gjere drakta til ei storinvestering.<\/p>\n<p>\u2013 Du treng ikkje bruke s\u00e5 mykje p\u00e5 skjegg, men ikkje kj\u00f8p dei d\u00e5rlegaste, seier han.<\/p>\n<p><img decoding=\"async\"   src=\"data:image\/gif;base64,R0lGODlhAQABAIAAAAAAAP\/\/\/yH5BAEAAAAALAAAAAABAAEAAAIBRAA7\" loading=\"eager\" alt=\"En julenisse som g\u00e5r rundt i Drammens Museum. \" title=\"Foto: Karoline Forberg \/ NRK\"\/><\/p>\n<p class=\"\">Med lang erfaring kjem ogs\u00e5 eit auge for detaljar. Drakta er blant anna av ekte vadm\u00e5l og fl\u00f8yel.<\/p>\n<p>Foto: Karoline Forberg \/ NRK<\/p>\n<p>Men L\u00f8nrusten synest ikkje berre det er leitt at barna har blitt meir kritiske.<\/p>\n<p><strong>\u2013 Da blir dei sikkert noko stort n\u00e5r dei blir vaksne. Men det er jo litt hyggeleg \u00e5 kunne fortsette denne tradisjonen med g\u00e5veutdelaren, seier Drammensnissen. <\/strong><\/p>\n<p>Sj\u00f8lv om det ikkje er g\u00e5va i seg sj\u00f8lv som er poenget.<\/p>\n<p><strong>\u2013 Vel s\u00e5 viktig er det \u00e5 kunne dele gleder med andre, seier han. Det er det vi skal pr\u00f8ve \u00e5 l\u00e6re ungane v\u00e5re: Det speler inga rolle om ein kjem fr\u00e5 Nisseland eller Nordpolen eller kor det er. Berre det er ein god person som kjem inn<\/strong> <strong>og gjer veg i vellinga, minner nissen oss p\u00e5.<\/strong><\/p>\n<p>Publisert<\/p>\n<p>23.12.2025, kl. 17.04<\/p>\n","protected":false},"excerpt":{"rendered":"\u2013 I g\u00e5r s\u00e5 m\u00f8tte eg nissen. Det fortel Edvard, som g\u00e5r i f\u00f8rsteklasse ved \u00c5skollen skole i&hellip;\n","protected":false},"author":2,"featured_media":120526,"comment_status":"","ping_status":"","sticky":false,"template":"","format":"standard","meta":{"footnotes":""},"categories":[10],"tags":[20,21,24,25,15,22,23,13,30,28,29,14,16,26,27],"class_list":{"0":"post-120525","1":"post","2":"type-post","3":"status-publish","4":"format-standard","5":"has-post-thumbnail","7":"category-norge","8":"tag-breaking-news","9":"tag-breakingnews","10":"tag-featured-news","11":"tag-featurednews","12":"tag-headlines","13":"tag-latest-news","14":"tag-latestnews","15":"tag-news","16":"tag-no","17":"tag-norge","18":"tag-norway","19":"tag-nyheter","20":"tag-overskrifter","21":"tag-top-stories","22":"tag-topstories"},"share_on_mastodon":{"url":"https:\/\/pubeurope.com\/@no\/115769903857755161","error":""},"_links":{"self":[{"href":"https:\/\/www.europesays.com\/no\/wp-json\/wp\/v2\/posts\/120525","targetHints":{"allow":["GET"]}}],"collection":[{"href":"https:\/\/www.europesays.com\/no\/wp-json\/wp\/v2\/posts"}],"about":[{"href":"https:\/\/www.europesays.com\/no\/wp-json\/wp\/v2\/types\/post"}],"author":[{"embeddable":true,"href":"https:\/\/www.europesays.com\/no\/wp-json\/wp\/v2\/users\/2"}],"replies":[{"embeddable":true,"href":"https:\/\/www.europesays.com\/no\/wp-json\/wp\/v2\/comments?post=120525"}],"version-history":[{"count":0,"href":"https:\/\/www.europesays.com\/no\/wp-json\/wp\/v2\/posts\/120525\/revisions"}],"wp:featuredmedia":[{"embeddable":true,"href":"https:\/\/www.europesays.com\/no\/wp-json\/wp\/v2\/media\/120526"}],"wp:attachment":[{"href":"https:\/\/www.europesays.com\/no\/wp-json\/wp\/v2\/media?parent=120525"}],"wp:term":[{"taxonomy":"category","embeddable":true,"href":"https:\/\/www.europesays.com\/no\/wp-json\/wp\/v2\/categories?post=120525"},{"taxonomy":"post_tag","embeddable":true,"href":"https:\/\/www.europesays.com\/no\/wp-json\/wp\/v2\/tags?post=120525"}],"curies":[{"name":"wp","href":"https:\/\/api.w.org\/{rel}","templated":true}]}}