{"id":120529,"date":"2025-12-23T16:52:22","date_gmt":"2025-12-23T16:52:22","guid":{"rendered":"https:\/\/www.europesays.com\/no\/120529\/"},"modified":"2025-12-23T16:52:22","modified_gmt":"2025-12-23T16:52:22","slug":"oppgang-pa-oslo-bors-equinor-steg-e24","status":"publish","type":"post","link":"https:\/\/www.europesays.com\/no\/120529\/","title":{"rendered":"Oppgang p\u00e5 Oslo B\u00f8rs \u2013 Equinor steg \u2013 E24"},"content":{"rendered":"<p class=\"fullWidthDesktop hyperion-css-71ztg2\" data-test-tag=\"lead-text\">Equinor-aksjen steg etter tunge havvindnyheter fra USA. <\/p>\n<p><img decoding=\"async\" class=\"image-asset hyperion-css-u06ts1\" data-test-tag=\"image-asset\" src=\"https:\/\/www.europesays.com\/no\/wp-content\/uploads\/2025\/12\/31c48405-21d6-4298-b38c-00f7fbc2743c.jpeg\"  alt=\"\"  loading=\"eager\" fetchpriority=\"high\" style=\"aspect-ratio:800 \/ 533\"\/> Foto: Erik Flaaris Johansen \/ NTBPublisert: <\/p>\n<p>I dag 09:02<\/p>\n<p>Oppdatert n\u00e5 nettopp<\/p>\n<ul class=\"hyperion-css-pte5x0\">\n<li aria-label=\"link\" class=\"narrow-button hyperion-css-1sz7d3n\">Kopier lenke<\/li>\n<li aria-label=\"link\" class=\"wide-button hyperion-css-1sz7d3n\">Kopier lenke<\/li>\n<li aria-label=\"facebook\" class=\"narrow-button hyperion-css-1sz7d3n\">Del p\u00e5 Facebook<\/li>\n<li aria-label=\"facebook\" class=\"wide-button hyperion-css-1sz7d3n\">Del p\u00e5 Facebook<\/li>\n<li aria-label=\"email\" class=\"narrow-button hyperion-css-1sz7d3n\">Del med e-post<\/li>\n<li aria-label=\"email\" class=\"wide-button hyperion-css-1sz7d3n\">Del med e-post<\/li>\n<\/ul>\n<p class=\"hyperion-css-1lemvax\">Etter \u00e5 ha ligget s\u00e5vidt i positivt terreng gjennom store deler av handelsdagen bidro en sluttspurt p\u00e5 B\u00f8rsen til \u00e5 sende Hovedindeksen opp 0,24 prosent. <\/p>\n<p class=\"hyperion-css-1lemvax\">Oljeprisen fikk seg et lite l\u00f8ft midt p\u00e5 dagen i g\u00e5r, og har holdt seg rundt de samme niv\u00e5ene etter det. Brent spot-prisen l\u00e5 p\u00e5 61,8 dollar fatet ved stengetid. <\/p>\n<p class=\"hyperion-css-1lemvax\">Slik endte det for noen av de mest omsatte aksjene p\u00e5 Oslo B\u00f8rs tirsdag:<\/p>\n<ul class=\"hyperion-css-pkq1ci\" data-test-tag=\"list\">\n<li class=\"hyperion-css-12h2ush\">Frontline falt 3,15 prosent<\/li>\n<li class=\"hyperion-css-12h2ush\">Equinor steg 0,78 prosent<\/li>\n<li class=\"hyperion-css-12h2ush\">DNB endte opp 0,53 prosent<\/li>\n<li class=\"hyperion-css-12h2ush\">Telenor steg 0,42 prosent<\/li>\n<li class=\"hyperion-css-12h2ush\">Norsk Hydro endte opp 0,46 prosent<\/li>\n<\/ul>\n<p class=\"hyperion-css-1lemvax\">Internasjonalt er det rolig stemning i aksjemarkedene, med sm\u00e5 utslag p\u00e5 Europa-b\u00f8rsene og i Asia. <\/p>\n<p><a data-test-tag=\"teaser-small:link-internal\" href=\"https:\/\/e24.no\/boers-og-finans\/i\/Ey0ggo\/hedgefond-forvaltere-disse-aksjene-ville-de-lagt-under-juletreet\" class=\"imagePosition-top inline hyperion-css-6238vu\" rel=\"nofollow noopener\" target=\"\" aria-label=\"Hedgefond-forvaltere: Disse aksjene ville de lagt under juletreet\"><\/p>\n<p>Les p\u00e5 E24+<\/p>\n<p>Hedgefond-forvaltere: Disse aksjene ville de lagt under juletreet<\/p>\n<p><\/a><\/p>\n<p class=\"hyperion-css-1lemvax\">Lille julaften er den siste dagen med handel p\u00e5 Oslo B\u00f8rs f\u00f8r jul, og en av de siste handelsdagen i \u00e5r. Det er \u00e5pent igjen mandag og tirsdag neste uke, f\u00f8r det er stengt igjen p\u00e5 nytt\u00e5rsaften.<\/p>\n<p>Stans for Equinor<\/p>\n<p class=\"hyperion-css-1lemvax\">Equinor <a data-test-tag=\"internal-link\" href=\"https:\/\/e24.no\/boers-og-finans\/i\/Okpo53\/equinor-fall-etter-amerikansk-havvindprosjekt-melding\" class=\"hyperion-css-1rezu2g\" rel=\"nofollow noopener\" target=\"\" aria-label=\"falt p\u00e5 Oslo B\u00f8rs\">falt p\u00e5 Oslo B\u00f8rs<\/a> mandag, etter nyheten om at amerikanske myndigheter igjen har satt deres <a data-test-tag=\"internal-link\" href=\"https:\/\/e24.no\/boers-og-finans\/i\/n1a9Ra\/usa-pauser-havvindprosjekter\" class=\"hyperion-css-1rezu2g\" rel=\"nofollow noopener\" target=\"\" aria-label=\"havvindprosjekt Empire Wind i New York p\u00e5 pause\">havvindprosjekt Empire Wind i New York p\u00e5 pause<\/a>.<\/p>\n<p class=\"hyperion-css-1lemvax\">Det var et av flere store havvindprosjekter som fikk stoppordre. Equinors Empire Wind-prosjekt til rundt 50 milliarder kroner skal etter planen startes opp i 2027.<\/p>\n<p class=\"hyperion-css-1lemvax\">Equinor skrev i en pressemelding mandag kveld at de etterkommer ordren om stans av p\u00e5g\u00e5ende aktiviteter i f\u00f8deralt farvann, og at Empire Wind samarbeider med relevante myndigheter for \u00e5 forst\u00e5 saken bedre.<\/p>\n<p class=\"hyperion-css-1lemvax\">Aksjen steg gjennom dagen tirsdag og landet p\u00e5 0,78 prosent.<\/p>\n<p><img decoding=\"async\" class=\"image-asset hyperion-css-u06ts1\" data-test-tag=\"image-asset\" src=\"https:\/\/www.europesays.com\/no\/wp-content\/uploads\/2025\/12\/1766508742_643_279fc035-5ea0-42d6-8971-0dbffe7495e1\"  alt=\"Deler til vindkraftutbygging oppstilt p\u00e5 South Brooklyn Marine Terminal.\"  loading=\"eager\" fetchpriority=\"high\" style=\"aspect-ratio:1900 \/ 1069\"\/>Deler til vindkraftutbygging oppstilt p\u00e5 South Brooklyn Marine Terminal. Foto: Equinor\u2013 Helt klart negativt<\/p>\n<p class=\"hyperion-css-1lemvax\">Analytiker Teodor Sveen-Nilsen i SB1 Markets mener stoppordren i USA \u00abhelt klart er negativt\u00bb, if\u00f8lge et notat.<\/p>\n<p class=\"hyperion-css-1lemvax\">Slik han forst\u00e5r det, vil ikke stansen p\u00e5virke aktiviteten p\u00e5 land helt kort sikt, og mesteparten av arbeidet til havs er planlagt for v\u00e5ren og sommeren 2026. For \u00e5 unng\u00e5 konsekvenser m\u00e5 stansen l\u00f8ftet f\u00f8r dette etter planen skal skje, p\u00e5peker han.<\/p>\n<p class=\"hyperion-css-1lemvax\">\u2013 Med en lengre stans er det helt klart en risiko for v\u00e6rvinduet, og dermed ogs\u00e5 en risiko for n\u00e5r man f\u00e5r f\u00f8rste str\u00f8m. Med \u00f8kt risiko for tidplanen, ser vi ogs\u00e5 \u00f8kt risiko for kostnader og budsjett, skriver Sveen-Nilsen.<\/p>\n<p class=\"hyperion-css-1lemvax\">Analytikeren p\u00e5peker samtidig at deres syn p\u00e5 Equinor er at aksjen har underprestert for mye sett opp mot sammenlignbare selskaper, og at de har en kj\u00f8psanbefaling p\u00e5 Equinor-aksjen.<\/p>\n","protected":false},"excerpt":{"rendered":"Equinor-aksjen steg etter tunge havvindnyheter fra USA. Foto: Erik Flaaris Johansen \/ NTBPublisert: I dag 09:02 Oppdatert n\u00e5&hellip;\n","protected":false},"author":2,"featured_media":120195,"comment_status":"","ping_status":"","sticky":false,"template":"","format":"standard","meta":{"footnotes":""},"categories":[56],"tags":[60,61,62,30,28,29],"class_list":{"0":"post-120529","1":"post","2":"type-post","3":"status-publish","4":"format-standard","5":"has-post-thumbnail","7":"category-naeringsliv","8":"tag-business","9":"tag-economy","10":"tag-naeringsliv","11":"tag-no","12":"tag-norge","13":"tag-norway"},"share_on_mastodon":{"url":"https:\/\/pubeurope.com\/@no\/115769923731979794","error":""},"_links":{"self":[{"href":"https:\/\/www.europesays.com\/no\/wp-json\/wp\/v2\/posts\/120529","targetHints":{"allow":["GET"]}}],"collection":[{"href":"https:\/\/www.europesays.com\/no\/wp-json\/wp\/v2\/posts"}],"about":[{"href":"https:\/\/www.europesays.com\/no\/wp-json\/wp\/v2\/types\/post"}],"author":[{"embeddable":true,"href":"https:\/\/www.europesays.com\/no\/wp-json\/wp\/v2\/users\/2"}],"replies":[{"embeddable":true,"href":"https:\/\/www.europesays.com\/no\/wp-json\/wp\/v2\/comments?post=120529"}],"version-history":[{"count":0,"href":"https:\/\/www.europesays.com\/no\/wp-json\/wp\/v2\/posts\/120529\/revisions"}],"wp:featuredmedia":[{"embeddable":true,"href":"https:\/\/www.europesays.com\/no\/wp-json\/wp\/v2\/media\/120195"}],"wp:attachment":[{"href":"https:\/\/www.europesays.com\/no\/wp-json\/wp\/v2\/media?parent=120529"}],"wp:term":[{"taxonomy":"category","embeddable":true,"href":"https:\/\/www.europesays.com\/no\/wp-json\/wp\/v2\/categories?post=120529"},{"taxonomy":"post_tag","embeddable":true,"href":"https:\/\/www.europesays.com\/no\/wp-json\/wp\/v2\/tags?post=120529"}],"curies":[{"name":"wp","href":"https:\/\/api.w.org\/{rel}","templated":true}]}}