{"id":120531,"date":"2025-12-23T16:55:47","date_gmt":"2025-12-23T16:55:47","guid":{"rendered":"https:\/\/www.europesays.com\/no\/120531\/"},"modified":"2025-12-23T16:55:47","modified_gmt":"2025-12-23T16:55:47","slug":"trump-mener-det-vil-vaere-smart-av-maduro-a-gi-fra-seg-makten","status":"publish","type":"post","link":"https:\/\/www.europesays.com\/no\/120531\/","title":{"rendered":"Trump mener det vil v\u00e6re smart av Maduro \u00e5 gi fra seg makten"},"content":{"rendered":"<p>USA har \u00f8kt presset mot Venezuela og trappet opp den milit\u00e6re tilstedev\u00e6relsen i farvannet utenfor det oljerike, s\u00f8ramerikanske landet. Trump har sagt at han vil innf\u00f8re en fullstendig blokade av alle tankskip som er ilagt sanksjoner.<\/p>\n<p>Mandag fikk den amerikanske presidenten sp\u00f8rsm\u00e5l fra journalister om m\u00e5let var \u00e5 tvinge Nicol\u00e1s Maduro til \u00e5 g\u00e5 av.<\/p>\n<p>\u2013 Det er opp til ham hva han vil gj\u00f8re. Jeg mener det ville v\u00e6re smart av ham \u00e5 gj\u00f8re det, svarte Trump og la til:<\/p>\n<p>\u2013 Hvis han vil gj\u00f8re noe, hvis han vil spille t\u00f8ff, s\u00e5 er det siste gang han vil v\u00e6re i stand til \u00e5 spille t\u00f8ff.<\/p>\n<p>Trump sa ogs\u00e5 at USA vil beholde tankskipene de har beslaglagt i Karibia og at oljen om bord vil inng\u00e5 i USAs strategiske oljelager.<\/p>\n<p>Maduro selv kom med et stikk tilbake til Trump noen timer senere.<\/p>\n<p>\u2013 Det vil g\u00e5 bedre for ham om han tar seg av sitt eget lands \u00f8konomiske og sosiale saker, og han ville gjort det bedre i verden om han tok seg av sitt eget lands aff\u00e6rer, sa Venezuelas president i en TV-sendt tale.<\/p>\n<p>(\u00a9NTB)<\/p>\n","protected":false},"excerpt":{"rendered":"USA har \u00f8kt presset mot Venezuela og trappet opp den milit\u00e6re tilstedev\u00e6relsen i farvannet utenfor det oljerike, s\u00f8ramerikanske&hellip;\n","protected":false},"author":2,"featured_media":120532,"comment_status":"","ping_status":"","sticky":false,"template":"","format":"standard","meta":{"footnotes":""},"categories":[5],"tags":[20,21,24,25,15,19,22,23,17,18,13,30,28,29,14,16,26,27],"class_list":{"0":"post-120531","1":"post","2":"type-post","3":"status-publish","4":"format-standard","5":"has-post-thumbnail","7":"category-overskrifter","8":"tag-breaking-news","9":"tag-breakingnews","10":"tag-featured-news","11":"tag-featurednews","12":"tag-headlines","13":"tag-hovedoppslag","14":"tag-latest-news","15":"tag-latestnews","16":"tag-main-news","17":"tag-mainnews","18":"tag-news","19":"tag-no","20":"tag-norge","21":"tag-norway","22":"tag-nyheter","23":"tag-overskrifter","24":"tag-top-stories","25":"tag-topstories"},"share_on_mastodon":{"url":"https:\/\/pubeurope.com\/@no\/115769939252315944","error":""},"_links":{"self":[{"href":"https:\/\/www.europesays.com\/no\/wp-json\/wp\/v2\/posts\/120531","targetHints":{"allow":["GET"]}}],"collection":[{"href":"https:\/\/www.europesays.com\/no\/wp-json\/wp\/v2\/posts"}],"about":[{"href":"https:\/\/www.europesays.com\/no\/wp-json\/wp\/v2\/types\/post"}],"author":[{"embeddable":true,"href":"https:\/\/www.europesays.com\/no\/wp-json\/wp\/v2\/users\/2"}],"replies":[{"embeddable":true,"href":"https:\/\/www.europesays.com\/no\/wp-json\/wp\/v2\/comments?post=120531"}],"version-history":[{"count":0,"href":"https:\/\/www.europesays.com\/no\/wp-json\/wp\/v2\/posts\/120531\/revisions"}],"wp:featuredmedia":[{"embeddable":true,"href":"https:\/\/www.europesays.com\/no\/wp-json\/wp\/v2\/media\/120532"}],"wp:attachment":[{"href":"https:\/\/www.europesays.com\/no\/wp-json\/wp\/v2\/media?parent=120531"}],"wp:term":[{"taxonomy":"category","embeddable":true,"href":"https:\/\/www.europesays.com\/no\/wp-json\/wp\/v2\/categories?post=120531"},{"taxonomy":"post_tag","embeddable":true,"href":"https:\/\/www.europesays.com\/no\/wp-json\/wp\/v2\/tags?post=120531"}],"curies":[{"name":"wp","href":"https:\/\/api.w.org\/{rel}","templated":true}]}}