{"id":120533,"date":"2025-12-23T16:59:52","date_gmt":"2025-12-23T16:59:52","guid":{"rendered":"https:\/\/www.europesays.com\/no\/120533\/"},"modified":"2025-12-23T16:59:52","modified_gmt":"2025-12-23T16:59:52","slug":"usas-okonomi-mye-sterkere-enn-ventet","status":"publish","type":"post","link":"https:\/\/www.europesays.com\/no\/120533\/","title":{"rendered":"USAs \u00f8konomi: Mye sterkere enn ventet"},"content":{"rendered":"<p font-size=\"\" background-color=\"\">USAs \u00f8konomi vokste med 4,3 prosent i tredje kvartal, viser ferske estimater fra\u00a0U.S. Bureau of Economic Analysis tirsdag. Det er den sterkeste amerikanske BNP-veksten siden tredje kvartal 2023.<\/p>\n<p><b>P\u00e5 forh\u00e5nd var det ventet en vekst p\u00e5 3,3 prosent, if\u00f8lge Trading Economics, som viser til at v<\/b>eksten hovedsakelig reflekterer \u00f8kt privatforbruk, \u00f8kt eksport og \u00f8kt offentlig pengebruk.<\/p>\n<p font-size=\"\" background-color=\"\">De endelige tallene for USAs BNP i andre kvartal viste en <a href=\"https:\/\/www.finansavisen.no\/makro\/2025\/09\/25\/8295636\/usas-okonomi-mye-sterkere-enn-forst-meldt\" target=\"_blank\" rel=\"nofollow noopener\">\u00f8konomisk vekst p\u00e5 3,8 prosent <\/a>. De\u00a0<a href=\"https:\/\/www.finansavisen.no\/tdn\/2025\/07\/30\/06483313\/usa-bnp-annualisert-est-3-0-i-2.kv-ventet-2-4\" target=\"_blank\" rel=\"nofollow noopener\">innledende estimatene <\/a> hadde f\u00f8rst pekt mot en vekst p\u00e5 3,0 prosent, etter en\u00a0<a href=\"https:\/\/www.finansavisen.no\/makro\/2025\/06\/26\/8274648\/mye-verre-enn-ventet\" target=\"_blank\" rel=\"nofollow noopener\">tilbakegang p\u00e5 0,5 prosent i f\u00f8rste kvartal<\/a>.<\/p>\n<p>Tredjekvartalstallene er de f\u00f8rste BNP-tallene etter nedstengningen av statsapparatet i USA, som varte fra 1. oktober til 12. november. Opprinnelig skulle de f\u00f8rste estimatene blitt offentliggjort 30. oktober, if\u00f8lge <a href=\"https:\/\/www.bloomberg.com\/news\/articles\/2025-12-23\/us-economy-expanded-at-4-3-pace-fastest-in-two-years\" target=\"_blank\" rel=\"nofollow noopener\">Bloomberg<\/a>.<\/p>\n<p>Det er ventet at tallene for fjerde kvartal vil bli tynget av nedstengningen, etterfulgt av et dempet oppsving igjen i 2026, if\u00f8lge nyhetsbyr\u00e5et.<\/p>\n<p class=\"subhead\" data-element-type=\"subhead\" data-element-label=\"Mellomtittel\">Mye h\u00f8yere prisvekst<\/p>\n<p>Tirsdag er det ogs\u00e5 offentliggjort nye tall for BNP-prisindeksen, kjent som BNP-deflatoren, som dekker alle varer og tjenester produsert i landet, inkludert eksport, men ekskludert import.<\/p>\n<p>Disse viser en prisvekst p\u00e5 3,7 prosent i tredje kvartal, mot 2,1 prosent kvartalet f\u00f8r og konsensus p\u00e5 2,7 prosent.<\/p>\n<p>PCE-prisveksten (personal consumption expenditures) ekskludert mat og energi\u00a0\u2013 Federal Reserves foretrukne inflasjonsm\u00e5l\u00a0\u2013 viser en vekst p\u00e5 2,9 prosent i tredje kvartal, opp fra 2,6 prosent kvartalet f\u00f8r. Konsensus var p\u00e5 2,9 prosent, if\u00f8lge Trading Economics.<\/p>\n","protected":false},"excerpt":{"rendered":"USAs \u00f8konomi vokste med 4,3 prosent i tredje kvartal, viser ferske estimater fra\u00a0U.S. Bureau of Economic Analysis tirsdag.&hellip;\n","protected":false},"author":2,"featured_media":120534,"comment_status":"","ping_status":"","sticky":false,"template":"","format":"standard","meta":{"footnotes":""},"categories":[56],"tags":[60,61,62,30,28,29],"class_list":{"0":"post-120533","1":"post","2":"type-post","3":"status-publish","4":"format-standard","5":"has-post-thumbnail","7":"category-naeringsliv","8":"tag-business","9":"tag-economy","10":"tag-naeringsliv","11":"tag-no","12":"tag-norge","13":"tag-norway"},"share_on_mastodon":{"url":"https:\/\/pubeurope.com\/@no\/115769955007103029","error":""},"_links":{"self":[{"href":"https:\/\/www.europesays.com\/no\/wp-json\/wp\/v2\/posts\/120533","targetHints":{"allow":["GET"]}}],"collection":[{"href":"https:\/\/www.europesays.com\/no\/wp-json\/wp\/v2\/posts"}],"about":[{"href":"https:\/\/www.europesays.com\/no\/wp-json\/wp\/v2\/types\/post"}],"author":[{"embeddable":true,"href":"https:\/\/www.europesays.com\/no\/wp-json\/wp\/v2\/users\/2"}],"replies":[{"embeddable":true,"href":"https:\/\/www.europesays.com\/no\/wp-json\/wp\/v2\/comments?post=120533"}],"version-history":[{"count":0,"href":"https:\/\/www.europesays.com\/no\/wp-json\/wp\/v2\/posts\/120533\/revisions"}],"wp:featuredmedia":[{"embeddable":true,"href":"https:\/\/www.europesays.com\/no\/wp-json\/wp\/v2\/media\/120534"}],"wp:attachment":[{"href":"https:\/\/www.europesays.com\/no\/wp-json\/wp\/v2\/media?parent=120533"}],"wp:term":[{"taxonomy":"category","embeddable":true,"href":"https:\/\/www.europesays.com\/no\/wp-json\/wp\/v2\/categories?post=120533"},{"taxonomy":"post_tag","embeddable":true,"href":"https:\/\/www.europesays.com\/no\/wp-json\/wp\/v2\/tags?post=120533"}],"curies":[{"name":"wp","href":"https:\/\/api.w.org\/{rel}","templated":true}]}}